{"id":38261,"date":"2026-02-10T19:32:33","date_gmt":"2026-02-10T23:32:33","guid":{"rendered":"https:\/\/blogdalucianaoliveira.com.br\/blog\/?p=38261"},"modified":"2026-02-10T19:32:33","modified_gmt":"2026-02-10T23:32:33","slug":"recomendacao-pede-medidas-de-adaptacao-climatica-para-as-comunidades-ribeirinhas-do-rio-madeira-ro","status":"publish","type":"post","link":"http:\/\/blogdalucianaoliveira.com.br\/blog\/2026\/02\/10\/recomendacao-pede-medidas-de-adaptacao-climatica-para-as-comunidades-ribeirinhas-do-rio-madeira-ro\/","title":{"rendered":"Recomenda\u00e7\u00e3o pede medidas de adapta\u00e7\u00e3o clim\u00e1tica para as comunidades ribeirinhas do Rio Madeira (RO)"},"content":{"rendered":"<p><img data-recalc-dims=\"1\" loading=\"lazy\" decoding=\"async\" data-attachment-id=\"38262\" data-permalink=\"http:\/\/blogdalucianaoliveira.com.br\/blog\/2026\/02\/10\/recomendacao-pede-medidas-de-adaptacao-climatica-para-as-comunidades-ribeirinhas-do-rio-madeira-ro\/screenshot-6\/\" data-orig-file=\"https:\/\/i0.wp.com\/blogdalucianaoliveira.com.br\/blog\/wp-content\/uploads\/2026\/02\/IMG_6598.jpeg?fit=1015%2C597\" data-orig-size=\"1015,597\" data-comments-opened=\"0\" data-image-meta=\"{&quot;aperture&quot;:&quot;0&quot;,&quot;credit&quot;:&quot;&quot;,&quot;camera&quot;:&quot;&quot;,&quot;caption&quot;:&quot;Screenshot&quot;,&quot;created_timestamp&quot;:&quot;1770751906&quot;,&quot;copyright&quot;:&quot;&quot;,&quot;focal_length&quot;:&quot;0&quot;,&quot;iso&quot;:&quot;0&quot;,&quot;shutter_speed&quot;:&quot;0&quot;,&quot;title&quot;:&quot;Screenshot&quot;,&quot;orientation&quot;:&quot;1&quot;}\" data-image-title=\"Screenshot\" data-image-description=\"\" data-image-caption=\"&lt;p&gt;Screenshot&lt;\/p&gt;\n\" data-medium-file=\"https:\/\/i0.wp.com\/blogdalucianaoliveira.com.br\/blog\/wp-content\/uploads\/2026\/02\/IMG_6598.jpeg?fit=300%2C176\" data-large-file=\"https:\/\/i0.wp.com\/blogdalucianaoliveira.com.br\/blog\/wp-content\/uploads\/2026\/02\/IMG_6598.jpeg?fit=600%2C353\" class=\"size-medium wp-image-38262\" src=\"https:\/\/i0.wp.com\/blogdalucianaoliveira.com.br\/blog\/wp-content\/uploads\/2026\/02\/IMG_6598.jpeg?resize=300%2C176\" alt=\"\" width=\"300\" height=\"176\" srcset=\"https:\/\/i0.wp.com\/blogdalucianaoliveira.com.br\/blog\/wp-content\/uploads\/2026\/02\/IMG_6598.jpeg?resize=300%2C176 300w, https:\/\/i0.wp.com\/blogdalucianaoliveira.com.br\/blog\/wp-content\/uploads\/2026\/02\/IMG_6598.jpeg?resize=768%2C452 768w, https:\/\/i0.wp.com\/blogdalucianaoliveira.com.br\/blog\/wp-content\/uploads\/2026\/02\/IMG_6598.jpeg?resize=510%2C300 510w, https:\/\/i0.wp.com\/blogdalucianaoliveira.com.br\/blog\/wp-content\/uploads\/2026\/02\/IMG_6598.jpeg?w=1015 1015w\" sizes=\"auto, (max-width: 300px) 100vw, 300px\" \/><\/p>\n<p>Documento conjunto do MPF, MPT e DPU indica instala\u00e7\u00e3o de abrigos e ado\u00e7\u00e3o de sistemas de alerta para reduzir riscos das cheias extraordin\u00e1rias<!--more--><\/p>\n<p>Da assessoria &#8211; O Minist\u00e9rio P\u00fablico Federal (MPF), o Minist\u00e9rio P\u00fablico do Trabalho (MPT) e a Defensoria P\u00fablica da Uni\u00e3o (DPU) enviaram recomenda\u00e7\u00e3o conjunta \u00e0 prefeitura de Porto Velho, ao estado de Rond\u00f4nia e \u00e0 Uni\u00e3o para garantir a prote\u00e7\u00e3o das comunidades ribeirinhas do Rio Madeira. A medida busca a ado\u00e7\u00e3o de medidas preventivas diante do risco recorrente de cheias e eventos clim\u00e1ticos extremos na regi\u00e3o<\/p>\n<p>A recomenda\u00e7\u00e3o considera que, entre mar\u00e7o e abril de 2025, o Rio Madeira atingiu n\u00edveis pr\u00f3ximos \u00e0 cota de inunda\u00e7\u00e3o (17 metros), afetando diretamente dezenas de comunidades ribeirinhas e colocando outras em situa\u00e7\u00e3o de alerta, conforme dados da Defesa Civil e boletins oficiais de monitoramento hidrol\u00f3gico. O documento tamb\u00e9m relembra impactos hist\u00f3ricos, como a cheia de 2014, que atingiu mais de 30 mil fam\u00edlias em Porto Velho e munic\u00edpios do entorno.<\/p>\n<p>Segundo o MPF, as comunidades ribeirinhas encontram-se historicamente instaladas em \u00e1reas de v\u00e1rzea e sofrem impactos significativos, mesmo antes de atingir a cota oficial de inunda\u00e7\u00e3o, com perdas recorrentes de bens, instrumentos de trabalho e meios de subsist\u00eancia. Vistorias realizadas pelo projeto MPF na Comunidade, em 12 localidades do Baixo Rio Madeira, evidenciaram a aus\u00eancia de planejamento adequado, de sistemas de alerta eficazes e de abrigos estruturados para a popula\u00e7\u00e3o afetada.<\/p>\n<p><strong>Medidas recomendadas \u2013<\/strong> Diante desse cen\u00e1rio, MPF, MPT e DPU recomendaram, em car\u00e1ter emergencial e preventivo, a elabora\u00e7\u00e3o e a implementa\u00e7\u00e3o de projetos para instala\u00e7\u00e3o de abrigos provis\u00f3rios nas comunidades ribeirinhas, bem como a cria\u00e7\u00e3o de sistemas de alerta por sirenes, integrados a mecanismos de monitoramento do n\u00edvel do rio em tempo real. Tamb\u00e9m foi indicada a ado\u00e7\u00e3o de sistemas de alerta por mensagens via telefonia celular ou internet, em articula\u00e7\u00e3o entre os entes federativos, respeitando as limita\u00e7\u00f5es de acesso tecnol\u00f3gico das comunidades.<\/p>\n<p>Como medida estrutural e permanente de adapta\u00e7\u00e3o clim\u00e1tica, a recomenda\u00e7\u00e3o prev\u00ea ainda a elabora\u00e7\u00e3o e a execu\u00e7\u00e3o de plano para a constru\u00e7\u00e3o de abrigos definitivos em \u00e1reas seguras, fora das zonas de inunda\u00e7\u00e3o. O documento tamb\u00e9m prev\u00ea que eixos transversais como sa\u00fade e seguran\u00e7a no trabalho das equipes envolvidas e a prote\u00e7\u00e3o dos meios tradicionais de subsist\u00eancia das popula\u00e7\u00f5es ribeirinhas, reconhecidas como povos e comunidades tradicionais, devem ser considerados.<\/p>\n<p>Al\u00e9m disso, o documento prev\u00ea a realiza\u00e7\u00e3o de reuni\u00e3o para definir, de forma conjunta, as responsabilidades operacionais e financeiras e o cronograma de execu\u00e7\u00e3o das a\u00e7\u00f5es recomendadas.<\/p>\n<p>Por fim, os \u00f3rg\u00e3os fixaram o prazo de 10 dias para que os destinat\u00e1rios se manifestem sobre o cumprimento ou n\u00e3o das medidas indicadas. A aus\u00eancia de resposta poder\u00e1 ensejar a ado\u00e7\u00e3o de provid\u00eancias judiciais cab\u00edveis.<\/p>\n","protected":false},"excerpt":{"rendered":"<p>Documento conjunto do MPF, MPT e DPU indica instala\u00e7\u00e3o de abrigos e ado\u00e7\u00e3o de sistemas de alerta para reduzir riscos das cheias extraordin\u00e1rias<\/p>\n","protected":false},"author":1,"featured_media":0,"comment_status":"closed","ping_status":"open","sticky":false,"template":"","format":"standard","meta":{"_exactmetrics_skip_tracking":false,"_exactmetrics_sitenote_active":false,"_exactmetrics_sitenote_note":"","_exactmetrics_sitenote_category":0,"jetpack_post_was_ever_published":false,"_jetpack_newsletter_access":"","_jetpack_dont_email_post_to_subs":false,"_jetpack_newsletter_tier_id":0,"_jetpack_memberships_contains_paywalled_content":false,"_jetpack_memberships_contains_paid_content":false,"footnotes":"","jetpack_publicize_message":"","jetpack_publicize_feature_enabled":true,"jetpack_social_post_already_shared":true,"jetpack_social_options":{"image_generator_settings":{"template":"highway","enabled":false},"version":2}},"categories":[1],"tags":[],"class_list":["post-38261","post","type-post","status-publish","format-standard","hentry","category-notas"],"jetpack_publicize_connections":[],"jetpack_sharing_enabled":true,"jetpack_featured_media_url":"","jetpack_shortlink":"https:\/\/wp.me\/p7wKYW-9X7","jetpack-related-posts":[],"_links":{"self":[{"href":"http:\/\/blogdalucianaoliveira.com.br\/blog\/wp-json\/wp\/v2\/posts\/38261","targetHints":{"allow":["GET"]}}],"collection":[{"href":"http:\/\/blogdalucianaoliveira.com.br\/blog\/wp-json\/wp\/v2\/posts"}],"about":[{"href":"http:\/\/blogdalucianaoliveira.com.br\/blog\/wp-json\/wp\/v2\/types\/post"}],"author":[{"embeddable":true,"href":"http:\/\/blogdalucianaoliveira.com.br\/blog\/wp-json\/wp\/v2\/users\/1"}],"replies":[{"embeddable":true,"href":"http:\/\/blogdalucianaoliveira.com.br\/blog\/wp-json\/wp\/v2\/comments?post=38261"}],"version-history":[{"count":1,"href":"http:\/\/blogdalucianaoliveira.com.br\/blog\/wp-json\/wp\/v2\/posts\/38261\/revisions"}],"predecessor-version":[{"id":38263,"href":"http:\/\/blogdalucianaoliveira.com.br\/blog\/wp-json\/wp\/v2\/posts\/38261\/revisions\/38263"}],"wp:attachment":[{"href":"http:\/\/blogdalucianaoliveira.com.br\/blog\/wp-json\/wp\/v2\/media?parent=38261"}],"wp:term":[{"taxonomy":"category","embeddable":true,"href":"http:\/\/blogdalucianaoliveira.com.br\/blog\/wp-json\/wp\/v2\/categories?post=38261"},{"taxonomy":"post_tag","embeddable":true,"href":"http:\/\/blogdalucianaoliveira.com.br\/blog\/wp-json\/wp\/v2\/tags?post=38261"}],"curies":[{"name":"wp","href":"https:\/\/api.w.org\/{rel}","templated":true}]}}