{"id":38267,"date":"2026-02-10T19:40:05","date_gmt":"2026-02-10T23:40:05","guid":{"rendered":"https:\/\/blogdalucianaoliveira.com.br\/blog\/?p=38267"},"modified":"2026-02-10T19:40:05","modified_gmt":"2026-02-10T23:40:05","slug":"fortalecimento-do-comite-crianca-protegida-com-participacao-da-sociedade-e-defendido-por-claudia-de-jesus","status":"publish","type":"post","link":"http:\/\/blogdalucianaoliveira.com.br\/blog\/2026\/02\/10\/fortalecimento-do-comite-crianca-protegida-com-participacao-da-sociedade-e-defendido-por-claudia-de-jesus\/","title":{"rendered":"Fortalecimento do Comit\u00ea Crian\u00e7a Protegida com participa\u00e7\u00e3o da sociedade \u00e9 defendido por Cl\u00e1udia de Jesus"},"content":{"rendered":"<p><img data-recalc-dims=\"1\" loading=\"lazy\" decoding=\"async\" data-attachment-id=\"38269\" data-permalink=\"http:\/\/blogdalucianaoliveira.com.br\/blog\/2026\/02\/10\/fortalecimento-do-comite-crianca-protegida-com-participacao-da-sociedade-e-defendido-por-claudia-de-jesus\/img_6600\/\" data-orig-file=\"https:\/\/i0.wp.com\/blogdalucianaoliveira.com.br\/blog\/wp-content\/uploads\/2026\/02\/IMG_6600.jpeg?fit=1620%2C1080\" data-orig-size=\"1620,1080\" data-comments-opened=\"0\" data-image-meta=\"{&quot;aperture&quot;:&quot;5&quot;,&quot;credit&quot;:&quot;&quot;,&quot;camera&quot;:&quot;Canon EOS Rebel SL3&quot;,&quot;caption&quot;:&quot;&quot;,&quot;created_timestamp&quot;:&quot;1770643933&quot;,&quot;copyright&quot;:&quot;&quot;,&quot;focal_length&quot;:&quot;32&quot;,&quot;iso&quot;:&quot;1600&quot;,&quot;shutter_speed&quot;:&quot;0.008&quot;,&quot;title&quot;:&quot;&quot;,&quot;orientation&quot;:&quot;0&quot;}\" data-image-title=\"IMG_6600\" data-image-description=\"\" data-image-caption=\"\" data-medium-file=\"https:\/\/i0.wp.com\/blogdalucianaoliveira.com.br\/blog\/wp-content\/uploads\/2026\/02\/IMG_6600.jpeg?fit=300%2C200\" data-large-file=\"https:\/\/i0.wp.com\/blogdalucianaoliveira.com.br\/blog\/wp-content\/uploads\/2026\/02\/IMG_6600.jpeg?fit=600%2C400\" class=\"alignnone size-medium wp-image-38269\" src=\"https:\/\/i0.wp.com\/blogdalucianaoliveira.com.br\/blog\/wp-content\/uploads\/2026\/02\/IMG_6600.jpeg?resize=300%2C200\" alt=\"\" width=\"300\" height=\"200\" srcset=\"https:\/\/i0.wp.com\/blogdalucianaoliveira.com.br\/blog\/wp-content\/uploads\/2026\/02\/IMG_6600.jpeg?resize=300%2C200 300w, https:\/\/i0.wp.com\/blogdalucianaoliveira.com.br\/blog\/wp-content\/uploads\/2026\/02\/IMG_6600.jpeg?resize=1024%2C683 1024w, https:\/\/i0.wp.com\/blogdalucianaoliveira.com.br\/blog\/wp-content\/uploads\/2026\/02\/IMG_6600.jpeg?resize=768%2C512 768w, https:\/\/i0.wp.com\/blogdalucianaoliveira.com.br\/blog\/wp-content\/uploads\/2026\/02\/IMG_6600.jpeg?resize=1536%2C1024 1536w, https:\/\/i0.wp.com\/blogdalucianaoliveira.com.br\/blog\/wp-content\/uploads\/2026\/02\/IMG_6600.jpeg?resize=450%2C300 450w, https:\/\/i0.wp.com\/blogdalucianaoliveira.com.br\/blog\/wp-content\/uploads\/2026\/02\/IMG_6600.jpeg?w=1620 1620w, https:\/\/i0.wp.com\/blogdalucianaoliveira.com.br\/blog\/wp-content\/uploads\/2026\/02\/IMG_6600.jpeg?w=1200 1200w\" sizes=\"auto, (max-width: 300px) 100vw, 300px\" \/><\/p>\n<p>Indica\u00e7\u00e3o busca garantir presen\u00e7a da sociedade e dar mais transpar\u00eancia \u00e0 composi\u00e7\u00e3o do colegiado.<\/p>\n<p><!--more--><\/p>\n<p>A deputada estadual Cl\u00e1udia de Jesus (PT) apresentou indica\u00e7\u00e3o ao governo do estado solicitando que a sociedade civil organizada passe a integrar oficialmente o Comit\u00ea Estadual Interinstitucional Permanente Crian\u00e7a Protegida. Al\u00e9m disso, a parlamentar pede que o Executivo informe quais crit\u00e9rios foram utilizados para definir a atual composi\u00e7\u00e3o do colegiado.<\/p>\n<p>Segundo a deputada, a participa\u00e7\u00e3o da sociedade \u00e9 fundamental nas pol\u00edticas p\u00fablicas voltadas \u00e0 inf\u00e2ncia e adolesc\u00eancia, conforme estabelece a Constitui\u00e7\u00e3o Federal do Brasil e o Estatuto da Crian\u00e7a e do Adolescente. Para ela, a presen\u00e7a de organiza\u00e7\u00f5es sociais, conselhos e entidades que atuam diretamente na defesa dos direitos das crian\u00e7as fortalece o controle social, amplia o di\u00e1logo e torna as decis\u00f5es mais representativas.<\/p>\n<p>\u201cA prote\u00e7\u00e3o das crian\u00e7as \u00e9 responsabilidade da fam\u00edlia, da sociedade e do Estado. Por isso, \u00e9 essencial que o comit\u00ea tenha a participa\u00e7\u00e3o da sociedade civil, garantindo mais transpar\u00eancia e efetividade nas a\u00e7\u00f5es\u201d, afirmou Cl\u00e1udia de Jesus.<\/p>\n","protected":false},"excerpt":{"rendered":"<p>Indica\u00e7\u00e3o busca garantir presen\u00e7a da sociedade e dar mais transpar\u00eancia \u00e0 composi\u00e7\u00e3o do colegiado.<\/p>\n","protected":false},"author":1,"featured_media":0,"comment_status":"closed","ping_status":"open","sticky":false,"template":"","format":"standard","meta":{"_exactmetrics_skip_tracking":false,"_exactmetrics_sitenote_active":false,"_exactmetrics_sitenote_note":"","_exactmetrics_sitenote_category":0,"jetpack_post_was_ever_published":false,"_jetpack_newsletter_access":"","_jetpack_dont_email_post_to_subs":false,"_jetpack_newsletter_tier_id":0,"_jetpack_memberships_contains_paywalled_content":false,"_jetpack_memberships_contains_paid_content":false,"footnotes":"","jetpack_publicize_message":"","jetpack_publicize_feature_enabled":true,"jetpack_social_post_already_shared":true,"jetpack_social_options":{"image_generator_settings":{"template":"highway","enabled":false},"version":2}},"categories":[1],"tags":[],"class_list":["post-38267","post","type-post","status-publish","format-standard","hentry","category-notas"],"jetpack_publicize_connections":[],"jetpack_sharing_enabled":true,"jetpack_featured_media_url":"","jetpack_shortlink":"https:\/\/wp.me\/p7wKYW-9Xd","jetpack-related-posts":[],"_links":{"self":[{"href":"http:\/\/blogdalucianaoliveira.com.br\/blog\/wp-json\/wp\/v2\/posts\/38267","targetHints":{"allow":["GET"]}}],"collection":[{"href":"http:\/\/blogdalucianaoliveira.com.br\/blog\/wp-json\/wp\/v2\/posts"}],"about":[{"href":"http:\/\/blogdalucianaoliveira.com.br\/blog\/wp-json\/wp\/v2\/types\/post"}],"author":[{"embeddable":true,"href":"http:\/\/blogdalucianaoliveira.com.br\/blog\/wp-json\/wp\/v2\/users\/1"}],"replies":[{"embeddable":true,"href":"http:\/\/blogdalucianaoliveira.com.br\/blog\/wp-json\/wp\/v2\/comments?post=38267"}],"version-history":[{"count":1,"href":"http:\/\/blogdalucianaoliveira.com.br\/blog\/wp-json\/wp\/v2\/posts\/38267\/revisions"}],"predecessor-version":[{"id":38270,"href":"http:\/\/blogdalucianaoliveira.com.br\/blog\/wp-json\/wp\/v2\/posts\/38267\/revisions\/38270"}],"wp:attachment":[{"href":"http:\/\/blogdalucianaoliveira.com.br\/blog\/wp-json\/wp\/v2\/media?parent=38267"}],"wp:term":[{"taxonomy":"category","embeddable":true,"href":"http:\/\/blogdalucianaoliveira.com.br\/blog\/wp-json\/wp\/v2\/categories?post=38267"},{"taxonomy":"post_tag","embeddable":true,"href":"http:\/\/blogdalucianaoliveira.com.br\/blog\/wp-json\/wp\/v2\/tags?post=38267"}],"curies":[{"name":"wp","href":"https:\/\/api.w.org\/{rel}","templated":true}]}}