{"id":38275,"date":"2026-02-10T20:03:39","date_gmt":"2026-02-11T00:03:39","guid":{"rendered":"https:\/\/blogdalucianaoliveira.com.br\/blog\/?p=38275"},"modified":"2026-02-10T20:03:39","modified_gmt":"2026-02-11T00:03:39","slug":"ipea-diz-que-mercado-de-trabalho-pode-absorver-fim-da-escala-6x1","status":"publish","type":"post","link":"http:\/\/blogdalucianaoliveira.com.br\/blog\/2026\/02\/10\/ipea-diz-que-mercado-de-trabalho-pode-absorver-fim-da-escala-6x1\/","title":{"rendered":"Ipea diz que mercado de trabalho pode absorver fim da escala 6&#215;1"},"content":{"rendered":"<p><img data-recalc-dims=\"1\" loading=\"lazy\" decoding=\"async\" data-attachment-id=\"38276\" data-permalink=\"http:\/\/blogdalucianaoliveira.com.br\/blog\/2026\/02\/10\/ipea-diz-que-mercado-de-trabalho-pode-absorver-fim-da-escala-6x1\/img_6602\/\" data-orig-file=\"https:\/\/i0.wp.com\/blogdalucianaoliveira.com.br\/blog\/wp-content\/uploads\/2026\/02\/IMG_6602.webp?fit=1170%2C700\" data-orig-size=\"1170,700\" data-comments-opened=\"0\" data-image-meta=\"{&quot;aperture&quot;:&quot;0&quot;,&quot;credit&quot;:&quot;&quot;,&quot;camera&quot;:&quot;&quot;,&quot;caption&quot;:&quot;&quot;,&quot;created_timestamp&quot;:&quot;0&quot;,&quot;copyright&quot;:&quot;&quot;,&quot;focal_length&quot;:&quot;0&quot;,&quot;iso&quot;:&quot;0&quot;,&quot;shutter_speed&quot;:&quot;0&quot;,&quot;title&quot;:&quot;&quot;,&quot;orientation&quot;:&quot;0&quot;}\" data-image-title=\"IMG_6602\" data-image-description=\"\" data-image-caption=\"\" data-medium-file=\"https:\/\/i0.wp.com\/blogdalucianaoliveira.com.br\/blog\/wp-content\/uploads\/2026\/02\/IMG_6602.webp?fit=300%2C179\" data-large-file=\"https:\/\/i0.wp.com\/blogdalucianaoliveira.com.br\/blog\/wp-content\/uploads\/2026\/02\/IMG_6602.webp?fit=600%2C359\" class=\"alignnone size-medium wp-image-38276\" src=\"https:\/\/i0.wp.com\/blogdalucianaoliveira.com.br\/blog\/wp-content\/uploads\/2026\/02\/IMG_6602.webp?resize=300%2C179\" alt=\"\" width=\"300\" height=\"179\" srcset=\"https:\/\/i0.wp.com\/blogdalucianaoliveira.com.br\/blog\/wp-content\/uploads\/2026\/02\/IMG_6602.webp?resize=300%2C179 300w, https:\/\/i0.wp.com\/blogdalucianaoliveira.com.br\/blog\/wp-content\/uploads\/2026\/02\/IMG_6602.webp?resize=1024%2C613 1024w, https:\/\/i0.wp.com\/blogdalucianaoliveira.com.br\/blog\/wp-content\/uploads\/2026\/02\/IMG_6602.webp?resize=768%2C459 768w, https:\/\/i0.wp.com\/blogdalucianaoliveira.com.br\/blog\/wp-content\/uploads\/2026\/02\/IMG_6602.webp?resize=501%2C300 501w, https:\/\/i0.wp.com\/blogdalucianaoliveira.com.br\/blog\/wp-content\/uploads\/2026\/02\/IMG_6602.webp?w=1170 1170w\" sizes=\"auto, (max-width: 300px) 100vw, 300px\" \/><br \/>\nImpacto no custo atingiria menos de 1% em grandes setores<!--more--><\/p>\n<p>Ag\u00eancia Brasil &#8211; Os custos de uma eventual redu\u00e7\u00e3o da jornada de trabalho para 40 horas semanais seriam similares aos impactos observados em reajustes hist\u00f3ricos do sal\u00e1rio m\u00ednimo no Brasil, o que indica uma capacidade de absor\u00e7\u00e3o da medida pelo mercado de trabalho. <img data-recalc-dims=\"1\" decoding=\"async\" src=\"https:\/\/i0.wp.com\/agenciabrasil.ebc.com.br\/ebc.png?w=600&#038;ssl=1\" \/><img data-recalc-dims=\"1\" decoding=\"async\" src=\"https:\/\/i0.wp.com\/agenciabrasil.ebc.com.br\/ebc.gif?w=600&#038;ssl=1\" \/><\/p>\n<p><strong>A conclus\u00e3o \u00e9 de estudo publicado nesta ter\u00e7a-feira (10) pelo Instituto de Pesquisa Econ\u00f4mica Aplicada (Ipea), que analisa os efeitos econ\u00f4micos da eventual redu\u00e7\u00e3o da jornada atualmente predominante de 44 horas semanais, associada \u00e0 escala 6&#215;1, que estabelece um dia de descanso a cada seis trabalhados.<\/strong><\/p>\n<p>A redu\u00e7\u00e3o da jornada de trabalho teria um custo de menos de 1% em grandes setores, como ind\u00fastria e com\u00e9rcio, mas alguns setores de servi\u00e7os que dependem de mais m\u00e3o de obra podem precisar de pol\u00edticas p\u00fablicas, avalia o Ipea.<\/p>\n<p><strong>Os pesquisadores citam, por exemplo, os reajustes hist\u00f3ricos do sal\u00e1rio m\u00ednimo, como os de 12%, em 2001, e 7,6% em 2012, que n\u00e3o reduziram o n\u00edvel de empregos.<\/strong><\/p>\n<p>A jornada geral de 40 horas semanais elevaria o custo do trabalhador celetista em 7,84%, mas, dentro do custo total da opera\u00e7\u00e3o, o efeito \u00e9 menor, diz o pesquisador Felipe Pateo.<\/p>\n<p><strong>&#8220;Quando a gente olha para a opera\u00e7\u00e3o de grandes empresas na \u00e1rea de com\u00e9rcio, da ind\u00fastria, a gente v\u00ea que o custo com trabalhadores representa \u00e0s vezes menos que 10% do custo operacional da empresa. Ela tem custo grande de forma\u00e7\u00e3o de estoques, custo de investimento em maquin\u00e1rio&#8221;, explica.<\/strong><\/p>\n<p>J\u00e1 empresas de servi\u00e7os para edif\u00edcios, como vigil\u00e2ncia e limpeza, podem ter um impacto maior, de 6,5% no custo da opera\u00e7\u00e3o. <strong>Nesses casos, seria necess\u00e1ria uma transi\u00e7\u00e3o gradual para a nova jornada.<\/strong> O mesmo serviria para pequenas empresas, que podem ter at\u00e9 mais dificuldade para adaptar as escalas de trabalho, segundo Pateo.<\/p>\n<p>&#8220;A gente v\u00ea que esse tempo de transi\u00e7\u00e3o tamb\u00e9m \u00e9 muito importante para as empresas menores. E voc\u00ea precisa abrir possibilidades de contrata\u00e7\u00e3o de trabalhadores em meio per\u00edodo, por exemplo, que possam suprir eventualmente um tempo de funcionamento num fim de semana, caso a redu\u00e7\u00e3o de jornada possa dificultar esse processo&#8221;, observa.<\/p>\n<h2>Combate a desigualdades<\/h2>\n<p>O estudo tamb\u00e9m aponta que jornadas de 44 horas concentram trabalhadores de menor renda e escolaridade. Para o pesquisador, a redu\u00e7\u00e3o da jornada pode reduzir desigualdades.<\/p>\n<blockquote><p>&#8220;Quando a gente reduz a jornada m\u00e1xima para 40 horas, a gente bota esses trabalhadores que est\u00e3o nos empregos de menores sal\u00e1rios, de menor dura\u00e7\u00e3o do tempo de emprego, em p\u00e9 de igualdade, pelo menos na quantidade de horas trabalhadas. E a gente acaba aumentando o valor da hora de trabalho desses trabalhadores. Ent\u00e3o isso faz com que eles se aproximem das condi\u00e7\u00f5es dos trabalhadores nas melhores situa\u00e7\u00f5es trabalhistas&#8221;, argumenta.<\/p><\/blockquote>\n<p><strong>Segundo a pesquisa, a remunera\u00e7\u00e3o m\u00e9dia para quem trabalha at\u00e9 40 horas por semana \u00e9 de R$ 6,2 mil.<\/strong> J\u00e1 os trabalhadores de 44 horas recebem, em m\u00e9dia, menos da metade. Esses trabalhadores com jornada maior tamb\u00e9m t\u00eam menor escolaridade.<\/p>\n<p>Segundo o estudo do Ipea, mais de 83% dos v\u00ednculos de pessoas com at\u00e9 o ensino m\u00e9dio completo est\u00e3o nessa condi\u00e7\u00e3o, propor\u00e7\u00e3o que cai para 53% entre aqueles com ensino superior completo. Diferentemente de outras caracter\u00edsticas sociodemogr\u00e1ficas, a incid\u00eancia de jornadas estendidas mostra forte associa\u00e7\u00e3o com o n\u00edvel de escolaridade.<\/p>\n<p><strong>A grande maioria dos 44 milh\u00f5es de trabalhadores celetistas registrados na Rela\u00e7\u00e3o Anual de Informa\u00e7\u00f5es Sociais (Rais) em 2023 tinha jornada de 44 horas semanais.<\/strong> Ao todo, eles somam 31.779.457, o que equivale a 74% dos que tinham jornada informada. Em 31 dos 87 setores econ\u00f4micos analisados, mais de 90% dos trabalhadores t\u00eam jornadas acima de 40 horas semanais.<\/p>\n<p>A Rais \u00e9 uma declara\u00e7\u00e3o obrigat\u00f3ria na qual empresas brasileiras informam ao Minist\u00e9rio do Trabalho dados sobre seus funcion\u00e1rios, v\u00ednculos empregat\u00edcios e sal\u00e1rios.<\/p>\n<h2>Empresas menores<\/h2>\n<p><strong>Um desafio apontado no estudo do Ipea \u00e9 para as empresas de menor porte, pois elas t\u00eam, proporcionalmente, mais trabalhadores com jornadas superiores a 40 horas.<\/strong> Enquanto a m\u00e9dia nacional indica que 79,7% dos trabalhadores t\u00eam jornadas superiores a 40 horas semanais, esse percentual sobe para 87,7% nas empresas com at\u00e9 quatro empregados e para 88,6% naquelas que empregam entre cinco e nove trabalhadores.<\/p>\n<p>Os trabalhadores atualmente submetidos a jornadas superiores a 40 horas somam 3,39 milh\u00f5es nas empresas com at\u00e9 quatro empregados e 6,64 milh\u00f5es quando se consideram aquelas com at\u00e9 nove trabalhadores.<\/p>\n<p><strong>Esses setores incluem, por exemplo, segmentos da \u00e1rea de educa\u00e7\u00e3o, atividades de organiza\u00e7\u00f5es associativas e outros servi\u00e7os pessoais, como lavanderias e cabeleireiros, nos quais predominam jornadas estendidas entre empresas com at\u00e9 quatro trabalhadores.<\/strong><\/p>\n<h2>Debate<\/h2>\n<p>A redu\u00e7\u00e3o da jornada de trabalho de 44 horas para 40 horas e o fim da escala 6&#215;1 <a href=\"https:\/\/agenciabrasil.ebc.com.br\/politica\/noticia\/2026-02\/nao-ha-mais-razao-para-manter-escala-6x1-e-jornada-de-44h-diz-senador\" target=\"_blank\" rel=\"noopener\">entraram de vez no radar pol\u00edtico do pa\u00eds neste in\u00edcio de ano<\/a>.<\/p>\n<p>Nesta ter\u00e7a-feira, o presidente da C\u00e2mara dos Deputados, Hugo Motta (Republicanos-PB), disse que uma das <a href=\"https:\/\/agenciabrasil.ebc.com.br\/politica\/noticia\/2026-02\/proposta-que-acaba-com-jornada-de-trabalho-6x1-vai-para-ccj\" target=\"_blank\" rel=\"noopener\">prioridades da Casa neste ano \u00e9 justamente votar esses direitos trabalhistas<\/a>. Em suas redes sociais, Motta escreveu que a an\u00e1lise pelos deputados pode se dar em maio.<\/p>\n<p>Atualmente, duas propostas est\u00e3o sendo discutidas na Casa sobre o assunto: uma da deputada Erika Hilton, a <a href=\"https:\/\/www.camara.leg.br\/proposicoesWeb\/prop_mostrarintegra?codteor=2860664&amp;filename=PEC%208\/2025\" target=\"_blank\" rel=\"noopener\">PEC 8\/25<\/a>, e outra pelo deputado Reginaldo Lopes, a <a href=\"https:\/\/www.camara.leg.br\/proposicoesWeb\/prop_mostrarintegra?codteor=1845483&amp;filename=PEC%20221\/2019\" target=\"_blank\" rel=\"noopener\">PEC 221\/19<\/a>.<\/p>\n<p>Na mensagem enviada ao Congresso Nacional, na semana passada, o presidente Luiz In\u00e1cio Lula da Silva tamb\u00e9m <a href=\"https:\/\/agenciabrasil.ebc.com.br\/politica\/noticia\/2026-02\/em-mensagem-ao-congresso-lula-defende-fim-da-escala-6x1\" target=\"_blank\" rel=\"noopener\">colocou o tema entre as prioridades do governo<\/a> para o semestre. .<\/p>\n<div class=\"noticias-relacionadas rel-position rowflex\"><\/div>\n","protected":false},"excerpt":{"rendered":"<p>Impacto no custo atingiria menos de 1% em grandes setores<\/p>\n","protected":false},"author":1,"featured_media":0,"comment_status":"closed","ping_status":"open","sticky":false,"template":"","format":"standard","meta":{"_exactmetrics_skip_tracking":false,"_exactmetrics_sitenote_active":false,"_exactmetrics_sitenote_note":"","_exactmetrics_sitenote_category":0,"jetpack_post_was_ever_published":false,"_jetpack_newsletter_access":"","_jetpack_dont_email_post_to_subs":false,"_jetpack_newsletter_tier_id":0,"_jetpack_memberships_contains_paywalled_content":false,"_jetpack_memberships_contains_paid_content":false,"footnotes":"","jetpack_publicize_message":"","jetpack_publicize_feature_enabled":true,"jetpack_social_post_already_shared":true,"jetpack_social_options":{"image_generator_settings":{"template":"highway","enabled":false},"version":2}},"categories":[1],"tags":[],"class_list":["post-38275","post","type-post","status-publish","format-standard","hentry","category-notas"],"jetpack_publicize_connections":[],"jetpack_sharing_enabled":true,"jetpack_featured_media_url":"","jetpack_shortlink":"https:\/\/wp.me\/p7wKYW-9Xl","jetpack-related-posts":[],"_links":{"self":[{"href":"http:\/\/blogdalucianaoliveira.com.br\/blog\/wp-json\/wp\/v2\/posts\/38275","targetHints":{"allow":["GET"]}}],"collection":[{"href":"http:\/\/blogdalucianaoliveira.com.br\/blog\/wp-json\/wp\/v2\/posts"}],"about":[{"href":"http:\/\/blogdalucianaoliveira.com.br\/blog\/wp-json\/wp\/v2\/types\/post"}],"author":[{"embeddable":true,"href":"http:\/\/blogdalucianaoliveira.com.br\/blog\/wp-json\/wp\/v2\/users\/1"}],"replies":[{"embeddable":true,"href":"http:\/\/blogdalucianaoliveira.com.br\/blog\/wp-json\/wp\/v2\/comments?post=38275"}],"version-history":[{"count":1,"href":"http:\/\/blogdalucianaoliveira.com.br\/blog\/wp-json\/wp\/v2\/posts\/38275\/revisions"}],"predecessor-version":[{"id":38277,"href":"http:\/\/blogdalucianaoliveira.com.br\/blog\/wp-json\/wp\/v2\/posts\/38275\/revisions\/38277"}],"wp:attachment":[{"href":"http:\/\/blogdalucianaoliveira.com.br\/blog\/wp-json\/wp\/v2\/media?parent=38275"}],"wp:term":[{"taxonomy":"category","embeddable":true,"href":"http:\/\/blogdalucianaoliveira.com.br\/blog\/wp-json\/wp\/v2\/categories?post=38275"},{"taxonomy":"post_tag","embeddable":true,"href":"http:\/\/blogdalucianaoliveira.com.br\/blog\/wp-json\/wp\/v2\/tags?post=38275"}],"curies":[{"name":"wp","href":"https:\/\/api.w.org\/{rel}","templated":true}]}}