{"id":38279,"date":"2026-02-12T10:33:57","date_gmt":"2026-02-12T14:33:57","guid":{"rendered":"https:\/\/blogdalucianaoliveira.com.br\/blog\/?p=38279"},"modified":"2026-02-12T10:33:57","modified_gmt":"2026-02-12T14:33:57","slug":"carnaval-saude-reforca-uso-de-camisinha-para-prevencao-de-doencas","status":"publish","type":"post","link":"http:\/\/blogdalucianaoliveira.com.br\/blog\/2026\/02\/12\/carnaval-saude-reforca-uso-de-camisinha-para-prevencao-de-doencas\/","title":{"rendered":"Carnaval: sa\u00fade refor\u00e7a uso de camisinha para preven\u00e7\u00e3o de doen\u00e7as"},"content":{"rendered":"<div class=\"header-noticia full-width\">\n<div><img data-recalc-dims=\"1\" loading=\"lazy\" decoding=\"async\" data-attachment-id=\"38280\" data-permalink=\"http:\/\/blogdalucianaoliveira.com.br\/blog\/2026\/02\/12\/carnaval-saude-reforca-uso-de-camisinha-para-prevencao-de-doencas\/5990f75e-6858-4b59-96a1-0e5a65bb8b75_copy\/\" data-orig-file=\"https:\/\/i0.wp.com\/blogdalucianaoliveira.com.br\/blog\/wp-content\/uploads\/2026\/02\/5990f75e-6858-4b59-96a1-0e5a65bb8b75_copy.webp?fit=1170%2C700\" data-orig-size=\"1170,700\" data-comments-opened=\"0\" data-image-meta=\"{&quot;aperture&quot;:&quot;0&quot;,&quot;credit&quot;:&quot;&quot;,&quot;camera&quot;:&quot;&quot;,&quot;caption&quot;:&quot;&quot;,&quot;created_timestamp&quot;:&quot;0&quot;,&quot;copyright&quot;:&quot;&quot;,&quot;focal_length&quot;:&quot;0&quot;,&quot;iso&quot;:&quot;0&quot;,&quot;shutter_speed&quot;:&quot;0&quot;,&quot;title&quot;:&quot;&quot;,&quot;orientation&quot;:&quot;0&quot;}\" data-image-title=\"5990f75e-6858-4b59-96a1-0e5a65bb8b75_copy\" data-image-description=\"\" data-image-caption=\"\" data-medium-file=\"https:\/\/i0.wp.com\/blogdalucianaoliveira.com.br\/blog\/wp-content\/uploads\/2026\/02\/5990f75e-6858-4b59-96a1-0e5a65bb8b75_copy.webp?fit=300%2C179\" data-large-file=\"https:\/\/i0.wp.com\/blogdalucianaoliveira.com.br\/blog\/wp-content\/uploads\/2026\/02\/5990f75e-6858-4b59-96a1-0e5a65bb8b75_copy.webp?fit=600%2C359\" class=\"alignnone size-medium wp-image-38280\" src=\"https:\/\/i0.wp.com\/blogdalucianaoliveira.com.br\/blog\/wp-content\/uploads\/2026\/02\/5990f75e-6858-4b59-96a1-0e5a65bb8b75_copy.webp?resize=300%2C179\" alt=\"\" width=\"300\" height=\"179\" srcset=\"https:\/\/i0.wp.com\/blogdalucianaoliveira.com.br\/blog\/wp-content\/uploads\/2026\/02\/5990f75e-6858-4b59-96a1-0e5a65bb8b75_copy.webp?resize=300%2C179 300w, https:\/\/i0.wp.com\/blogdalucianaoliveira.com.br\/blog\/wp-content\/uploads\/2026\/02\/5990f75e-6858-4b59-96a1-0e5a65bb8b75_copy.webp?resize=1024%2C613 1024w, https:\/\/i0.wp.com\/blogdalucianaoliveira.com.br\/blog\/wp-content\/uploads\/2026\/02\/5990f75e-6858-4b59-96a1-0e5a65bb8b75_copy.webp?resize=768%2C459 768w, https:\/\/i0.wp.com\/blogdalucianaoliveira.com.br\/blog\/wp-content\/uploads\/2026\/02\/5990f75e-6858-4b59-96a1-0e5a65bb8b75_copy.webp?resize=501%2C300 501w, https:\/\/i0.wp.com\/blogdalucianaoliveira.com.br\/blog\/wp-content\/uploads\/2026\/02\/5990f75e-6858-4b59-96a1-0e5a65bb8b75_copy.webp?w=1170 1170w\" sizes=\"auto, (max-width: 300px) 100vw, 300px\" \/><\/div>\n<div><\/div>\n<div class=\"linha-fina-noticia\">Campanha Carnaval com Preven\u00e7\u00e3o \u00e9 voltada sobretudo aos jovens<\/div>\n<\/div>\n<p><!--more--><\/p>\n<div class=\"subheader\">\n<div class=\"container-autoria\">\n<p>Ag\u00eancia Brasil &#8211; Diante da proximidade do carnaval, o Minist\u00e9rio da Sa\u00fade refor\u00e7ou a import\u00e2ncia do uso de preservativos e de outros m\u00e9todos de preven\u00e7\u00e3o a infec\u00e7\u00f5es sexualmente transmiss\u00edveis (ISTs) \u2013 n\u00e3o apenas durante a folia, mas ao longo de todo o ano.<img data-recalc-dims=\"1\" decoding=\"async\" src=\"https:\/\/i0.wp.com\/agenciabrasil.ebc.com.br\/ebc.png?w=600&#038;ssl=1\" \/><img data-recalc-dims=\"1\" decoding=\"async\" src=\"https:\/\/i0.wp.com\/agenciabrasil.ebc.com.br\/ebc.gif?w=600&#038;ssl=1\" \/><\/p>\n<p>Com o mote &#8220;Carnaval com preven\u00e7\u00e3o. Antes, durante e depois da folia, \u00e9 o Governo do Brasil do seu lado&#8221;, a campanha \u00e9 voltada, sobretudo, para jovens e jovens adultos.<\/p>\n<p><strong>Em nota, a pasta informou que foram distribu\u00eddos aos estados 138 milh\u00f5es de preservativos nos \u00faltimos tr\u00eas meses, incluindo duas novas vers\u00f5es que passaram a ser utilizadas no Sistema \u00danico de Sa\u00fade (SUS) em 2025: a texturizada e a ultrafina.<\/strong><\/p>\n<p>Do total de preservativos distribu\u00eddos para refor\u00e7ar os estoques e atender \u00e0\u00a0demanda do carnaval, cerca de 132 milh\u00f5es s\u00e3o externos, texturizados e ultrafinos, e 3,8 milh\u00f5es s\u00e3o preservativos internos de l\u00e1tex ou nitr\u00edlica.<\/p>\n<blockquote><p>\u201cA novidade busca aumentar a ades\u00e3o ao uso de preservativos, m\u00e9todo efetivo na preven\u00e7\u00e3o contra o HIV, hepatites virais, s\u00edfilis e outras infec\u00e7\u00f5es sexualmente transmiss\u00edveis (ISTs), al\u00e9m de evitar gesta\u00e7\u00f5es n\u00e3o planejadas\u201d, destacou o minist\u00e9rio.<\/p><\/blockquote>\n<p><strong>Dados da pasta indicam que 60% da popula\u00e7\u00e3o brasileira n\u00e3o usa preservativos durante as rela\u00e7\u00f5es sexuais.<\/strong><\/p>\n<p>A campanha tamb\u00e9m refor\u00e7a toda a oferta de prote\u00e7\u00e3o a infec\u00e7\u00f5es sexualmente transmiss\u00edveis no Sistema \u00danico de Sa\u00fade (SUS) e que a preven\u00e7\u00e3o pode ser feita de forma combinada: al\u00e9m do uso de preservativos, h\u00e1 a vacina\u00e7\u00e3o contra hepatites, a testagem r\u00e1pida, o uso da profilaxia pr\u00e9-exposi\u00e7\u00e3o (PreP) e da Profilaxia P\u00f3s-Exposi\u00e7\u00e3o (PEP).<\/p>\n<h2>Queda no uso de preservativos<\/h2>\n<p><strong>Na nota, o minist\u00e9rio refor\u00e7ou que a diversifica\u00e7\u00e3o da oferta de preservativos visa estimular o uso cont\u00ednuo e correto do produto, tornando-o mais atraente e atendendo \u00e0s diferentes prefer\u00eancias da popula\u00e7\u00e3o.<\/strong><\/p>\n<blockquote><p>\u201cEssa a\u00e7\u00e3o responde a desafios identificados nos \u00faltimos anos: a queda no uso de preservativos, sobretudo entre jovens\u201d.<\/p><\/blockquote>\n<p><strong>A \u00faltima edi\u00e7\u00e3o da Pesquisa Nacional de Sa\u00fade (PNS), feita em 2019 pelo Instituto Brasileiro de Geografia e Estat\u00edstica (IBGE) com pessoas com 18 anos ou mais, mostrou que, nos 12 meses anteriores \u00e0 entrevista, 22,8% relataram usar preservativo em todas as rela\u00e7\u00f5es sexuais, enquanto 17,1% afirmaram usar \u00e0s vezes e 59%, nenhuma vez.<\/strong><\/p>\n<blockquote><p>\u201cA queda segue tend\u00eancia mundial. Em 2024, a Organiza\u00e7\u00e3o Mundial de Sa\u00fade (OMS) divulgou relat\u00f3rio realizado em diversos pa\u00edses europeus, apontando a redu\u00e7\u00e3o do uso de preservativos no p\u00fablico jovem\u201d, destacou o minist\u00e9rio.<\/p><\/blockquote>\n<h2>Orienta\u00e7\u00f5es gerais<\/h2>\n<p>Al\u00e9m do uso de preservativos e demais m\u00e9todos de preven\u00e7\u00e3o a infec\u00e7\u00f5es sexualmente transmiss\u00edveis, a pasta orienta que os foli\u00f5es sigam as seguintes dicas para curtir o carnaval de forma tranquila:<\/p>\n<p>&#8211; beba \u00e1gua para se hidratar;<\/p>\n<p>&#8211; use protetor solar;<\/p>\n<p>&#8211; se for viajar para \u00e1rea de mata, vacine-se contra a febre amarela;<\/p>\n<p>&#8211; previna-se contra o HIV, as hepatites B e C, a s\u00edfilis e outras ISTs;<\/p>\n<p>&#8211; e, se precisar, procure uma unidade de sa\u00fade.<\/p>\n<div class=\"noticias-relacionadas rel-position rowflex\"><\/div>\n<\/div>\n<\/div>\n","protected":false},"excerpt":{"rendered":"<p>Campanha Carnaval com Preven\u00e7\u00e3o \u00e9 voltada sobretudo aos jovens<\/p>\n","protected":false},"author":1,"featured_media":0,"comment_status":"closed","ping_status":"open","sticky":false,"template":"","format":"standard","meta":{"_exactmetrics_skip_tracking":false,"_exactmetrics_sitenote_active":false,"_exactmetrics_sitenote_note":"","_exactmetrics_sitenote_category":0,"jetpack_post_was_ever_published":false,"_jetpack_newsletter_access":"","_jetpack_dont_email_post_to_subs":false,"_jetpack_newsletter_tier_id":0,"_jetpack_memberships_contains_paywalled_content":false,"_jetpack_memberships_contains_paid_content":false,"footnotes":"","jetpack_publicize_message":"","jetpack_publicize_feature_enabled":true,"jetpack_social_post_already_shared":true,"jetpack_social_options":{"image_generator_settings":{"template":"highway","enabled":false},"version":2}},"categories":[1],"tags":[],"class_list":["post-38279","post","type-post","status-publish","format-standard","hentry","category-notas"],"jetpack_publicize_connections":[],"jetpack_sharing_enabled":true,"jetpack_featured_media_url":"","jetpack_shortlink":"https:\/\/wp.me\/p7wKYW-9Xp","jetpack-related-posts":[],"_links":{"self":[{"href":"http:\/\/blogdalucianaoliveira.com.br\/blog\/wp-json\/wp\/v2\/posts\/38279","targetHints":{"allow":["GET"]}}],"collection":[{"href":"http:\/\/blogdalucianaoliveira.com.br\/blog\/wp-json\/wp\/v2\/posts"}],"about":[{"href":"http:\/\/blogdalucianaoliveira.com.br\/blog\/wp-json\/wp\/v2\/types\/post"}],"author":[{"embeddable":true,"href":"http:\/\/blogdalucianaoliveira.com.br\/blog\/wp-json\/wp\/v2\/users\/1"}],"replies":[{"embeddable":true,"href":"http:\/\/blogdalucianaoliveira.com.br\/blog\/wp-json\/wp\/v2\/comments?post=38279"}],"version-history":[{"count":1,"href":"http:\/\/blogdalucianaoliveira.com.br\/blog\/wp-json\/wp\/v2\/posts\/38279\/revisions"}],"predecessor-version":[{"id":38281,"href":"http:\/\/blogdalucianaoliveira.com.br\/blog\/wp-json\/wp\/v2\/posts\/38279\/revisions\/38281"}],"wp:attachment":[{"href":"http:\/\/blogdalucianaoliveira.com.br\/blog\/wp-json\/wp\/v2\/media?parent=38279"}],"wp:term":[{"taxonomy":"category","embeddable":true,"href":"http:\/\/blogdalucianaoliveira.com.br\/blog\/wp-json\/wp\/v2\/categories?post=38279"},{"taxonomy":"post_tag","embeddable":true,"href":"http:\/\/blogdalucianaoliveira.com.br\/blog\/wp-json\/wp\/v2\/tags?post=38279"}],"curies":[{"name":"wp","href":"https:\/\/api.w.org\/{rel}","templated":true}]}}