{"id":38282,"date":"2026-02-12T10:39:32","date_gmt":"2026-02-12T14:39:32","guid":{"rendered":"https:\/\/blogdalucianaoliveira.com.br\/blog\/?p=38282"},"modified":"2026-02-12T10:39:51","modified_gmt":"2026-02-12T14:39:51","slug":"os-5-trilhoes-de-yuans-de-pequim-em-infraestrutura-eletrica-e-o-teste-brasileiro-de-2027","status":"publish","type":"post","link":"http:\/\/blogdalucianaoliveira.com.br\/blog\/2026\/02\/12\/os-5-trilhoes-de-yuans-de-pequim-em-infraestrutura-eletrica-e-o-teste-brasileiro-de-2027\/","title":{"rendered":"Os 5 trilh\u00f5es de yuans de Pequim em infraestrutura el\u00e9trica e o teste brasileiro de 2027"},"content":{"rendered":"<h1><img decoding=\"async\" src=\"https:\/\/www.brasil247.com\/_next\/image?url=https%3A%2F%2Fcdn.brasil247.com%2Fpb-b247gcp%2Fswp%2Fjtjeq9%2Fmedia%2F20260111090148_7eb1d2a7-64c6-449a-9dac-03f1c3e6702e.webp&amp;w=3840&amp;q=75\" alt=\"Bandeira da China em Pequim - 20\/11\/2025 \" \/><\/h1>\n<h2 class=\"article__lead\">No fim, o debate n\u00e3o precisa ser panflet\u00e1rio nem ideol\u00f3gico. Pode ser uma escolha de horizonte<\/h2>\n<p><!--more--><\/p>\n<p>A China anunciou que pretende investir 5 trilh\u00f5es de yuans em sua rede el\u00e9trica nos pr\u00f3ximos cinco anos, como parte do esfor\u00e7o de moderniza\u00e7\u00e3o do sistema e integra\u00e7\u00e3o de fontes renov\u00e1veis, em linha com metas clim\u00e1ticas e de seguran\u00e7a energ\u00e9tica. O n\u00famero, divulgado pelo China Daily em 10 de fevereiro de 2026, impressiona por si s\u00f3. Mas \u00e9 talvez ainda mais revelador pelo que sinaliza: para Pequim, rede el\u00e9trica n\u00e3o \u00e9 apenas um cap\u00edtulo setorial \u2014 \u00e9 componente de arquitetura estatal de desenvolvimento.<\/p>\n<p>No debate p\u00fablico brasileiro, infraestrutura el\u00e9trica costuma ser tratada como soma de ativos f\u00edsicos e regras de mercado: gera\u00e7\u00e3o, linhas, subesta\u00e7\u00f5es, tarifas, leil\u00f5es, indicadores de continuidade. Tudo isso importa. Mas a transforma\u00e7\u00e3o em curso sugere uma camada adicional: a rede como plataforma que organiza competitividade industrial, digitaliza\u00e7\u00e3o, estabilidade operacional e, no limite, autonomia tecnol\u00f3gica. \u00c9 nessa camada que a energia deixa de ser apenas \u201cinsumo\u201d e passa a ser infraestrutura de poder produtivo.<\/p>\n<div class=\"marginBottom30\">\n<div class=\"ad ad--center marginBottom0\">\n<div id=\"b247-multipage-video-1\" data-google-query-id=\"CNPmurWW1JIDFXZN3QIdwRoLBA\">\n<div id=\"google_ads_iframe_\/55115104\/b247-multipage-video-1_0__container__\">\n<p>Um dos s\u00edmbolos desse movimento \u00e9 a expans\u00e3o das linhas de Ultra-Alta Voltagem (UHV), que transportam grandes volumes de eletricidade por longas dist\u00e2ncias com maior efici\u00eancia, conectando regi\u00f5es de gera\u00e7\u00e3o renov\u00e1vel a centros industriais. Para al\u00e9m do fasc\u00ednio tecnol\u00f3gico, interessa a l\u00f3gica: quando um pa\u00eds trata eletricidade como log\u00edstica estrat\u00e9gica \u2014 previs\u00edvel, coordenada e escal\u00e1vel \u2014 ele amplia sua capacidade de planejar ind\u00fastria, reorganizar territ\u00f3rio econ\u00f4mico e sustentar cadeias produtivas complexas.<\/p>\n<p>Outro componente, menos vis\u00edvel e possivelmente mais decisivo, \u00e9 a digitaliza\u00e7\u00e3o do sistema. Redes modernas, especialmente em ambientes com alta penetra\u00e7\u00e3o de renov\u00e1veis intermitentes, passam a depender de sensores, automa\u00e7\u00e3o, plataformas de controle, padroniza\u00e7\u00e3o t\u00e9cnica e ciberseguran\u00e7a. N\u00e3o \u00e9 preciso projetar futurismos para reconhecer a dire\u00e7\u00e3o: a rede tende a operar como um sistema orientado por dados, capaz de integrar gera\u00e7\u00e3o distribu\u00edda, gerir congestionamentos, reduzir vulnerabilidades e estabilizar o funcionamento.<\/p>\n<p>Essa leitura importa para o Brasil por um motivo pr\u00e1tico: o \u201cvalor\u201d da infraestrutura n\u00e3o est\u00e1 apenas em quilowatts ou quil\u00f4metros. Est\u00e1 no que se pode chamar de miolo t\u00e9cnico do poder \u2014 o conjunto de compet\u00eancias, padr\u00f5es e rotinas que permitem controlar e evoluir a rede: automa\u00e7\u00e3o de distribui\u00e7\u00e3o, medi\u00e7\u00e3o inteligente, software de opera\u00e7\u00e3o, interoperabilidade de equipamentos, testes e certifica\u00e7\u00f5es, centros de engenharia e seguran\u00e7a digital. Quem domina esse miolo define padr\u00f5es, captura aprendizagem e reduz depend\u00eancias. Quem n\u00e3o domina tende a importar solu\u00e7\u00f5es completas \u2014 e, com elas, importar a governan\u00e7a do sistema.<\/p>\n<p>\u00c9 nesse ponto que entram baterias e armazenamento. O tema costuma aparecer como debate automotivo na era dos el\u00e9tricos ou como discuss\u00e3o de custo por quilowatt-hora. Mas, do ponto de vista estrat\u00e9gico, armazenamento \u00e9 infraestrutura de estabilidade: condiciona a capacidade de integrar renov\u00e1veis, reduzir interrup\u00e7\u00f5es e sustentar uma economia mais eletrificada e digital. Al\u00e9m disso, certas arquiteturas tecnol\u00f3gicas (inclusive modelos de troca r\u00e1pida, onde adotados) podem operar como mecanismo de padroniza\u00e7\u00e3o e integra\u00e7\u00e3o de ecossistemas, com efeitos sobre compatibilidade, manuten\u00e7\u00e3o, certifica\u00e7\u00e3o e cadeia de suprimentos. O centro do argumento n\u00e3o \u00e9 \u201cesta ou aquela tecnologia\u201d, mas o risco de lock-in tecnol\u00f3gico \u2014 a armadilha em que o pa\u00eds adota plataformas sem contrapartida de aprendizagem, engenharia e capacidade local.<\/p>\n<p>A discuss\u00e3o fica mais \u00fatil quando sai da oposi\u00e7\u00e3o f\u00e1cil \u201cChina versus Estados Unidos\u201d e se reposiciona como pergunta nacional: como transformar infraestrutura cr\u00edtica em alavanca de capacidade produtiva, em vez de apenas consumi-la como produto final importado? Em momentos de reorganiza\u00e7\u00e3o global, a pior escolha costuma ser a mais confort\u00e1vel: aceitar investimento e solu\u00e7\u00e3o pronta, celebrar inaugura\u00e7\u00f5es, e descobrir depois que a parte decisiva do valor ficou fora \u2014 nos padr\u00f5es, no software, nos testes, na certifica\u00e7\u00e3o, nos fornecedores e na engenharia de processo.<\/p>\n<p>Esse ponto ganha urg\u00eancia quando se observa a realidade dom\u00e9stica. O Brasil convive com epis\u00f3dios recorrentes de fragilidade operacional justamente no cora\u00e7\u00e3o do seu principal centro econ\u00f4mico. Independentemente de responsabilidades espec\u00edficas, a experi\u00eancia cotidiana sugere uma conclus\u00e3o inc\u00f4moda: modernizar a rede el\u00e9trica n\u00e3o \u00e9 apenas tema de expans\u00e3o; \u00e9 tema de resili\u00eancia, governan\u00e7a e capacidade de execu\u00e7\u00e3o. Uma economia que pretende avan\u00e7ar em digitaliza\u00e7\u00e3o, eletrifica\u00e7\u00e3o industrial e atra\u00e7\u00e3o de investimentos intensivos em energia precisa tratar continuidade e estabilidade como ativo estrat\u00e9gico \u2014 n\u00e3o apenas como vari\u00e1vel regulat\u00f3ria.<\/p>\n<p>Aqui aparece uma quest\u00e3o institucional que merece reflex\u00e3o serena. A privatiza\u00e7\u00e3o da Eletrobras no governo anterior n\u00e3o \u00e9, por si, explica\u00e7\u00e3o total para os problemas do setor. Mas ela alterou a arquitetura de coordena\u00e7\u00e3o num momento em que a rede voltou a ter dimens\u00e3o estrat\u00e9gica. Em termos simples: ao reduzir o papel de um bra\u00e7o estatal integrado com capacidade de operar e coordenar escala, o pa\u00eds elevou o custo institucional de organizar um projeto nacional de moderniza\u00e7\u00e3o \u2014 sobretudo quando o desafio envolve n\u00e3o s\u00f3 investimento em infraestrutura f\u00edsica, mas tamb\u00e9m padr\u00f5es, interoperabilidade, software e aprendizado industrial. Isso n\u00e3o elimina o papel do capital privado; apenas desloca o peso da coordena\u00e7\u00e3o para instrumentos de pol\u00edtica p\u00fablica e para arranjos contratuais mais sofisticados.<\/p>\n<p>\u00c9 nesse cen\u00e1rio que o BNDES pode exercer um papel mais estruturante. N\u00e3o como substituto de planejamento setorial nem como \u201csalvador\u201d do sistema, mas como articulador de um novo tipo de contrato: financiamento de longo prazo combinado com metas de internaliza\u00e7\u00e3o de capacidades. H\u00e1 pelo menos tr\u00eas dimens\u00f5es em que isso pode fazer diferen\u00e7a.<\/p>\n<p>A primeira \u00e9 a arquitetura financeira: ampliar funding de longo prazo, reduzir vulnerabilidades cambiais e explorar, com pragmatismo, mecanismos multilaterais e estruturas em moedas locais quando fizerem sentido para projetos estrat\u00e9gicos.<\/p>\n<p>A segunda \u00e9 a reciprocidade como crit\u00e9rio contratual: se o pa\u00eds oferece mercado, previsibilidade e escala, os projetos financiados podem incorporar exig\u00eancias verific\u00e1veis de engenharia local, laborat\u00f3rios, certifica\u00e7\u00e3o, centros de desenvolvimento, forma\u00e7\u00e3o de fornecedores e transfer\u00eancia de know-how operacional. N\u00e3o como \u201cconte\u00fado local\u201d ornamental, mas como aprendizagem produtiva mensur\u00e1vel. O compartilhamento de tecnologia precisa ser condi\u00e7\u00e3o audit\u00e1vel de contrato.<\/p>\n<div class=\"contentAd contentAd--noBackground marginBottom30\">\n<div class=\"marginTop10 adBackground\">\n<div class=\"tbl-forkorts-article\" data-cy=\"articleBody\">\n<p>A terceira \u00e9 o placar de capacidade: estabelecer m\u00e9tricas simples para diferenciar moderniza\u00e7\u00e3o real de investimento disperso \u2014 quantos ativos foram digitalizados; qual a capacidade de armazenamento contratada; quantos laborat\u00f3rios e centros de teste\/certifica\u00e7\u00e3o foram criados; quantos fornecedores foram qualificados; qual o grau de interoperabilidade e ciberseguran\u00e7a incorporado. Sem esse placar, a moderniza\u00e7\u00e3o tende a virar gasto. Com ele, vira capacidade.<\/p>\n<p>A China, ao mobilizar trilh\u00f5es para a rede, sugere que planejamento de longo prazo pode funcionar como contrato de execu\u00e7\u00e3o. A pergunta brasileira, a partir de 2027, talvez seja menos sobre replicar modelos e mais sobre definir uma ambi\u00e7\u00e3o nacional compat\u00edvel com o mundo real: usar a moderniza\u00e7\u00e3o energ\u00e9tica como plataforma de soberania produtiva \u2014 isto \u00e9, de dom\u00ednio de processo, engenharia e padr\u00f5es \u2014 e n\u00e3o apenas como compra de infraestrutura pronta.<\/p>\n<p>No fim, o debate n\u00e3o precisa ser panflet\u00e1rio nem ideol\u00f3gico. Pode ser uma escolha de horizonte: o Brasil quer, nas pr\u00f3ximas d\u00e9cadas, ser um pa\u00eds que importa sistemas e exporta insumos \u2014 ou um pa\u00eds que transforma infraestrutura cr\u00edtica em aprendizado, capacidade industrial e autonomia? A rede el\u00e9trica, que parecia tema silencioso, voltou a ser destino. E destino, no s\u00e9culo 21, \u00e9 o que se organiza com institui\u00e7\u00f5es, contratos e metas \u2014 ou o que se aceita por in\u00e9rcia.<\/p>\n<\/div>\n<\/div>\n<\/div>\n<\/div>\n<div id=\"notsy_container_955648093\" class=\"B24_VIDEO_GAM\" data-notsy-container-index=\"1\" data-notsy-mapped-container=\"1\"><\/div>\n<\/div>\n<\/div>\n<\/div>\n","protected":false},"excerpt":{"rendered":"<p>No fim, o debate n\u00e3o precisa ser panflet\u00e1rio nem ideol\u00f3gico. Pode ser uma escolha de horizonte<\/p>\n","protected":false},"author":1,"featured_media":0,"comment_status":"closed","ping_status":"open","sticky":false,"template":"","format":"standard","meta":{"_exactmetrics_skip_tracking":false,"_exactmetrics_sitenote_active":false,"_exactmetrics_sitenote_note":"","_exactmetrics_sitenote_category":0,"jetpack_post_was_ever_published":false,"_jetpack_newsletter_access":"","_jetpack_dont_email_post_to_subs":false,"_jetpack_newsletter_tier_id":0,"_jetpack_memberships_contains_paywalled_content":false,"_jetpack_memberships_contains_paid_content":false,"footnotes":"","jetpack_publicize_message":"","jetpack_publicize_feature_enabled":true,"jetpack_social_post_already_shared":true,"jetpack_social_options":{"image_generator_settings":{"template":"highway","enabled":false},"version":2}},"categories":[1],"tags":[],"class_list":["post-38282","post","type-post","status-publish","format-standard","hentry","category-notas"],"jetpack_publicize_connections":[],"jetpack_sharing_enabled":true,"jetpack_featured_media_url":"","jetpack_shortlink":"https:\/\/wp.me\/p7wKYW-9Xs","jetpack-related-posts":[],"_links":{"self":[{"href":"http:\/\/blogdalucianaoliveira.com.br\/blog\/wp-json\/wp\/v2\/posts\/38282","targetHints":{"allow":["GET"]}}],"collection":[{"href":"http:\/\/blogdalucianaoliveira.com.br\/blog\/wp-json\/wp\/v2\/posts"}],"about":[{"href":"http:\/\/blogdalucianaoliveira.com.br\/blog\/wp-json\/wp\/v2\/types\/post"}],"author":[{"embeddable":true,"href":"http:\/\/blogdalucianaoliveira.com.br\/blog\/wp-json\/wp\/v2\/users\/1"}],"replies":[{"embeddable":true,"href":"http:\/\/blogdalucianaoliveira.com.br\/blog\/wp-json\/wp\/v2\/comments?post=38282"}],"version-history":[{"count":2,"href":"http:\/\/blogdalucianaoliveira.com.br\/blog\/wp-json\/wp\/v2\/posts\/38282\/revisions"}],"predecessor-version":[{"id":38284,"href":"http:\/\/blogdalucianaoliveira.com.br\/blog\/wp-json\/wp\/v2\/posts\/38282\/revisions\/38284"}],"wp:attachment":[{"href":"http:\/\/blogdalucianaoliveira.com.br\/blog\/wp-json\/wp\/v2\/media?parent=38282"}],"wp:term":[{"taxonomy":"category","embeddable":true,"href":"http:\/\/blogdalucianaoliveira.com.br\/blog\/wp-json\/wp\/v2\/categories?post=38282"},{"taxonomy":"post_tag","embeddable":true,"href":"http:\/\/blogdalucianaoliveira.com.br\/blog\/wp-json\/wp\/v2\/tags?post=38282"}],"curies":[{"name":"wp","href":"https:\/\/api.w.org\/{rel}","templated":true}]}}