{"id":38285,"date":"2026-02-12T10:44:50","date_gmt":"2026-02-12T14:44:50","guid":{"rendered":"https:\/\/blogdalucianaoliveira.com.br\/blog\/?p=38285"},"modified":"2026-02-12T10:44:50","modified_gmt":"2026-02-12T14:44:50","slug":"em-indicacao-claudia-de-jesus-articula-inclusao-de-municipios-no-programa-agora-tem-especialistas","status":"publish","type":"post","link":"http:\/\/blogdalucianaoliveira.com.br\/blog\/2026\/02\/12\/em-indicacao-claudia-de-jesus-articula-inclusao-de-municipios-no-programa-agora-tem-especialistas\/","title":{"rendered":"Em indica\u00e7\u00e3o, Cl\u00e1udia de Jesus articula inclus\u00e3o de munic\u00edpios no programa Agora Tem Especialistas"},"content":{"rendered":"<p><img data-recalc-dims=\"1\" loading=\"lazy\" decoding=\"async\" data-attachment-id=\"38286\" data-permalink=\"http:\/\/blogdalucianaoliveira.com.br\/blog\/2026\/02\/12\/em-indicacao-claudia-de-jesus-articula-inclusao-de-municipios-no-programa-agora-tem-especialistas\/img_7110\/\" data-orig-file=\"https:\/\/i0.wp.com\/blogdalucianaoliveira.com.br\/blog\/wp-content\/uploads\/2026\/02\/IMG_7110.jpeg?fit=1350%2C900\" data-orig-size=\"1350,900\" data-comments-opened=\"0\" data-image-meta=\"{&quot;aperture&quot;:&quot;3.5&quot;,&quot;credit&quot;:&quot;THYLOR&quot;,&quot;camera&quot;:&quot;Canon EOS 5D Mark III&quot;,&quot;caption&quot;:&quot;&quot;,&quot;created_timestamp&quot;:&quot;0&quot;,&quot;copyright&quot;:&quot;&quot;,&quot;focal_length&quot;:&quot;200&quot;,&quot;iso&quot;:&quot;2000&quot;,&quot;shutter_speed&quot;:&quot;0.008&quot;,&quot;title&quot;:&quot;&quot;,&quot;orientation&quot;:&quot;1&quot;}\" data-image-title=\"IMG_7110\" data-image-description=\"\" data-image-caption=\"\" data-medium-file=\"https:\/\/i0.wp.com\/blogdalucianaoliveira.com.br\/blog\/wp-content\/uploads\/2026\/02\/IMG_7110.jpeg?fit=300%2C200\" data-large-file=\"https:\/\/i0.wp.com\/blogdalucianaoliveira.com.br\/blog\/wp-content\/uploads\/2026\/02\/IMG_7110.jpeg?fit=600%2C400\" class=\"alignnone size-medium wp-image-38286\" src=\"https:\/\/i0.wp.com\/blogdalucianaoliveira.com.br\/blog\/wp-content\/uploads\/2026\/02\/IMG_7110.jpeg?resize=300%2C200\" alt=\"\" width=\"300\" height=\"200\" srcset=\"https:\/\/i0.wp.com\/blogdalucianaoliveira.com.br\/blog\/wp-content\/uploads\/2026\/02\/IMG_7110.jpeg?resize=300%2C200 300w, https:\/\/i0.wp.com\/blogdalucianaoliveira.com.br\/blog\/wp-content\/uploads\/2026\/02\/IMG_7110.jpeg?resize=1024%2C683 1024w, https:\/\/i0.wp.com\/blogdalucianaoliveira.com.br\/blog\/wp-content\/uploads\/2026\/02\/IMG_7110.jpeg?resize=768%2C512 768w, https:\/\/i0.wp.com\/blogdalucianaoliveira.com.br\/blog\/wp-content\/uploads\/2026\/02\/IMG_7110.jpeg?resize=450%2C300 450w, https:\/\/i0.wp.com\/blogdalucianaoliveira.com.br\/blog\/wp-content\/uploads\/2026\/02\/IMG_7110.jpeg?w=1350 1350w, https:\/\/i0.wp.com\/blogdalucianaoliveira.com.br\/blog\/wp-content\/uploads\/2026\/02\/IMG_7110.jpeg?w=1200 1200w\" sizes=\"auto, (max-width: 300px) 100vw, 300px\" \/><\/p>\n<p>Diagn\u00f3stico precoce precisa ser prioridade em Nova Mamor\u00e9 e Guajar\u00e1-Mirim, diz deputada.<!--more--><\/p>\n<p>A deputada estadual Cl\u00e1udia de Jesus (PT) apresentou indica\u00e7\u00e3o ao governo de estado solicitando a inclus\u00e3o efetiva dos munic\u00edpios de Nova Mamor\u00e9 e Guajar\u00e1-Mirim nas a\u00e7\u00f5es do programa federal \u201cAgora Tem Especialistas\u201d. O documento, encaminhado \u00e0 Secretaria de Estado da Sa\u00fade (Sesau), pede provid\u00eancias urgentes para ampliar e regularizar o acesso a exames de imagem, consultas especializadas, bi\u00f3psias de mama e \u00fatero e outros procedimentos diagn\u00f3sticos pelo SUS.<\/p>\n<p>De acordo com a parlamentar, os munic\u00edpios da regi\u00e3o de fronteira enfrentam dificuldades recorrentes no acesso a exames essenciais para o diagn\u00f3stico precoce e acompanhamento cl\u00ednico. A limita\u00e7\u00e3o na oferta de mamografias, ultrassonografias, tomografias e resson\u00e2ncias, por exemplo, compromete a defini\u00e7\u00e3o adequada de tratamentos e impacta diretamente a sa\u00fade da mulher, especialmente na preven\u00e7\u00e3o e combate ao c\u00e2ncer.<\/p>\n<p>\u201cDiagn\u00f3stico precoce salva vidas. Nova Mamor\u00e9 e Guajar\u00e1-Mirim precisam ser priorizados nas pol\u00edticas p\u00fablicas de sa\u00fade, garantindo acesso r\u00e1pido e humanizado a exames e consultas especializadas. O Estado deve aproveitar essa oportunidade para reduzir filas e assegurar mais equidade no atendimento\u201d, afirmou a deputada.<\/p>\n<p>Clique aqui e leia a indica\u00e7\u00e3o\u00a0<a href=\"https:\/\/sapl.al.ro.leg.br\/media\/sapl\/public\/materialegislativa\/2026\/52923\/ind_15623-26.pdf\">https:\/\/sapl.al.ro.leg.br\/media\/sapl\/public\/materialegislativa\/2026\/52923\/ind_15623-26.pdf<\/a><\/p>\n<p>&nbsp;<\/p>\n","protected":false},"excerpt":{"rendered":"<p>Diagn\u00f3stico precoce precisa ser prioridade em Nova Mamor\u00e9 e Guajar\u00e1-Mirim, diz deputada.<\/p>\n","protected":false},"author":1,"featured_media":0,"comment_status":"closed","ping_status":"open","sticky":false,"template":"","format":"standard","meta":{"_exactmetrics_skip_tracking":false,"_exactmetrics_sitenote_active":false,"_exactmetrics_sitenote_note":"","_exactmetrics_sitenote_category":0,"jetpack_post_was_ever_published":false,"_jetpack_newsletter_access":"","_jetpack_dont_email_post_to_subs":false,"_jetpack_newsletter_tier_id":0,"_jetpack_memberships_contains_paywalled_content":false,"_jetpack_memberships_contains_paid_content":false,"footnotes":"","jetpack_publicize_message":"","jetpack_publicize_feature_enabled":true,"jetpack_social_post_already_shared":true,"jetpack_social_options":{"image_generator_settings":{"template":"highway","enabled":false},"version":2}},"categories":[1],"tags":[],"class_list":["post-38285","post","type-post","status-publish","format-standard","hentry","category-notas"],"jetpack_publicize_connections":[],"jetpack_sharing_enabled":true,"jetpack_featured_media_url":"","jetpack_shortlink":"https:\/\/wp.me\/p7wKYW-9Xv","jetpack-related-posts":[],"_links":{"self":[{"href":"http:\/\/blogdalucianaoliveira.com.br\/blog\/wp-json\/wp\/v2\/posts\/38285","targetHints":{"allow":["GET"]}}],"collection":[{"href":"http:\/\/blogdalucianaoliveira.com.br\/blog\/wp-json\/wp\/v2\/posts"}],"about":[{"href":"http:\/\/blogdalucianaoliveira.com.br\/blog\/wp-json\/wp\/v2\/types\/post"}],"author":[{"embeddable":true,"href":"http:\/\/blogdalucianaoliveira.com.br\/blog\/wp-json\/wp\/v2\/users\/1"}],"replies":[{"embeddable":true,"href":"http:\/\/blogdalucianaoliveira.com.br\/blog\/wp-json\/wp\/v2\/comments?post=38285"}],"version-history":[{"count":1,"href":"http:\/\/blogdalucianaoliveira.com.br\/blog\/wp-json\/wp\/v2\/posts\/38285\/revisions"}],"predecessor-version":[{"id":38287,"href":"http:\/\/blogdalucianaoliveira.com.br\/blog\/wp-json\/wp\/v2\/posts\/38285\/revisions\/38287"}],"wp:attachment":[{"href":"http:\/\/blogdalucianaoliveira.com.br\/blog\/wp-json\/wp\/v2\/media?parent=38285"}],"wp:term":[{"taxonomy":"category","embeddable":true,"href":"http:\/\/blogdalucianaoliveira.com.br\/blog\/wp-json\/wp\/v2\/categories?post=38285"},{"taxonomy":"post_tag","embeddable":true,"href":"http:\/\/blogdalucianaoliveira.com.br\/blog\/wp-json\/wp\/v2\/tags?post=38285"}],"curies":[{"name":"wp","href":"https:\/\/api.w.org\/{rel}","templated":true}]}}