{"id":38291,"date":"2026-02-12T20:57:19","date_gmt":"2026-02-13T00:57:19","guid":{"rendered":"https:\/\/blogdalucianaoliveira.com.br\/blog\/?p=38291"},"modified":"2026-02-12T20:57:19","modified_gmt":"2026-02-13T00:57:19","slug":"claudia-de-jesus-indica-adesao-do-estado-ao-pacto-nacional-brasil-contra-o-feminicidio","status":"publish","type":"post","link":"http:\/\/blogdalucianaoliveira.com.br\/blog\/2026\/02\/12\/claudia-de-jesus-indica-adesao-do-estado-ao-pacto-nacional-brasil-contra-o-feminicidio\/","title":{"rendered":"CL\u00c1UDIA DE JESUS INDICA ADES\u00c3O DO ESTADO AO PACTO NACIONAL BRASIL CONTRA O FEMINIC\u00cdDIO"},"content":{"rendered":"<p><img data-recalc-dims=\"1\" loading=\"lazy\" decoding=\"async\" data-attachment-id=\"38293\" data-permalink=\"http:\/\/blogdalucianaoliveira.com.br\/blog\/2026\/02\/12\/claudia-de-jesus-indica-adesao-do-estado-ao-pacto-nacional-brasil-contra-o-feminicidio\/6u8a5273\/\" data-orig-file=\"https:\/\/i0.wp.com\/blogdalucianaoliveira.com.br\/blog\/wp-content\/uploads\/2026\/02\/6U8A5273-scaled.jpeg?fit=2560%2C1707\" data-orig-size=\"2560,1707\" data-comments-opened=\"0\" data-image-meta=\"{&quot;aperture&quot;:&quot;3.2&quot;,&quot;credit&quot;:&quot;THYLOR&quot;,&quot;camera&quot;:&quot;Canon EOS 5D Mark III&quot;,&quot;caption&quot;:&quot;&quot;,&quot;created_timestamp&quot;:&quot;1742916667&quot;,&quot;copyright&quot;:&quot;&quot;,&quot;focal_length&quot;:&quot;135&quot;,&quot;iso&quot;:&quot;2500&quot;,&quot;shutter_speed&quot;:&quot;0.008&quot;,&quot;title&quot;:&quot;&quot;,&quot;orientation&quot;:&quot;0&quot;}\" data-image-title=\"6U8A5273\" data-image-description=\"\" data-image-caption=\"\" data-medium-file=\"https:\/\/i0.wp.com\/blogdalucianaoliveira.com.br\/blog\/wp-content\/uploads\/2026\/02\/6U8A5273-scaled.jpeg?fit=300%2C200\" data-large-file=\"https:\/\/i0.wp.com\/blogdalucianaoliveira.com.br\/blog\/wp-content\/uploads\/2026\/02\/6U8A5273-scaled.jpeg?fit=600%2C400\" class=\"alignnone size-medium wp-image-38293\" src=\"https:\/\/i0.wp.com\/blogdalucianaoliveira.com.br\/blog\/wp-content\/uploads\/2026\/02\/6U8A5273.jpeg?resize=300%2C200\" alt=\"\" width=\"300\" height=\"200\" srcset=\"https:\/\/i0.wp.com\/blogdalucianaoliveira.com.br\/blog\/wp-content\/uploads\/2026\/02\/6U8A5273-scaled.jpeg?resize=300%2C200 300w, https:\/\/i0.wp.com\/blogdalucianaoliveira.com.br\/blog\/wp-content\/uploads\/2026\/02\/6U8A5273-scaled.jpeg?resize=1024%2C683 1024w, https:\/\/i0.wp.com\/blogdalucianaoliveira.com.br\/blog\/wp-content\/uploads\/2026\/02\/6U8A5273-scaled.jpeg?resize=768%2C512 768w, https:\/\/i0.wp.com\/blogdalucianaoliveira.com.br\/blog\/wp-content\/uploads\/2026\/02\/6U8A5273-scaled.jpeg?resize=1536%2C1024 1536w, https:\/\/i0.wp.com\/blogdalucianaoliveira.com.br\/blog\/wp-content\/uploads\/2026\/02\/6U8A5273-scaled.jpeg?resize=2048%2C1365 2048w, https:\/\/i0.wp.com\/blogdalucianaoliveira.com.br\/blog\/wp-content\/uploads\/2026\/02\/6U8A5273-scaled.jpeg?resize=450%2C300 450w, https:\/\/i0.wp.com\/blogdalucianaoliveira.com.br\/blog\/wp-content\/uploads\/2026\/02\/6U8A5273-scaled.jpeg?w=1200 1200w, https:\/\/i0.wp.com\/blogdalucianaoliveira.com.br\/blog\/wp-content\/uploads\/2026\/02\/6U8A5273-scaled.jpeg?w=1800 1800w\" sizes=\"auto, (max-width: 300px) 100vw, 300px\" \/><\/p>\n<p>A iniciativa da deputada \u00e9 para construir em Rond\u00f4nia um compromisso como o assumido pelo presidente Lula com os poderes executivo, legislativo e judici\u00e1rio, no dia quatro de fevereiro deste ano.<!--more-->O Pacto Nacional Brasil Contra o Feminic\u00eddio \u00e9 um esfor\u00e7o conjunto para frear a viol\u00eancia contra as mulheres no pa\u00eds, que j\u00e1 contabiliza quatro v\u00edtimas de feminic\u00eddio (homic\u00eddio de mulher) a cada 24 horas.<\/p>\n<p>Rond\u00f4nia s\u00f3 aderiu nesta quinta-feira, 12, ao Pacto Nacional de Preven\u00e7\u00e3o aos Feminic\u00eddios, institu\u00eddo pelo Decreto n\u00ba 11.640, de 16 de agosto de 2023, compromisso anterior que tem o objetivo de elaborar e implementar o plano de metas para o enfrentamento integrado da viol\u00eancia dom\u00e9stica e familiar contra a mulher, previsto na Lei n\u00ba 14.899, de 17 de junho de 2024.<\/p>\n<p>A deputada protocolou duas indica\u00e7\u00f5es nesta semana, uma dirigida ao Poder Executivo estadual, extensiva \u00e0 Casa Civil, \u00e0 Secretaria de Estado da Mulher, da Fam\u00edlia, da Assist\u00eancia e do Desenvolvimento Social \u2013 SEAS e \u00e0 Secretaria de Estado da Seguran\u00e7a P\u00fablica, Defesa e Cidadania \u2013 SESDEC e outra \u00e0 Mesa Diretora da Assembleia Legislativa.<\/p>\n<p>Na indica\u00e7\u00e3o n\u00ba 16141\/26, no dia 11, Cl\u00e1udia pede a ades\u00e3o do estado ao Pacto Nacional Contra o feminic\u00eddio, com aten\u00e7\u00e3o ao Pacto de Preven\u00e7\u00e3o, que deve funcionar como um instrumento de articula\u00e7\u00e3o e operacionaliza\u00e7\u00e3o dos objetivos, diretrizes e princ\u00edpios constantes da Pol\u00edtica Nacional de Enfrentamento \u00e0 Viol\u00eancia contra as Mulheres.<\/p>\n<p>Na indica\u00e7\u00e3o n\u00ba 16141\/26, protocolada nesta quinta-feira, 12, Cl\u00e1udia de Jesus tamb\u00e9m pede que a Mesa Diretora da Assembleia Legislativa assuma a articula\u00e7\u00e3o com os \u00f3rg\u00e3os competentes para a ades\u00e3o do estado com ambos doa Pactos para conter a escalada de feminic\u00eddio.<\/p>\n<p><img data-recalc-dims=\"1\" loading=\"lazy\" decoding=\"async\" data-attachment-id=\"38294\" data-permalink=\"http:\/\/blogdalucianaoliveira.com.br\/blog\/2026\/02\/12\/claudia-de-jesus-indica-adesao-do-estado-ao-pacto-nacional-brasil-contra-o-feminicidio\/screenshot-7\/\" data-orig-file=\"https:\/\/i0.wp.com\/blogdalucianaoliveira.com.br\/blog\/wp-content\/uploads\/2026\/02\/IMG_7189.jpeg?fit=1179%2C1653\" data-orig-size=\"1179,1653\" data-comments-opened=\"0\" data-image-meta=\"{&quot;aperture&quot;:&quot;0&quot;,&quot;credit&quot;:&quot;&quot;,&quot;camera&quot;:&quot;&quot;,&quot;caption&quot;:&quot;Screenshot&quot;,&quot;created_timestamp&quot;:&quot;1770929708&quot;,&quot;copyright&quot;:&quot;&quot;,&quot;focal_length&quot;:&quot;0&quot;,&quot;iso&quot;:&quot;0&quot;,&quot;shutter_speed&quot;:&quot;0&quot;,&quot;title&quot;:&quot;Screenshot&quot;,&quot;orientation&quot;:&quot;1&quot;}\" data-image-title=\"Screenshot\" data-image-description=\"\" data-image-caption=\"&lt;p&gt;Screenshot&lt;\/p&gt;\n\" data-medium-file=\"https:\/\/i0.wp.com\/blogdalucianaoliveira.com.br\/blog\/wp-content\/uploads\/2026\/02\/IMG_7189.jpeg?fit=214%2C300\" data-large-file=\"https:\/\/i0.wp.com\/blogdalucianaoliveira.com.br\/blog\/wp-content\/uploads\/2026\/02\/IMG_7189.jpeg?fit=600%2C842\" class=\"size-medium wp-image-38294\" src=\"https:\/\/i0.wp.com\/blogdalucianaoliveira.com.br\/blog\/wp-content\/uploads\/2026\/02\/IMG_7189.jpeg?resize=214%2C300\" alt=\"\" width=\"214\" height=\"300\" srcset=\"https:\/\/i0.wp.com\/blogdalucianaoliveira.com.br\/blog\/wp-content\/uploads\/2026\/02\/IMG_7189.jpeg?resize=214%2C300 214w, https:\/\/i0.wp.com\/blogdalucianaoliveira.com.br\/blog\/wp-content\/uploads\/2026\/02\/IMG_7189.jpeg?resize=730%2C1024 730w, https:\/\/i0.wp.com\/blogdalucianaoliveira.com.br\/blog\/wp-content\/uploads\/2026\/02\/IMG_7189.jpeg?resize=768%2C1077 768w, https:\/\/i0.wp.com\/blogdalucianaoliveira.com.br\/blog\/wp-content\/uploads\/2026\/02\/IMG_7189.jpeg?resize=1096%2C1536 1096w, https:\/\/i0.wp.com\/blogdalucianaoliveira.com.br\/blog\/wp-content\/uploads\/2026\/02\/IMG_7189.jpeg?w=1179 1179w\" sizes=\"auto, (max-width: 214px) 100vw, 214px\" \/><\/p>\n<p><img data-recalc-dims=\"1\" loading=\"lazy\" decoding=\"async\" data-attachment-id=\"38295\" data-permalink=\"http:\/\/blogdalucianaoliveira.com.br\/blog\/2026\/02\/12\/claudia-de-jesus-indica-adesao-do-estado-ao-pacto-nacional-brasil-contra-o-feminicidio\/screenshot-8\/\" data-orig-file=\"https:\/\/i0.wp.com\/blogdalucianaoliveira.com.br\/blog\/wp-content\/uploads\/2026\/02\/IMG_7188.jpeg?fit=1179%2C1532\" data-orig-size=\"1179,1532\" data-comments-opened=\"0\" data-image-meta=\"{&quot;aperture&quot;:&quot;0&quot;,&quot;credit&quot;:&quot;&quot;,&quot;camera&quot;:&quot;&quot;,&quot;caption&quot;:&quot;Screenshot&quot;,&quot;created_timestamp&quot;:&quot;1770929696&quot;,&quot;copyright&quot;:&quot;&quot;,&quot;focal_length&quot;:&quot;0&quot;,&quot;iso&quot;:&quot;0&quot;,&quot;shutter_speed&quot;:&quot;0&quot;,&quot;title&quot;:&quot;Screenshot&quot;,&quot;orientation&quot;:&quot;1&quot;}\" data-image-title=\"Screenshot\" data-image-description=\"\" data-image-caption=\"&lt;p&gt;Screenshot&lt;\/p&gt;\n\" data-medium-file=\"https:\/\/i0.wp.com\/blogdalucianaoliveira.com.br\/blog\/wp-content\/uploads\/2026\/02\/IMG_7188.jpeg?fit=231%2C300\" data-large-file=\"https:\/\/i0.wp.com\/blogdalucianaoliveira.com.br\/blog\/wp-content\/uploads\/2026\/02\/IMG_7188.jpeg?fit=600%2C780\" class=\"size-medium wp-image-38295\" src=\"https:\/\/i0.wp.com\/blogdalucianaoliveira.com.br\/blog\/wp-content\/uploads\/2026\/02\/IMG_7188.jpeg?resize=231%2C300\" alt=\"\" width=\"231\" height=\"300\" srcset=\"https:\/\/i0.wp.com\/blogdalucianaoliveira.com.br\/blog\/wp-content\/uploads\/2026\/02\/IMG_7188.jpeg?resize=231%2C300 231w, https:\/\/i0.wp.com\/blogdalucianaoliveira.com.br\/blog\/wp-content\/uploads\/2026\/02\/IMG_7188.jpeg?resize=788%2C1024 788w, https:\/\/i0.wp.com\/blogdalucianaoliveira.com.br\/blog\/wp-content\/uploads\/2026\/02\/IMG_7188.jpeg?resize=768%2C998 768w, https:\/\/i0.wp.com\/blogdalucianaoliveira.com.br\/blog\/wp-content\/uploads\/2026\/02\/IMG_7188.jpeg?w=1179 1179w\" sizes=\"auto, (max-width: 231px) 100vw, 231px\" \/><\/p>\n<p>O governo federal criou os compromissos para unir a\u00e7\u00f5es de v\u00e1rias \u00e1reas sob a coordena\u00e7\u00e3o do Minist\u00e9rio das Mulheres e a ades\u00e3o de estados e munic\u00edpios e a participa\u00e7\u00e3o do conjunto da sociedade est\u00e1 prevista na preven\u00e7\u00e3o e no enfrentamento.<\/p>\n<p>Cl\u00e1udia est\u00e1 conectada aos esfor\u00e7os do governo federal para proteger as mulheres e no dia 20 deste m\u00eas, indicou ao governo de Rond\u00f4nia a necessidade de implementar a campanha permanente de combate \u00e0 viol\u00eancia contra a mulher em todos os munic\u00edpios.<\/p>\n<p>\u201cTemos ouvido e agido ap\u00f3s esculta da sociedade. O pedido de campanha permanente \u00e9 uma reposta \u00e0 carta encaminhada pelo F\u00f3rum Popular de Mulheres\/Levante Feminista contra o Feminic\u00eddio, Transfeminic\u00eddio e Lesboc\u00eddio de Rond\u00f4nia, e v\u00e1rias organiza\u00e7\u00f5es da sociedade civil e coletivos de Mulheres, indignadas com o aumento da incid\u00eancia dos casos de viol\u00eancia e feminic\u00eddios praticados contra as mulheres no Estado de Rond\u00f4nia\u201d, disse a deputada.<\/p>\n<figure id=\"attachment_38296\" aria-describedby=\"caption-attachment-38296\" style=\"width: 219px\" class=\"wp-caption alignnone\"><img data-recalc-dims=\"1\" loading=\"lazy\" decoding=\"async\" data-attachment-id=\"38296\" data-permalink=\"http:\/\/blogdalucianaoliveira.com.br\/blog\/2026\/02\/12\/claudia-de-jesus-indica-adesao-do-estado-ao-pacto-nacional-brasil-contra-o-feminicidio\/screenshot-9\/\" data-orig-file=\"https:\/\/i0.wp.com\/blogdalucianaoliveira.com.br\/blog\/wp-content\/uploads\/2026\/02\/IMG_7187.jpeg?fit=1179%2C1613\" data-orig-size=\"1179,1613\" data-comments-opened=\"0\" data-image-meta=\"{&quot;aperture&quot;:&quot;0&quot;,&quot;credit&quot;:&quot;&quot;,&quot;camera&quot;:&quot;&quot;,&quot;caption&quot;:&quot;Screenshot&quot;,&quot;created_timestamp&quot;:&quot;1770929422&quot;,&quot;copyright&quot;:&quot;&quot;,&quot;focal_length&quot;:&quot;0&quot;,&quot;iso&quot;:&quot;0&quot;,&quot;shutter_speed&quot;:&quot;0&quot;,&quot;title&quot;:&quot;Screenshot&quot;,&quot;orientation&quot;:&quot;1&quot;}\" data-image-title=\"Screenshot\" data-image-description=\"\" data-image-caption=\"&lt;p&gt;Screenshot&lt;\/p&gt;\n\" data-medium-file=\"https:\/\/i0.wp.com\/blogdalucianaoliveira.com.br\/blog\/wp-content\/uploads\/2026\/02\/IMG_7187.jpeg?fit=219%2C300\" data-large-file=\"https:\/\/i0.wp.com\/blogdalucianaoliveira.com.br\/blog\/wp-content\/uploads\/2026\/02\/IMG_7187.jpeg?fit=600%2C821\" class=\"size-medium wp-image-38296\" src=\"https:\/\/i0.wp.com\/blogdalucianaoliveira.com.br\/blog\/wp-content\/uploads\/2026\/02\/IMG_7187.jpeg?resize=219%2C300\" alt=\"\" width=\"219\" height=\"300\" srcset=\"https:\/\/i0.wp.com\/blogdalucianaoliveira.com.br\/blog\/wp-content\/uploads\/2026\/02\/IMG_7187.jpeg?resize=219%2C300 219w, https:\/\/i0.wp.com\/blogdalucianaoliveira.com.br\/blog\/wp-content\/uploads\/2026\/02\/IMG_7187.jpeg?resize=748%2C1024 748w, https:\/\/i0.wp.com\/blogdalucianaoliveira.com.br\/blog\/wp-content\/uploads\/2026\/02\/IMG_7187.jpeg?resize=768%2C1051 768w, https:\/\/i0.wp.com\/blogdalucianaoliveira.com.br\/blog\/wp-content\/uploads\/2026\/02\/IMG_7187.jpeg?resize=1123%2C1536 1123w, https:\/\/i0.wp.com\/blogdalucianaoliveira.com.br\/blog\/wp-content\/uploads\/2026\/02\/IMG_7187.jpeg?w=1179 1179w\" sizes=\"auto, (max-width: 219px) 100vw, 219px\" \/><figcaption id=\"caption-attachment-38296\" class=\"wp-caption-text\">Screenshot<\/figcaption><\/figure>\n<p>&nbsp;<\/p>\n<p>&nbsp;<\/p>\n","protected":false},"excerpt":{"rendered":"<p>A iniciativa da deputada \u00e9 para construir em Rond\u00f4nia um compromisso como o assumido pelo presidente Lula com os poderes executivo, legislativo e judici\u00e1rio, no dia quatro de fevereiro deste ano.<\/p>\n","protected":false},"author":1,"featured_media":0,"comment_status":"closed","ping_status":"open","sticky":false,"template":"","format":"standard","meta":{"_exactmetrics_skip_tracking":false,"_exactmetrics_sitenote_active":false,"_exactmetrics_sitenote_note":"","_exactmetrics_sitenote_category":0,"jetpack_post_was_ever_published":false,"_jetpack_newsletter_access":"","_jetpack_dont_email_post_to_subs":false,"_jetpack_newsletter_tier_id":0,"_jetpack_memberships_contains_paywalled_content":false,"_jetpack_memberships_contains_paid_content":false,"footnotes":"","jetpack_publicize_message":"","jetpack_publicize_feature_enabled":true,"jetpack_social_post_already_shared":true,"jetpack_social_options":{"image_generator_settings":{"template":"highway","enabled":false},"version":2}},"categories":[1],"tags":[1429,95,1339],"class_list":["post-38291","post","type-post","status-publish","format-standard","hentry","category-notas","tag-deputada-claudia-de-jesus","tag-mulher","tag-pacto"],"jetpack_publicize_connections":[],"jetpack_sharing_enabled":true,"jetpack_featured_media_url":"","jetpack_shortlink":"https:\/\/wp.me\/p7wKYW-9XB","jetpack-related-posts":[],"_links":{"self":[{"href":"http:\/\/blogdalucianaoliveira.com.br\/blog\/wp-json\/wp\/v2\/posts\/38291","targetHints":{"allow":["GET"]}}],"collection":[{"href":"http:\/\/blogdalucianaoliveira.com.br\/blog\/wp-json\/wp\/v2\/posts"}],"about":[{"href":"http:\/\/blogdalucianaoliveira.com.br\/blog\/wp-json\/wp\/v2\/types\/post"}],"author":[{"embeddable":true,"href":"http:\/\/blogdalucianaoliveira.com.br\/blog\/wp-json\/wp\/v2\/users\/1"}],"replies":[{"embeddable":true,"href":"http:\/\/blogdalucianaoliveira.com.br\/blog\/wp-json\/wp\/v2\/comments?post=38291"}],"version-history":[{"count":1,"href":"http:\/\/blogdalucianaoliveira.com.br\/blog\/wp-json\/wp\/v2\/posts\/38291\/revisions"}],"predecessor-version":[{"id":38297,"href":"http:\/\/blogdalucianaoliveira.com.br\/blog\/wp-json\/wp\/v2\/posts\/38291\/revisions\/38297"}],"wp:attachment":[{"href":"http:\/\/blogdalucianaoliveira.com.br\/blog\/wp-json\/wp\/v2\/media?parent=38291"}],"wp:term":[{"taxonomy":"category","embeddable":true,"href":"http:\/\/blogdalucianaoliveira.com.br\/blog\/wp-json\/wp\/v2\/categories?post=38291"},{"taxonomy":"post_tag","embeddable":true,"href":"http:\/\/blogdalucianaoliveira.com.br\/blog\/wp-json\/wp\/v2\/tags?post=38291"}],"curies":[{"name":"wp","href":"https:\/\/api.w.org\/{rel}","templated":true}]}}