{"id":38298,"date":"2026-02-16T18:37:17","date_gmt":"2026-02-16T22:37:17","guid":{"rendered":"https:\/\/blogdalucianaoliveira.com.br\/blog\/?p=38298"},"modified":"2026-02-20T15:43:04","modified_gmt":"2026-02-20T19:43:04","slug":"ecopore-e-pirarucu-do-madeira-encerram-campanha-ambiental-com-plantio-no-nova-conquista-copyright-all-rights-reserved-esse-material-exclusivo-pertence-ao-site-informa-rondonia-www-in","status":"publish","type":"post","link":"http:\/\/blogdalucianaoliveira.com.br\/blog\/2026\/02\/16\/ecopore-e-pirarucu-do-madeira-encerram-campanha-ambiental-com-plantio-no-nova-conquista-copyright-all-rights-reserved-esse-material-exclusivo-pertence-ao-site-informa-rondonia-www-in\/","title":{"rendered":"Ecopor\u00e9 e Pirarucu do Madeira encerram campanha ambiental com plantio no Nova Conquista"},"content":{"rendered":"<p>&nbsp;<\/p>\n<p>Informa Rond\u00f4nia &#8211; A campanha \u201cPara cada foli\u00e3o, uma \u00e1rvore\u201d foi conclu\u00edda com o plantio realizado no Assentamento Nova Conquista, em Porto Velho, consolidando a proposta de vincular a agenda cultural do Carnaval a a\u00e7\u00f5es ambientais de base comunit\u00e1ria. A iniciativa, conduzida pela Ecopor\u00e9 em parceria com o bloco Pirarucu do Madeira, ocorreu em per\u00edodo considerado adequado \u00e0s condi\u00e7\u00f5es clim\u00e1ticas da Amaz\u00f4nia, com utiliza\u00e7\u00e3o de mudas e da t\u00e9cnica de muvuca, combina\u00e7\u00e3o de sementes selecionadas com base cient\u00edfica.<!--more--><\/p>\n<p>A defini\u00e7\u00e3o da data levou em conta pedidos apresentados por moradores e o calend\u00e1rio de plantio, o que, segundo a organiza\u00e7\u00e3o, refor\u00e7ou o di\u00e1logo com a comunidade local. A primeira muda foi plantada por Maria Auxiliadora Lopes Pinheiro, de 81 anos, pioneira da regi\u00e3o, em um gesto simb\u00f3lico que destacou a participa\u00e7\u00e3o dos moradores no processo de restaura\u00e7\u00e3o.<\/p>\n<p><img data-recalc-dims=\"1\" loading=\"lazy\" decoding=\"async\" data-attachment-id=\"38299\" data-permalink=\"http:\/\/blogdalucianaoliveira.com.br\/blog\/2026\/02\/16\/ecopore-e-pirarucu-do-madeira-encerram-campanha-ambiental-com-plantio-no-nova-conquista-copyright-all-rights-reserved-esse-material-exclusivo-pertence-ao-site-informa-rondonia-www-in\/img_7766-2\/\" data-orig-file=\"https:\/\/i0.wp.com\/blogdalucianaoliveira.com.br\/blog\/wp-content\/uploads\/2026\/02\/IMG_7766.jpeg?fit=960%2C640\" data-orig-size=\"960,640\" data-comments-opened=\"0\" data-image-meta=\"{&quot;aperture&quot;:&quot;0&quot;,&quot;credit&quot;:&quot;&quot;,&quot;camera&quot;:&quot;&quot;,&quot;caption&quot;:&quot;&quot;,&quot;created_timestamp&quot;:&quot;0&quot;,&quot;copyright&quot;:&quot;&quot;,&quot;focal_length&quot;:&quot;0&quot;,&quot;iso&quot;:&quot;0&quot;,&quot;shutter_speed&quot;:&quot;0&quot;,&quot;title&quot;:&quot;&quot;,&quot;orientation&quot;:&quot;1&quot;}\" data-image-title=\"IMG_7766\" data-image-description=\"\" data-image-caption=\"\" data-medium-file=\"https:\/\/i0.wp.com\/blogdalucianaoliveira.com.br\/blog\/wp-content\/uploads\/2026\/02\/IMG_7766.jpeg?fit=300%2C200\" data-large-file=\"https:\/\/i0.wp.com\/blogdalucianaoliveira.com.br\/blog\/wp-content\/uploads\/2026\/02\/IMG_7766.jpeg?fit=600%2C400\" class=\"alignnone size-medium wp-image-38299\" src=\"https:\/\/i0.wp.com\/blogdalucianaoliveira.com.br\/blog\/wp-content\/uploads\/2026\/02\/IMG_7766.jpeg?resize=300%2C200\" alt=\"\" width=\"300\" height=\"200\" srcset=\"https:\/\/i0.wp.com\/blogdalucianaoliveira.com.br\/blog\/wp-content\/uploads\/2026\/02\/IMG_7766.jpeg?resize=300%2C200 300w, https:\/\/i0.wp.com\/blogdalucianaoliveira.com.br\/blog\/wp-content\/uploads\/2026\/02\/IMG_7766.jpeg?resize=768%2C512 768w, https:\/\/i0.wp.com\/blogdalucianaoliveira.com.br\/blog\/wp-content\/uploads\/2026\/02\/IMG_7766.jpeg?resize=450%2C300 450w, https:\/\/i0.wp.com\/blogdalucianaoliveira.com.br\/blog\/wp-content\/uploads\/2026\/02\/IMG_7766.jpeg?w=960 960w\" sizes=\"auto, (max-width: 300px) 100vw, 300px\" \/><\/p>\n<p>A presidente da Associa\u00e7\u00e3o dos Produtores Rurais do Projeto Fundi\u00e1rio Nova Conquista, Raimunda Luiza Nunes Moreira, relatou que o contato inicial com a Ecopor\u00e9 ocorreu durante participa\u00e7\u00e3o em evento agropecu\u00e1rio e que o interesse manifestado pela comunidade resultou na a\u00e7\u00e3o. Ela afirmou que plantar \u00e1rvores representa cuidado com o territ\u00f3rio e relembrou que a \u00e1rea foi ocupada ap\u00f3s a enchente de 2014, quando fam\u00edlias precisaram recome\u00e7ar a vida na regi\u00e3o.<\/p>\n<p>A presidente da Associa\u00e7\u00e3o dos Produtores Rurais do Projeto Fundi\u00e1rio Nova Conquista, Raimunda Luiza Nunes Moreira, relatou que o contato inicial com a Ecopor\u00e9 ocorreu durante participa\u00e7\u00e3o em evento agropecu\u00e1rio e que o interesse manifestado pela comunidade resultou na a\u00e7\u00e3o. Ela afirmou que plantar \u00e1rvores representa cuidado com o territ\u00f3rio e relembrou que a \u00e1rea foi ocupada ap\u00f3s a enchente de 2014, quando fam\u00edlias precisaram recome\u00e7ar a vida na regi\u00e3o.<\/p>\n<p>A integra\u00e7\u00e3o entre diferentes saberes tamb\u00e9m foi destacada por Sebastiana Cl\u00e1udia, coordenadora do Movimento das Mulheres Camponesas em Rond\u00f4nia, que avaliou a atividade como um interc\u00e2mbio e ressaltou a rela\u00e7\u00e3o entre meio ambiente e vida no campo. O diretor-presidente da Ecopor\u00e9, Marcelo Ferronato, afirmou que o principal resultado est\u00e1 na articula\u00e7\u00e3o entre cultura, economia local e conserva\u00e7\u00e3o ambiental, explicando que a proposta busca unir setores em torno de objetivos comuns.<\/p>\n<p>Para a presidente do bloco Pirarucu do Madeira, Luciana Oliveira, a iniciativa demonstra que manifesta\u00e7\u00f5es culturais podem contribuir para a conscientiza\u00e7\u00e3o ambiental, ao transformar a mobiliza\u00e7\u00e3o do Carnaval em a\u00e7\u00f5es de recupera\u00e7\u00e3o da vegeta\u00e7\u00e3o. \u201cNo carnaval 2025 plantamos as sementes e em 2026 as mudas\u201d, frisou.<\/p>\n<p>A atividade contou ainda com a presen\u00e7a da Secretaria Municipal de Meio Ambiente, da Secretaria Municipal de Agricultura (Sema), sob comando de Vinicius Valentin Raduan Miguel, e da Emater-RO, dirigida por Luiz Cl\u00e1udio Pereira Alves.<\/p>\n<p>Com o encerramento do ciclo de plantios, que incluiu a\u00e7\u00f5es em outros pontos da capital, a iniciativa foi conectada \u00e0s diretrizes do Plano Nacional de Recupera\u00e7\u00e3o da Vegeta\u00e7\u00e3o Nativa, que prev\u00ea a restaura\u00e7\u00e3o ambiental associada \u00e0 inclus\u00e3o socioecon\u00f4mica e ao protagonismo das comunidades locais.<\/p>\n<p>&nbsp;<\/p>\n","protected":false},"excerpt":{"rendered":"<p>&nbsp; Informa Rond\u00f4nia &#8211; A campanha \u201cPara cada foli\u00e3o, uma \u00e1rvore\u201d foi conclu\u00edda com o plantio realizado no Assentamento Nova Conquista, em Porto Velho, consolidando a proposta de vincular a agenda cultural do Carnaval a a\u00e7\u00f5es ambientais de base comunit\u00e1ria. A iniciativa, conduzida pela Ecopor\u00e9 em parceria com o bloco Pirarucu do Madeira, ocorreu em&#8230;<a class=\"more-link\" href=\"http:\/\/blogdalucianaoliveira.com.br\/blog\/2026\/02\/16\/ecopore-e-pirarucu-do-madeira-encerram-campanha-ambiental-com-plantio-no-nova-conquista-copyright-all-rights-reserved-esse-material-exclusivo-pertence-ao-site-informa-rondonia-www-in\/\">Continue a leitura <span class=\"meta-nav\">&raquo;<\/span><\/a><\/p>\n","protected":false},"author":1,"featured_media":0,"comment_status":"closed","ping_status":"open","sticky":false,"template":"","format":"standard","meta":{"_exactmetrics_skip_tracking":false,"_exactmetrics_sitenote_active":false,"_exactmetrics_sitenote_note":"","_exactmetrics_sitenote_category":0,"jetpack_post_was_ever_published":false,"_jetpack_newsletter_access":"","_jetpack_dont_email_post_to_subs":false,"_jetpack_newsletter_tier_id":0,"_jetpack_memberships_contains_paywalled_content":false,"_jetpack_memberships_contains_paid_content":false,"footnotes":"","jetpack_publicize_message":"","jetpack_publicize_feature_enabled":true,"jetpack_social_post_already_shared":true,"jetpack_social_options":{"image_generator_settings":{"template":"highway","enabled":false},"version":2}},"categories":[1],"tags":[821,1093,248,1616,1615],"class_list":["post-38298","post","type-post","status-publish","format-standard","hentry","category-notas","tag-bloco-pirarucu-do-madeira","tag-campanha","tag-carnaval","tag-mudas","tag-plantio"],"jetpack_publicize_connections":[],"jetpack_sharing_enabled":true,"jetpack_featured_media_url":"","jetpack_shortlink":"https:\/\/wp.me\/p7wKYW-9XI","jetpack-related-posts":[],"_links":{"self":[{"href":"http:\/\/blogdalucianaoliveira.com.br\/blog\/wp-json\/wp\/v2\/posts\/38298","targetHints":{"allow":["GET"]}}],"collection":[{"href":"http:\/\/blogdalucianaoliveira.com.br\/blog\/wp-json\/wp\/v2\/posts"}],"about":[{"href":"http:\/\/blogdalucianaoliveira.com.br\/blog\/wp-json\/wp\/v2\/types\/post"}],"author":[{"embeddable":true,"href":"http:\/\/blogdalucianaoliveira.com.br\/blog\/wp-json\/wp\/v2\/users\/1"}],"replies":[{"embeddable":true,"href":"http:\/\/blogdalucianaoliveira.com.br\/blog\/wp-json\/wp\/v2\/comments?post=38298"}],"version-history":[{"count":2,"href":"http:\/\/blogdalucianaoliveira.com.br\/blog\/wp-json\/wp\/v2\/posts\/38298\/revisions"}],"predecessor-version":[{"id":38327,"href":"http:\/\/blogdalucianaoliveira.com.br\/blog\/wp-json\/wp\/v2\/posts\/38298\/revisions\/38327"}],"wp:attachment":[{"href":"http:\/\/blogdalucianaoliveira.com.br\/blog\/wp-json\/wp\/v2\/media?parent=38298"}],"wp:term":[{"taxonomy":"category","embeddable":true,"href":"http:\/\/blogdalucianaoliveira.com.br\/blog\/wp-json\/wp\/v2\/categories?post=38298"},{"taxonomy":"post_tag","embeddable":true,"href":"http:\/\/blogdalucianaoliveira.com.br\/blog\/wp-json\/wp\/v2\/tags?post=38298"}],"curies":[{"name":"wp","href":"https:\/\/api.w.org\/{rel}","templated":true}]}}