{"id":38301,"date":"2026-02-16T18:44:05","date_gmt":"2026-02-16T22:44:05","guid":{"rendered":"https:\/\/blogdalucianaoliveira.com.br\/blog\/?p=38301"},"modified":"2026-02-16T18:44:05","modified_gmt":"2026-02-16T22:44:05","slug":"lulismo-volta-a-disputar-narrativa-na-cultura-popular-cientista-politico-analisa-homenagem-a-lula-no-carnaval","status":"publish","type":"post","link":"http:\/\/blogdalucianaoliveira.com.br\/blog\/2026\/02\/16\/lulismo-volta-a-disputar-narrativa-na-cultura-popular-cientista-politico-analisa-homenagem-a-lula-no-carnaval\/","title":{"rendered":"\u2018Lulismo volta a disputar narrativa na cultura popular\u2019: cientista pol\u00edtico analisa homenagem a Lula no Carnaval"},"content":{"rendered":"<p><img data-recalc-dims=\"1\" loading=\"lazy\" decoding=\"async\" data-attachment-id=\"38303\" data-permalink=\"http:\/\/blogdalucianaoliveira.com.br\/blog\/2026\/02\/16\/lulismo-volta-a-disputar-narrativa-na-cultura-popular-cientista-politico-analisa-homenagem-a-lula-no-carnaval\/img_7767\/\" data-orig-file=\"https:\/\/i0.wp.com\/blogdalucianaoliveira.com.br\/blog\/wp-content\/uploads\/2026\/02\/IMG_7767.jpeg?fit=799%2C533\" data-orig-size=\"799,533\" data-comments-opened=\"0\" data-image-meta=\"{&quot;aperture&quot;:&quot;0&quot;,&quot;credit&quot;:&quot;&quot;,&quot;camera&quot;:&quot;&quot;,&quot;caption&quot;:&quot;&quot;,&quot;created_timestamp&quot;:&quot;0&quot;,&quot;copyright&quot;:&quot;WWW.ALEXFERRO.COM.BR&quot;,&quot;focal_length&quot;:&quot;0&quot;,&quot;iso&quot;:&quot;0&quot;,&quot;shutter_speed&quot;:&quot;0&quot;,&quot;title&quot;:&quot;&quot;,&quot;orientation&quot;:&quot;0&quot;}\" data-image-title=\"IMG_7767\" data-image-description=\"\" data-image-caption=\"\" data-medium-file=\"https:\/\/i0.wp.com\/blogdalucianaoliveira.com.br\/blog\/wp-content\/uploads\/2026\/02\/IMG_7767.jpeg?fit=300%2C200\" data-large-file=\"https:\/\/i0.wp.com\/blogdalucianaoliveira.com.br\/blog\/wp-content\/uploads\/2026\/02\/IMG_7767.jpeg?fit=600%2C400\" class=\"alignnone size-medium wp-image-38303\" src=\"https:\/\/i0.wp.com\/blogdalucianaoliveira.com.br\/blog\/wp-content\/uploads\/2026\/02\/IMG_7767.jpeg?resize=300%2C200\" alt=\"\" width=\"300\" height=\"200\" srcset=\"https:\/\/i0.wp.com\/blogdalucianaoliveira.com.br\/blog\/wp-content\/uploads\/2026\/02\/IMG_7767.jpeg?resize=300%2C200 300w, https:\/\/i0.wp.com\/blogdalucianaoliveira.com.br\/blog\/wp-content\/uploads\/2026\/02\/IMG_7767.jpeg?resize=768%2C512 768w, https:\/\/i0.wp.com\/blogdalucianaoliveira.com.br\/blog\/wp-content\/uploads\/2026\/02\/IMG_7767.jpeg?resize=450%2C300 450w, https:\/\/i0.wp.com\/blogdalucianaoliveira.com.br\/blog\/wp-content\/uploads\/2026\/02\/IMG_7767.jpeg?w=799 799w\" sizes=\"auto, (max-width: 300px) 100vw, 300px\" \/><\/p>\n<h2 class=\"elementor-heading-title elementor-size-default\">Rud\u00e1 Ricci v\u00ea na festa da Acad\u00eamicos de Niter\u00f3i um marco na disputa simb\u00f3lica contra o bolsonarismo<\/h2>\n<p><!--more-->BDF &#8211;\u00a0<a title=\"Acad\u00eamicos de Niter\u00f3i homenageia Lula, que assistir\u00e1 ao desfile em camarote neste domingo (15)\" href=\"https:\/\/www.brasildefato.com.br\/2026\/02\/15\/academicos-de-niteroi-homenageia-lula-que-assistira-ao-desfile-em-camarote-neste-domingo-15\/\" target=\"_blank\" rel=\"noopener\">Ao levar para a avenida uma homenagem ao presidente Lula, a A<\/a><a title=\"Acad\u00eamicos de Niter\u00f3i homenageia Lula, que assistir\u00e1 ao desfile em camarote neste domingo (15)\" href=\"https:\/\/www.brasildefato.com.br\/2026\/02\/15\/academicos-de-niteroi-homenageia-lula-que-assistira-ao-desfile-em-camarote-neste-domingo-15\/\" target=\"_blank\" rel=\"noopener\">cad\u00eamicos de Niter\u00f3i <\/a>transcendeu a festa e entrou no campo da disputa pol\u00edtica e simb\u00f3lica, disse o cientista pol\u00edtico Rud\u00e1 Ricci ao <a title=\"\" href=\"https:\/\/www.youtube.com\/live\/7RaAUa0vhU4?si=WcfGzPKQZp0jU8qa\" target=\"_blank\" rel=\"noopener\"><em>Conex\u00e3o BdF<\/em><\/a>, da <strong>R\u00e1dio Brasil de Fato<\/strong>. O desfile, repleto de refer\u00eancias \u00e0 resist\u00eancia democr\u00e1tica \u2014 com alas que lembraram o golpe contra Dilma Rousseff, a pris\u00e3o de Lula e cr\u00edticas a Michel Temer e Jair Bolsonaro \u2014, reacendeu o debate sobre os limites entre arte, pol\u00edtica e propaganda eleitoral.<\/p>\n<p>Ricci lembra que a homenagem n\u00e3o \u00e9 um fato in\u00e9dito. \u201cJK foi homenageado, Get\u00falio Vargas teve duas ou tr\u00eas, Lula essa \u00e9 a terceira. Bolsonaro teve, Temer teve. O fato em si n\u00e3o \u00e9 novo\u201d, lembra No entanto, o contexto de ano eleitoral e a rea\u00e7\u00e3o virulenta da oposi\u00e7\u00e3o colocam a quest\u00e3o em outro patamar.<\/p>\n<p>Ricci consultou juristas sobre a legalidade da homenagem. \u201cAlguns dizem que, primeiro, n\u00e3o foi ningu\u00e9m do governo \u2014 nem Lula, nem Janja, nem ministro \u2014 e isso conta. Segundo, o enredo falava do passado, n\u00e3o do presente. Isso talvez crie uma sa\u00edda jur\u00eddica.\u201d Mas o cientista pol\u00edtico vai al\u00e9m da an\u00e1lise legal. Para ele, o que est\u00e1 em jogo \u00e9 a disputa de narrativas e a amplia\u00e7\u00e3o dos limites do aceit\u00e1vel no debate p\u00fablico \u2014 o que os norte-americanos chamam de \u201cjanela de Overton\u201d.<\/p>\n<p>\u201cO <a title=\"bolsonarismo\" href=\"https:\/\/www.brasildefato.com.br\/tag\/bolsonarismo\/\" target=\"_blank\" rel=\"noopener\">bolsonarismo<\/a> quebrou essa janela ao atacar mulheres, negros, homossexuais, outros poderes, ministros do STF [Supremo Tribunal Federal]. Agora, o lulismo tamb\u00e9m quebrou os batentes da \u2018janela de Overton\u2019 ao usar uma festa popular para homenagear um pol\u00edtico vivo em ano eleitoral. Vai dar uma briga jur\u00eddica, mas se passar tranquilo, acaba essa hist\u00f3ria de que n\u00e3o pode.\u201d<br \/>\nO desfile da Acad\u00eamicos de Niter\u00f3i escancarou uma percep\u00e7\u00e3o que, para muitos, estava restrita \u00e0 \u201cbolha\u201d da esquerda: a de que <a title=\"Dilma sofreu um golpe, que Lula foi preso injustamente e que Temer e Bolsonaro\" href=\"https:\/\/www.brasildefato.com.br\/2026\/02\/16\/desfile-da-academicos-de-niteroi-em-homenagem-a-lula-tem-bozo-preso-e-temer-roubando-faixa-de-dilma\/\" target=\"_blank\" rel=\"noopener\">Dilma sofreu um golpe, que Lula foi preso injustamente e que Temer e Bolsonaro<\/a>representavam interesses do capital.<\/p>\n<p>Ele destaca que o campo lulista, ap\u00f3s a campanha de reelei\u00e7\u00e3o de Dilma em 2014, parece ter recuperado a capacidade de disputar narrativas no macroespa\u00e7o \u2014 nas redes sociais e, agora, na cultura popular. \u201cO lulismo volta disputar a narrativa no macro espa\u00e7o, nas redes sociais, e, agora, na cultura popular\u201d, observa Ricci. \u201cIsso deixa os bolsonaristas esperneando, porque perderam a dianteira que tinham.\u201d<\/p>\n<p>O desafio, alerta, ser\u00e1 traduzir esse discurso geral em comunica\u00e7\u00e3o fragmentada para nichos espec\u00edficos, como o bolsonarismo fez em 2018 com os grupos de WhatsApp.<\/p>\n<h4 class=\"wp-block-heading\">Banco Master: semelhan\u00e7a com caso Epstein<\/h4>\n<p>Al\u00e9m do Carnaval, Ricci fez uma an\u00e1lise do <a title=\"banco master\" href=\"https:\/\/www.brasildefato.com.br\/tag\/banco-master\/\" target=\"_blank\" rel=\"noopener\">esc\u00e2ndalo do Banco Master<\/a>, que deixou de ser estritamente financeiro para se tornar um imbr\u00f3glio pol\u00edtico de grandes propor\u00e7\u00f5es. \u201cH\u00e1 uma s\u00e9rie de not\u00edcias que d\u00e3o o panorama de um esc\u00e2ndalo de grandes propor\u00e7\u00f5es\u201d, afirma.<\/p>\n<p>Ele cita as revela\u00e7\u00f5es de que o dono do banco contratava <a title=\"\" href=\"https:\/\/www.brasildefato.com.br\/2026\/02\/06\/quem-e-jeffrey-epstein-e-qual-a-relacao-dele-com-o-brasil\/\" target=\"_blank\" rel=\"noopener\">garotas de programa de v\u00e1rios pa\u00edses<\/a> e as oferecia a pol\u00edticos em festas \u2014 uma aproxima\u00e7\u00e3o com o <a title=\"Caso Epstein\" href=\"https:\/\/www.brasildefato.com.br\/tag\/caso-epstein\/\" target=\"_blank\" rel=\"noopener\">esc\u00e2ndalo Epstein<\/a>nos Estados Unidos. \u201cIsso come\u00e7a a se ramificar para muitos pol\u00edticos do Congresso Nacional. V\u00e1rios jornais citam o centr\u00e3o como principal grupo envolvido.\u201d<\/p>\n<p>Ricci faz um alerta aos jornalistas: \u201cNa pol\u00edtica, quando um esc\u00e2ndalo envolve muitas correntes, partidos e lideran\u00e7as, a tend\u00eancia \u00e9 abafar. Quando o foco \u00e9 um bloco s\u00f3, a tend\u00eancia \u00e9 sangrar. A impress\u00e3o \u00e9 que envolve o centr\u00e3o, mas n\u00e3o s\u00f3. Voc\u00eas v\u00e3o ter que ficar muito atentos.\u201d<\/p>\n<p>Outro cap\u00edtulo comentado \u00e9 o vazamento do di\u00e1logo entre os ministros do STF que culminou no <a title=\"Toffoli deixa relatoria de investiga\u00e7\u00e3o sobre o Banco Master\" href=\"https:\/\/www.brasildefato.com.br\/2026\/02\/12\/toffoli-deixa-relatoria-de-investigacao-sobre-o-banco-master\/\" target=\"_blank\" rel=\"noopener\">afastamento de Dias Toffoli<\/a> da relatoria do caso Master. A imprensa tem apontado Toffoli como o autor do vazamento, mas Ricci duvida. \u201cN\u00e3o tem sentido o Toffoli ter vazado. Se ele gravou, gravou para ter poder de chantagem. Se vaza, perde esse poder. No m\u00e1ximo, vazaria um pedacinho.\u201d<\/p>\n<p>Ricci evita apontar culpados, mas questiona: \u201cA quem esse vazamento daria for\u00e7a pol\u00edtica dentro do STF? N\u00e3o facilita a vida de Fl\u00e1vio Dino, de Alexandre de Moraes, de Mendon\u00e7a, do pr\u00f3prio Toffoli. Esse tema ainda vai render muito.\u201d<\/p>\n<p>&nbsp;<\/p>\n","protected":false},"excerpt":{"rendered":"<p>Rud\u00e1 Ricci v\u00ea na festa da Acad\u00eamicos de Niter\u00f3i um marco na disputa simb\u00f3lica contra o bolsonarismo<\/p>\n","protected":false},"author":1,"featured_media":0,"comment_status":"closed","ping_status":"open","sticky":false,"template":"","format":"standard","meta":{"_exactmetrics_skip_tracking":false,"_exactmetrics_sitenote_active":false,"_exactmetrics_sitenote_note":"","_exactmetrics_sitenote_category":0,"jetpack_post_was_ever_published":false,"_jetpack_newsletter_access":"","_jetpack_dont_email_post_to_subs":false,"_jetpack_newsletter_tier_id":0,"_jetpack_memberships_contains_paywalled_content":false,"_jetpack_memberships_contains_paid_content":false,"footnotes":"","jetpack_publicize_message":"","jetpack_publicize_feature_enabled":true,"jetpack_social_post_already_shared":true,"jetpack_social_options":{"image_generator_settings":{"template":"highway","enabled":false},"version":2}},"categories":[1],"tags":[],"class_list":["post-38301","post","type-post","status-publish","format-standard","hentry","category-notas"],"jetpack_publicize_connections":[],"jetpack_sharing_enabled":true,"jetpack_featured_media_url":"","jetpack_shortlink":"https:\/\/wp.me\/p7wKYW-9XL","jetpack-related-posts":[],"_links":{"self":[{"href":"http:\/\/blogdalucianaoliveira.com.br\/blog\/wp-json\/wp\/v2\/posts\/38301","targetHints":{"allow":["GET"]}}],"collection":[{"href":"http:\/\/blogdalucianaoliveira.com.br\/blog\/wp-json\/wp\/v2\/posts"}],"about":[{"href":"http:\/\/blogdalucianaoliveira.com.br\/blog\/wp-json\/wp\/v2\/types\/post"}],"author":[{"embeddable":true,"href":"http:\/\/blogdalucianaoliveira.com.br\/blog\/wp-json\/wp\/v2\/users\/1"}],"replies":[{"embeddable":true,"href":"http:\/\/blogdalucianaoliveira.com.br\/blog\/wp-json\/wp\/v2\/comments?post=38301"}],"version-history":[{"count":2,"href":"http:\/\/blogdalucianaoliveira.com.br\/blog\/wp-json\/wp\/v2\/posts\/38301\/revisions"}],"predecessor-version":[{"id":38304,"href":"http:\/\/blogdalucianaoliveira.com.br\/blog\/wp-json\/wp\/v2\/posts\/38301\/revisions\/38304"}],"wp:attachment":[{"href":"http:\/\/blogdalucianaoliveira.com.br\/blog\/wp-json\/wp\/v2\/media?parent=38301"}],"wp:term":[{"taxonomy":"category","embeddable":true,"href":"http:\/\/blogdalucianaoliveira.com.br\/blog\/wp-json\/wp\/v2\/categories?post=38301"},{"taxonomy":"post_tag","embeddable":true,"href":"http:\/\/blogdalucianaoliveira.com.br\/blog\/wp-json\/wp\/v2\/tags?post=38301"}],"curies":[{"name":"wp","href":"https:\/\/api.w.org\/{rel}","templated":true}]}}