{"id":38305,"date":"2026-02-16T18:47:53","date_gmt":"2026-02-16T22:47:53","guid":{"rendered":"https:\/\/blogdalucianaoliveira.com.br\/blog\/?p=38305"},"modified":"2026-02-16T18:47:53","modified_gmt":"2026-02-16T22:47:53","slug":"em-niteroi-o-amor-venceu-o-medo-escola-de-samba-que-homenageou-lula-divulga-nota-sobre-desfile","status":"publish","type":"post","link":"http:\/\/blogdalucianaoliveira.com.br\/blog\/2026\/02\/16\/em-niteroi-o-amor-venceu-o-medo-escola-de-samba-que-homenageou-lula-divulga-nota-sobre-desfile\/","title":{"rendered":"&#8220;Em Niter\u00f3i, o amor venceu o medo&#8221;: escola de samba que homenageou Lula divulga nota sobre desfile"},"content":{"rendered":"<p><img data-recalc-dims=\"1\" loading=\"lazy\" decoding=\"async\" data-attachment-id=\"38306\" data-permalink=\"http:\/\/blogdalucianaoliveira.com.br\/blog\/2026\/02\/16\/em-niteroi-o-amor-venceu-o-medo-escola-de-samba-que-homenageou-lula-divulga-nota-sobre-desfile\/img_7768\/\" data-orig-file=\"https:\/\/i0.wp.com\/blogdalucianaoliveira.com.br\/blog\/wp-content\/uploads\/2026\/02\/IMG_7768.webp?fit=500%2C240\" data-orig-size=\"500,240\" data-comments-opened=\"0\" data-image-meta=\"{&quot;aperture&quot;:&quot;0&quot;,&quot;credit&quot;:&quot;&quot;,&quot;camera&quot;:&quot;&quot;,&quot;caption&quot;:&quot;&quot;,&quot;created_timestamp&quot;:&quot;0&quot;,&quot;copyright&quot;:&quot;&quot;,&quot;focal_length&quot;:&quot;0&quot;,&quot;iso&quot;:&quot;0&quot;,&quot;shutter_speed&quot;:&quot;0&quot;,&quot;title&quot;:&quot;&quot;,&quot;orientation&quot;:&quot;0&quot;}\" data-image-title=\"IMG_7768\" data-image-description=\"\" data-image-caption=\"\" data-medium-file=\"https:\/\/i0.wp.com\/blogdalucianaoliveira.com.br\/blog\/wp-content\/uploads\/2026\/02\/IMG_7768.webp?fit=300%2C144\" data-large-file=\"https:\/\/i0.wp.com\/blogdalucianaoliveira.com.br\/blog\/wp-content\/uploads\/2026\/02\/IMG_7768.webp?fit=500%2C240\" class=\"alignnone size-medium wp-image-38306\" src=\"https:\/\/i0.wp.com\/blogdalucianaoliveira.com.br\/blog\/wp-content\/uploads\/2026\/02\/IMG_7768.webp?resize=300%2C144\" alt=\"\" width=\"300\" height=\"144\" srcset=\"https:\/\/i0.wp.com\/blogdalucianaoliveira.com.br\/blog\/wp-content\/uploads\/2026\/02\/IMG_7768.webp?resize=300%2C144 300w, https:\/\/i0.wp.com\/blogdalucianaoliveira.com.br\/blog\/wp-content\/uploads\/2026\/02\/IMG_7768.webp?w=500 500w\" sizes=\"auto, (max-width: 300px) 100vw, 300px\" \/><\/p>\n<h2 class=\"article__lead\">Acad\u00eamicos de Niter\u00f3i afirma que sofreu tentativas de interfer\u00eancia no enredo e cobra julgamento justo no Carnaval<\/h2>\n<p><!--more--><b>247 &#8211; <\/b>A Acad\u00eamicos de Niter\u00f3i divulgou nota oficial na qual agradeceu \u00e0 comunidade e afirmou que o desfile &#8220;s\u00f3 foi poss\u00edvel gra\u00e7as \u00e0 for\u00e7a do povo, \u00e0 uni\u00e3o dos nossos componentes e ao amor de quem nunca deixou essa escola caminhar sozinha&#8221;. No texto, a escola afirma ter sofrido ataques pol\u00edticos durante o processo de prepara\u00e7\u00e3o do desfile que homenageou o presidente Luiz In\u00e1cio Lula da Silva (PT). Segundo o comunicado, houve tentativas de interfer\u00eancia na autonomia art\u00edstica da escola, e a agremia\u00e7\u00e3o fechou a mensagem dizendo que &#8220;em Niter\u00f3i, o amor venceu o medo&#8221;.<\/p>\n<p>A manifesta\u00e7\u00e3o foi publicada ap\u00f3s a apresenta\u00e7\u00e3o na Marqu\u00eas de Sapuca\u00ed, no domingo (15). O desfile abriu as atra\u00e7\u00f5es do Grupo Especial do carnaval do Rio de Janeiro e teve como eixo narrativo a trajet\u00f3ria pol\u00edtica e pessoal do presidente Lula. O enredo trouxe refer\u00eancias ao Partido dos Trabalhadores e men\u00e7\u00f5es a Jair Bolsonaro (PL) e Michel Temer (MDB), gerando repercuss\u00e3o pol\u00edtica imediata, especialmente entre setores ligados ao bolsonarismo.<\/p>\n<p>Conforme a escola, tamb\u00e9m houve tentativas de altera\u00e7\u00e3o do enredo &#8220;Do alto do Mulungu surge a esperan\u00e7a: Lula, o oper\u00e1rio do Brasil&#8221; e questionamentos sobre a letra do samba. Durante a encena\u00e7\u00e3o, o ator e humorista Paulo Vieira interpretou Lula, que acompanhou a apresenta\u00e7\u00e3o em camarote e desceu \u00e0 avenida durante o desfile.<\/p>\n<p>O documento diz que houve &#8220;tentativas de interfer\u00eancia direta na nossa autonomia art\u00edstica&#8221; e tamb\u00e9m afirma que a escola &#8220;n\u00e3o se curvou&#8221; diante das press\u00f5es. A Acad\u00eamicos de Niter\u00f3i tamb\u00e9m cita preocupa\u00e7\u00f5es sobre o julgamento do desfile, mencionando o hist\u00f3rico do carnaval. A escola afirma esperar avalia\u00e7\u00e3o &#8220;justa, t\u00e9cnica e transparente&#8221;.<\/p>\n<h2>Nota oficial da Acad\u00eamicos de Niter\u00f3i<\/h2>\n<p><i>&#8220;A Acad\u00eamicos de Niter\u00f3i come\u00e7a essa mensagem agradecendo, de cora\u00e7\u00e3o aberto, \u00e0 sua comunidade. O que vivemos na Avenida s\u00f3 foi poss\u00edvel gra\u00e7as \u00e0 for\u00e7a do povo, \u00e0 uni\u00e3o dos nossos componentes e ao amor de quem nunca deixou essa escola caminhar sozinha.<\/i><\/p>\n<p><i>Mas \u00e9 preciso dizer a verdade.<\/i><\/p>\n<p><i>Durante todo o processo carnavalesco, a nossa agremia\u00e7\u00e3o foi perseguida. Sofremos ataques pol\u00edticos, enfrentamos setores conservadores e, de forma ainda mais grave, lidamos com persegui\u00e7\u00f5es vindas de gestores do pr\u00f3prio Carnaval Carioca. Houve tentativas de interfer\u00eancia direta na nossa autonomia art\u00edstica, com pedidos de mudan\u00e7a de enredo, questionamentos sobre a letra do samba e outras a\u00e7\u00f5es que buscaram nos enquadrar e nos silenciar.<\/i><\/p>\n<p><i>N\u00e3o conseguiram.<\/i><\/p>\n<p><i>Mesmo pressionada, a Acad\u00eamicos de Niter\u00f3i n\u00e3o se curvou. Nos posicionamos, resistimos e levamos para a Avenida um desfile verdadeiro, potente e coerente com a nossa identidade.<\/i><\/p>\n<p><i>A for\u00e7a da nossa comunidade foi o nosso pilar. A aclama\u00e7\u00e3o popular foi a nossa resposta. O carinho do p\u00fablico foi o nosso maior pr\u00eamio.<\/i><\/p>\n<p><i>Tamb\u00e9m n\u00e3o ignoramos o hist\u00f3rico conhecido no Carnaval: a narrativa injusta de que &#8220;quem sobe, desce&#8221;. Por isso, reafirmamos com firmeza que esperamos um julgamento justo, t\u00e9cnico e transparente, que respeite o que foi apresentado na Avenida e n\u00e3o reproduza persegui\u00e7\u00f5es, interesses ou pr\u00e9-julgamentos.<\/i><\/p>\n<p><i>A nossa mensagem ecoa clara, forte e sem medo: <\/i><i>EM NITER\u00d3I, O AMOR VENCEU O MEDO<\/i><\/p>\n<p><i>Seguimos firmes. Seguimos com o povo. Seguimos atentos.&#8221;<\/i><\/p>\n<p>&nbsp;<\/p>\n","protected":false},"excerpt":{"rendered":"<p>Acad\u00eamicos de Niter\u00f3i afirma que sofreu tentativas de interfer\u00eancia no enredo e cobra julgamento justo no Carnaval<\/p>\n","protected":false},"author":1,"featured_media":0,"comment_status":"closed","ping_status":"open","sticky":false,"template":"","format":"standard","meta":{"_exactmetrics_skip_tracking":false,"_exactmetrics_sitenote_active":false,"_exactmetrics_sitenote_note":"","_exactmetrics_sitenote_category":0,"jetpack_post_was_ever_published":false,"_jetpack_newsletter_access":"","_jetpack_dont_email_post_to_subs":false,"_jetpack_newsletter_tier_id":0,"_jetpack_memberships_contains_paywalled_content":false,"_jetpack_memberships_contains_paid_content":false,"footnotes":"","jetpack_publicize_message":"","jetpack_publicize_feature_enabled":true,"jetpack_social_post_already_shared":true,"jetpack_social_options":{"image_generator_settings":{"template":"highway","enabled":false},"version":2}},"categories":[1],"tags":[],"class_list":["post-38305","post","type-post","status-publish","format-standard","hentry","category-notas"],"jetpack_publicize_connections":[],"jetpack_sharing_enabled":true,"jetpack_featured_media_url":"","jetpack_shortlink":"https:\/\/wp.me\/p7wKYW-9XP","jetpack-related-posts":[],"_links":{"self":[{"href":"http:\/\/blogdalucianaoliveira.com.br\/blog\/wp-json\/wp\/v2\/posts\/38305","targetHints":{"allow":["GET"]}}],"collection":[{"href":"http:\/\/blogdalucianaoliveira.com.br\/blog\/wp-json\/wp\/v2\/posts"}],"about":[{"href":"http:\/\/blogdalucianaoliveira.com.br\/blog\/wp-json\/wp\/v2\/types\/post"}],"author":[{"embeddable":true,"href":"http:\/\/blogdalucianaoliveira.com.br\/blog\/wp-json\/wp\/v2\/users\/1"}],"replies":[{"embeddable":true,"href":"http:\/\/blogdalucianaoliveira.com.br\/blog\/wp-json\/wp\/v2\/comments?post=38305"}],"version-history":[{"count":1,"href":"http:\/\/blogdalucianaoliveira.com.br\/blog\/wp-json\/wp\/v2\/posts\/38305\/revisions"}],"predecessor-version":[{"id":38307,"href":"http:\/\/blogdalucianaoliveira.com.br\/blog\/wp-json\/wp\/v2\/posts\/38305\/revisions\/38307"}],"wp:attachment":[{"href":"http:\/\/blogdalucianaoliveira.com.br\/blog\/wp-json\/wp\/v2\/media?parent=38305"}],"wp:term":[{"taxonomy":"category","embeddable":true,"href":"http:\/\/blogdalucianaoliveira.com.br\/blog\/wp-json\/wp\/v2\/categories?post=38305"},{"taxonomy":"post_tag","embeddable":true,"href":"http:\/\/blogdalucianaoliveira.com.br\/blog\/wp-json\/wp\/v2\/tags?post=38305"}],"curies":[{"name":"wp","href":"https:\/\/api.w.org\/{rel}","templated":true}]}}