{"id":38312,"date":"2026-02-19T12:21:04","date_gmt":"2026-02-19T16:21:04","guid":{"rendered":"https:\/\/blogdalucianaoliveira.com.br\/blog\/?p=38312"},"modified":"2026-02-19T12:21:04","modified_gmt":"2026-02-19T16:21:04","slug":"atividade-economica-brasileira-cresce-25-em-2025","status":"publish","type":"post","link":"http:\/\/blogdalucianaoliveira.com.br\/blog\/2026\/02\/19\/atividade-economica-brasileira-cresce-25-em-2025\/","title":{"rendered":"Atividade econ\u00f4mica brasileira cresce 2,5% em 2025"},"content":{"rendered":"<p><img data-recalc-dims=\"1\" loading=\"lazy\" decoding=\"async\" data-attachment-id=\"38314\" data-permalink=\"http:\/\/blogdalucianaoliveira.com.br\/blog\/2026\/02\/19\/atividade-economica-brasileira-cresce-25-em-2025\/img_7966-2\/\" data-orig-file=\"https:\/\/i0.wp.com\/blogdalucianaoliveira.com.br\/blog\/wp-content\/uploads\/2026\/02\/IMG_7966-1.webp?fit=1170%2C700\" data-orig-size=\"1170,700\" data-comments-opened=\"0\" data-image-meta=\"{&quot;aperture&quot;:&quot;0&quot;,&quot;credit&quot;:&quot;&quot;,&quot;camera&quot;:&quot;&quot;,&quot;caption&quot;:&quot;&quot;,&quot;created_timestamp&quot;:&quot;0&quot;,&quot;copyright&quot;:&quot;&quot;,&quot;focal_length&quot;:&quot;0&quot;,&quot;iso&quot;:&quot;0&quot;,&quot;shutter_speed&quot;:&quot;0&quot;,&quot;title&quot;:&quot;&quot;,&quot;orientation&quot;:&quot;0&quot;}\" data-image-title=\"IMG_7966\" data-image-description=\"\" data-image-caption=\"\" data-medium-file=\"https:\/\/i0.wp.com\/blogdalucianaoliveira.com.br\/blog\/wp-content\/uploads\/2026\/02\/IMG_7966-1.webp?fit=300%2C179\" data-large-file=\"https:\/\/i0.wp.com\/blogdalucianaoliveira.com.br\/blog\/wp-content\/uploads\/2026\/02\/IMG_7966-1.webp?fit=600%2C359\" class=\"alignnone size-medium wp-image-38314\" src=\"https:\/\/i0.wp.com\/blogdalucianaoliveira.com.br\/blog\/wp-content\/uploads\/2026\/02\/IMG_7966-1.webp?resize=300%2C179\" alt=\"\" width=\"300\" height=\"179\" srcset=\"https:\/\/i0.wp.com\/blogdalucianaoliveira.com.br\/blog\/wp-content\/uploads\/2026\/02\/IMG_7966-1.webp?resize=300%2C179 300w, https:\/\/i0.wp.com\/blogdalucianaoliveira.com.br\/blog\/wp-content\/uploads\/2026\/02\/IMG_7966-1.webp?resize=1024%2C613 1024w, https:\/\/i0.wp.com\/blogdalucianaoliveira.com.br\/blog\/wp-content\/uploads\/2026\/02\/IMG_7966-1.webp?resize=768%2C459 768w, https:\/\/i0.wp.com\/blogdalucianaoliveira.com.br\/blog\/wp-content\/uploads\/2026\/02\/IMG_7966-1.webp?resize=501%2C300 501w, https:\/\/i0.wp.com\/blogdalucianaoliveira.com.br\/blog\/wp-content\/uploads\/2026\/02\/IMG_7966-1.webp?w=1170 1170w\" sizes=\"auto, (max-width: 300px) 100vw, 300px\" \/><\/p>\n<p>Em dezembro do ano passado, indicador recuou 0,2%<!--more--><\/p>\n<p>Ag\u00eancia Brasil &#8211; A atividade econ\u00f4mica brasileira apresentou crescimento em 2025, de acordo com informa\u00e7\u00f5es divulgadas nesta quinta-feira (19) pelo Banco Central (BC). O <a href=\"https:\/\/www.bcb.gov.br\/estatisticas\/ibc-br\" target=\"_blank\" rel=\"noopener\">\u00cdndice de Atividade Econ\u00f4mica do Banco Central<\/a> (IBC-Br) subiu 2,5% no ano passado em rela\u00e7\u00e3o ao per\u00edodo anterior.<img data-recalc-dims=\"1\" decoding=\"async\" src=\"https:\/\/i0.wp.com\/agenciabrasil.ebc.com.br\/ebc.png?w=600&#038;ssl=1\" \/><img data-recalc-dims=\"1\" decoding=\"async\" src=\"https:\/\/i0.wp.com\/agenciabrasil.ebc.com.br\/ebc.gif?w=600&#038;ssl=1\" \/><\/p>\n<p>As <strong>altas foram de 13,1% na agropecu\u00e1ria, 1,5% na ind\u00fastria e 2,1% em servi\u00e7os. O IBC-Br excluindo a agropecu\u00e1ria subiu 1,8% no ano.<\/strong><\/p>\n<p><strong>J\u00e1 em dezembro de 2025, o IBC-Br recuou 0,2% em rela\u00e7\u00e3o a novembro, considerando os dados dessazonalizados (ajustados para o per\u00edodo).<\/strong> Na compara\u00e7\u00e3o com dezembro de 2024, houve alta de 3,1%, sem ajuste para o per\u00edodo, j\u00e1 que a compara\u00e7\u00e3o \u00e9 entre meses iguais.<\/p>\n<p><strong>No trimestre encerrado em dezembro ante o trimestre terminado em setembro de 2025, o \u00edndice apresentou alta de 0,4%.<\/strong><\/p>\n<p>O IBC-Br \u00e9 uma forma de avaliar a evolu\u00e7\u00e3o da atividade econ\u00f4mica do pa\u00eds e incorpora informa\u00e7\u00f5es sobre o n\u00edvel de atividade de setores da economia \u2013 ind\u00fastria, com\u00e9rcio e servi\u00e7os e agropecu\u00e1ria \u2013, al\u00e9m do volume de impostos. Ele ajuda o Comit\u00ea de Pol\u00edtica Monet\u00e1ria (Copom) do BC a tomar decis\u00f5es sobre a taxa b\u00e1sica de juros, a Selic, definida atualmente em 15% ao ano.<\/p>\n<h2>Infla\u00e7\u00e3o<\/h2>\n<p><strong>A Selic \u00e9 o principal instrumento do BC para alcan\u00e7ar a meta de infla\u00e7\u00e3o, que \u00e9 de 3%, com intervalo de toler\u00e2ncia de 1,5 ponto percentual para cima ou para baixo.<\/strong><\/p>\n<p>Quando o Copom aumenta a Selic, a finalidade \u00e9 conter a demanda aquecida; e isso causa reflexos nos pre\u00e7os porque os juros mais altos encarecem o cr\u00e9dito e estimulam a poupan\u00e7a. Desse modo, taxas mais altas ajudam a redu\u00e7\u00e3o da infla\u00e7\u00e3o, mas tamb\u00e9m podem dificultar a expans\u00e3o da economia.<\/p>\n<p>Quando o Copom diminui a Selic, a tend\u00eancia \u00e9 que o cr\u00e9dito fique mais barato, com incentivo \u00e0 produ\u00e7\u00e3o e ao consumo, reduzindo o controle sobre a infla\u00e7\u00e3o e estimulando a atividade econ\u00f4mica.<\/p>\n<p>Em janeiro, a alta dos pre\u00e7os da <a href=\"https:\/\/agenciabrasil.ebc.com.br\/economia\/noticia\/2026-02\/inflacao-oficial-de-janeiro-fica-em-033-e-se-mantem-dentro-da-meta\" target=\"_blank\" rel=\"noopener\">conta de luz e da gasolina fizeram a infla\u00e7\u00e3o oficial do m\u00eas fechar em 0,33%, mesmo patamar de dezembro<\/a>. De acordo com o Instituto Brasileiro de Geografia e Estat\u00edstica (IBGE), o <strong>resultado fez o \u00cdndice Nacional de Pre\u00e7os ao Consumidor Amplo (IPCA) acumular alta de 4,44% em 2025, dentro do intervalo de toler\u00e2ncia da meta.<\/strong><\/p>\n<p>O recuo da infla\u00e7\u00e3o para a meta e esses indicadores, como o IBC-Br, que mostram a modera\u00e7\u00e3o no crescimento interno, levaram \u00e0 <a href=\"https:\/\/agenciabrasil.ebc.com.br\/economia\/noticia\/2026-01\/bc-mantem-juros-basicos-em-15-ao-ano-por-quinta-vez-seguida\" target=\"_blank\" rel=\"noopener\">manuten\u00e7\u00e3o da Selic pela quinta vez seguida<\/a>, na \u00faltima reuni\u00e3o do Copom, no fim de janeiro.<\/p>\n<p>Em ata, o Copom confirmou que come\u00e7ar\u00e1 a reduzir os juros na pr\u00f3xima reuni\u00e3o, em mar\u00e7o, mas n\u00e3o indicou a magnitude do corte e esclareceu que os juros continuar\u00e3o em n\u00edveis restritivos.<\/p>\n<p>Segundo a autarquia, a atividade econ\u00f4mica dom\u00e9stica manteve trajet\u00f3ria de modera\u00e7\u00e3o no crescimento, operando acima do seu potencial de expans\u00e3o sem pressionar a infla\u00e7\u00e3o. Ainda assim, a manuten\u00e7\u00e3o dos juros em n\u00edveis restritivos se deve \u00e0 resili\u00eancia de alguns fatores que pressionam pre\u00e7os \u201ctanto correntes quanto esperados\u201d, em especial do dinamismo ainda observado no mercado de trabalho.<\/p>\n<p>A Selic est\u00e1 no maior n\u00edvel desde julho de 2006, quando estava em 15,25% ao ano. Ap\u00f3s chegar a 10,5% ao ano em maio de 2024, a taxa come\u00e7ou a ser elevada novamente em setembro daquele ano. A Selic chegou a 15% ao ano na reuni\u00e3o de junho de 2025, sendo mantida nesse n\u00edvel desde ent\u00e3o.<\/p>\n<h2>Produto Interno Bruto<\/h2>\n<p>Divulgado mensalmente, o IBC-Br emprega metodologia diferente da utilizada para medir o Produto Interno Bruto (PIB), que \u00e9 o indicador oficial da economia brasileira divulgado pelo IBGE. Segundo o BC, o \u00edndice \u201ccontribui para a elabora\u00e7\u00e3o de estrat\u00e9gia da pol\u00edtica monet\u00e1ria\u201d do pa\u00eds, mas \u201cn\u00e3o \u00e9 exatamente uma pr\u00e9via do PIB.\u201d<\/p>\n<p>O PIB \u00e9 a soma de todos os bens e servi\u00e7os finais produzidos por um pa\u00eds. Puxada pelas expans\u00f5es da ind\u00fastria e da agropecu\u00e1ria, no terceiro trimestre de 2025, a <a href=\"https:\/\/agenciabrasil.ebc.com.br\/economia\/noticia\/2025-12\/economia-brasileira-cresce-01-no-terceiro-trimestre\" target=\"_blank\" rel=\"noopener\">economia brasileira cresceu 0,1%<\/a>, o que \u00e9 considerado pelo IBGE como estabilidade. <strong>A divulga\u00e7\u00e3o do PIB consolidado de 2025 est\u00e1 agendada para 3 de mar\u00e7o.<\/strong><\/p>\n<p><strong>Em 2024, o PIB fechou com alta de 3,4%. O resultado representa o quarto ano seguido de crescimento, sendo a maior expans\u00e3o desde 2021, quando o PIB alcan\u00e7ou 4,8%.<\/strong><\/p>\n","protected":false},"excerpt":{"rendered":"<p>Em dezembro do ano passado, indicador recuou 0,2%<\/p>\n","protected":false},"author":1,"featured_media":0,"comment_status":"closed","ping_status":"open","sticky":false,"template":"","format":"standard","meta":{"_exactmetrics_skip_tracking":false,"_exactmetrics_sitenote_active":false,"_exactmetrics_sitenote_note":"","_exactmetrics_sitenote_category":0,"jetpack_post_was_ever_published":false,"_jetpack_newsletter_access":"","_jetpack_dont_email_post_to_subs":false,"_jetpack_newsletter_tier_id":0,"_jetpack_memberships_contains_paywalled_content":false,"_jetpack_memberships_contains_paid_content":false,"footnotes":"","jetpack_publicize_message":"","jetpack_publicize_feature_enabled":true,"jetpack_social_post_already_shared":true,"jetpack_social_options":{"image_generator_settings":{"template":"highway","enabled":false},"version":2}},"categories":[1],"tags":[],"class_list":["post-38312","post","type-post","status-publish","format-standard","hentry","category-notas"],"jetpack_publicize_connections":[],"jetpack_sharing_enabled":true,"jetpack_featured_media_url":"","jetpack_shortlink":"https:\/\/wp.me\/p7wKYW-9XW","jetpack-related-posts":[],"_links":{"self":[{"href":"http:\/\/blogdalucianaoliveira.com.br\/blog\/wp-json\/wp\/v2\/posts\/38312","targetHints":{"allow":["GET"]}}],"collection":[{"href":"http:\/\/blogdalucianaoliveira.com.br\/blog\/wp-json\/wp\/v2\/posts"}],"about":[{"href":"http:\/\/blogdalucianaoliveira.com.br\/blog\/wp-json\/wp\/v2\/types\/post"}],"author":[{"embeddable":true,"href":"http:\/\/blogdalucianaoliveira.com.br\/blog\/wp-json\/wp\/v2\/users\/1"}],"replies":[{"embeddable":true,"href":"http:\/\/blogdalucianaoliveira.com.br\/blog\/wp-json\/wp\/v2\/comments?post=38312"}],"version-history":[{"count":1,"href":"http:\/\/blogdalucianaoliveira.com.br\/blog\/wp-json\/wp\/v2\/posts\/38312\/revisions"}],"predecessor-version":[{"id":38315,"href":"http:\/\/blogdalucianaoliveira.com.br\/blog\/wp-json\/wp\/v2\/posts\/38312\/revisions\/38315"}],"wp:attachment":[{"href":"http:\/\/blogdalucianaoliveira.com.br\/blog\/wp-json\/wp\/v2\/media?parent=38312"}],"wp:term":[{"taxonomy":"category","embeddable":true,"href":"http:\/\/blogdalucianaoliveira.com.br\/blog\/wp-json\/wp\/v2\/categories?post=38312"},{"taxonomy":"post_tag","embeddable":true,"href":"http:\/\/blogdalucianaoliveira.com.br\/blog\/wp-json\/wp\/v2\/tags?post=38312"}],"curies":[{"name":"wp","href":"https:\/\/api.w.org\/{rel}","templated":true}]}}