{"id":38316,"date":"2026-02-19T12:26:53","date_gmt":"2026-02-19T16:26:53","guid":{"rendered":"https:\/\/blogdalucianaoliveira.com.br\/blog\/?p=38316"},"modified":"2026-02-19T12:26:53","modified_gmt":"2026-02-19T16:26:53","slug":"dino-amplia-veto-a-penduricalhos-e-barra-novas-leis-acima-do-teto-no-servico-publico","status":"publish","type":"post","link":"http:\/\/blogdalucianaoliveira.com.br\/blog\/2026\/02\/19\/dino-amplia-veto-a-penduricalhos-e-barra-novas-leis-acima-do-teto-no-servico-publico\/","title":{"rendered":"Dino amplia veto a penduricalhos e barra novas leis acima do teto no servi\u00e7o p\u00fablico"},"content":{"rendered":"<p><img data-recalc-dims=\"1\" loading=\"lazy\" decoding=\"async\" data-attachment-id=\"38317\" data-permalink=\"http:\/\/blogdalucianaoliveira.com.br\/blog\/2026\/02\/19\/dino-amplia-veto-a-penduricalhos-e-barra-novas-leis-acima-do-teto-no-servico-publico\/img_7967\/\" data-orig-file=\"https:\/\/i0.wp.com\/blogdalucianaoliveira.com.br\/blog\/wp-content\/uploads\/2026\/02\/IMG_7967.webp?fit=610%2C380\" data-orig-size=\"610,380\" data-comments-opened=\"0\" data-image-meta=\"{&quot;aperture&quot;:&quot;0&quot;,&quot;credit&quot;:&quot;&quot;,&quot;camera&quot;:&quot;&quot;,&quot;caption&quot;:&quot;&quot;,&quot;created_timestamp&quot;:&quot;0&quot;,&quot;copyright&quot;:&quot;&quot;,&quot;focal_length&quot;:&quot;0&quot;,&quot;iso&quot;:&quot;0&quot;,&quot;shutter_speed&quot;:&quot;0&quot;,&quot;title&quot;:&quot;&quot;,&quot;orientation&quot;:&quot;0&quot;}\" data-image-title=\"IMG_7967\" data-image-description=\"\" data-image-caption=\"\" data-medium-file=\"https:\/\/i0.wp.com\/blogdalucianaoliveira.com.br\/blog\/wp-content\/uploads\/2026\/02\/IMG_7967.webp?fit=300%2C187\" data-large-file=\"https:\/\/i0.wp.com\/blogdalucianaoliveira.com.br\/blog\/wp-content\/uploads\/2026\/02\/IMG_7967.webp?fit=600%2C374\" class=\"alignnone size-medium wp-image-38317\" src=\"https:\/\/i0.wp.com\/blogdalucianaoliveira.com.br\/blog\/wp-content\/uploads\/2026\/02\/IMG_7967.webp?resize=300%2C187\" alt=\"\" width=\"300\" height=\"187\" srcset=\"https:\/\/i0.wp.com\/blogdalucianaoliveira.com.br\/blog\/wp-content\/uploads\/2026\/02\/IMG_7967.webp?resize=300%2C187 300w, https:\/\/i0.wp.com\/blogdalucianaoliveira.com.br\/blog\/wp-content\/uploads\/2026\/02\/IMG_7967.webp?resize=482%2C300 482w, https:\/\/i0.wp.com\/blogdalucianaoliveira.com.br\/blog\/wp-content\/uploads\/2026\/02\/IMG_7967.webp?w=610 610w\" sizes=\"auto, (max-width: 300px) 100vw, 300px\" \/><\/p>\n<h2 class=\"article__lead\">Ministro do STF endurece liminar contra supersal\u00e1rios, impede cria\u00e7\u00e3o de novas parcelas e cobra Congresso por regulamenta\u00e7\u00e3o prevista em emenda de 2024<\/h2>\n<p><!--more--><b>247 &#8211; <\/b>O ministro Fl\u00e1vio Dino, do Supremo Tribunal Federal (STF), ampliou sua decis\u00e3o que suspendeu os chamados \u201cpenduricalhos\u201d e determinou a proibi\u00e7\u00e3o da aplica\u00e7\u00e3o ou da edi\u00e7\u00e3o de novas leis que autorizem sal\u00e1rios ou verbas indenizat\u00f3rias acima do teto constitucional. A medida refor\u00e7a a liminar assinada em 5 de fevereiro e busca impedir que \u00f3rg\u00e3os p\u00fablicos criem mecanismos para manter remunera\u00e7\u00f5es elevadas enquanto o tema ainda aguarda an\u00e1lise definitiva do plen\u00e1rio, informa a <a href=\"https:\/\/www1.folha.uol.com.br\/poder\/2026\/02\/dino-amplia-decisao-sobre-penduricalhos-e-proibe-novas-leis-com-remuneracao-que-exceda-o-teto.shtml\" target=\"_blank\" rel=\"noopener noreferrer nofollow\">Folha de S\u00e3o Paulo<\/a>.<\/p>\n<p>Na nova decis\u00e3o, Dino afirmou ter feito uma \u201creflex\u00e3o complementar\u201d sobre o caso e justificou que \u00e9 necess\u00e1rio \u201cevitar inova\u00e7\u00f5es f\u00e1ticas ou jur\u00eddicas\u201d, j\u00e1 que altera\u00e7\u00f5es nesse per\u00edodo poderiam \u201cembara\u00e7ar\u201d delibera\u00e7\u00f5es que, segundo ele, competem exclusivamente ao STF. O ministro tamb\u00e9m estabeleceu uma restri\u00e7\u00e3o adicional: \u201c\u00e9 proibido o reconhecimento de qualquer nova parcela relativa a suposto direito pret\u00e9rito, que n\u00e3o as j\u00e1 pagas na data da publica\u00e7\u00e3o da liminar\u201d.<\/p>\n<p>O magistrado recordou ainda que segue em curso o prazo de 60 dias dado aos \u00f3rg\u00e3os da administra\u00e7\u00e3o p\u00fablica em todas as esferas da federa\u00e7\u00e3o para que publiquem informa\u00e7\u00f5es detalhadas sobre verbas remunerat\u00f3rias e indenizat\u00f3rias pagas, com a indica\u00e7\u00e3o expressa das leis que fundamentam esses valores. O objetivo \u00e9 ampliar a transpar\u00eancia e permitir a identifica\u00e7\u00e3o das bases legais usadas para justificar pagamentos acima do limite constitucional.<\/p>\n<p>Dino tamb\u00e9m citou a emenda constitucional promulgada em 2024 que estabelece que apenas verbas indenizat\u00f3rias previstas em lei de car\u00e1ter nacional podem ficar fora do teto. Apesar disso, segundo o ministro, o Congresso Nacional ainda n\u00e3o regulamentou a norma, mesmo ap\u00f3s mais de um ano de sua aprova\u00e7\u00e3o.<\/p>\n<p>No despacho desta quinta-feira (19), o ministro alertou que, caso o Legislativo mantenha a omiss\u00e3o, caber\u00e1 ao Supremo avaliar medidas transit\u00f3rias. \u201cCaber\u00e1 exclusivamente ao STF examinar a fixa\u00e7\u00e3o de regime transit\u00f3rio, caso o Congresso Nacional n\u00e3o cumpra o seu dever de legislar e mantenha a omiss\u00e3o institucional. Renova-se o j\u00e1 formulado apelo ao legislador\u201d, escreveu Dino.<\/p>\n<p>A liminar assinada pelo ministro est\u00e1 prevista para ser analisada pelo plen\u00e1rio do STF na pr\u00f3xima quarta-feira (25), quando os demais ministros decidir\u00e3o se confirmam ou n\u00e3o a decis\u00e3o. A expectativa \u00e9 que a medida seja mantida.<\/p>\n<p>O debate ocorre em meio a dados que revelam o avan\u00e7o dos supersal\u00e1rios no pa\u00eds. Conforme mostrou a Folha de S\u00e3o Paulo, servidores p\u00fablicos que recebem os maiores valores chegaram a ganhar at\u00e9 R$ 3,1 milh\u00f5es em um \u00fanico ano, o que representa uma m\u00e9dia mensal de R$ 263 mil. O maior contracheque foi pago pelo MP-RJ (Minist\u00e9rio P\u00fablico do Rio de Janeiro) a uma promotora, que recebeu essa quantia entre agosto de 2024 e julho de 2025.<\/p>\n","protected":false},"excerpt":{"rendered":"<p>Ministro do STF endurece liminar contra supersal\u00e1rios, impede cria\u00e7\u00e3o de novas parcelas e cobra Congresso por regulamenta\u00e7\u00e3o prevista em emenda de 2024<\/p>\n","protected":false},"author":1,"featured_media":0,"comment_status":"closed","ping_status":"open","sticky":false,"template":"","format":"standard","meta":{"_exactmetrics_skip_tracking":false,"_exactmetrics_sitenote_active":false,"_exactmetrics_sitenote_note":"","_exactmetrics_sitenote_category":0,"jetpack_post_was_ever_published":false,"_jetpack_newsletter_access":"","_jetpack_dont_email_post_to_subs":false,"_jetpack_newsletter_tier_id":0,"_jetpack_memberships_contains_paywalled_content":false,"_jetpack_memberships_contains_paid_content":false,"footnotes":"","jetpack_publicize_message":"","jetpack_publicize_feature_enabled":true,"jetpack_social_post_already_shared":true,"jetpack_social_options":{"image_generator_settings":{"template":"highway","enabled":false},"version":2}},"categories":[1],"tags":[],"class_list":["post-38316","post","type-post","status-publish","format-standard","hentry","category-notas"],"jetpack_publicize_connections":[],"jetpack_sharing_enabled":true,"jetpack_featured_media_url":"","jetpack_shortlink":"https:\/\/wp.me\/p7wKYW-9Y0","jetpack-related-posts":[],"_links":{"self":[{"href":"http:\/\/blogdalucianaoliveira.com.br\/blog\/wp-json\/wp\/v2\/posts\/38316","targetHints":{"allow":["GET"]}}],"collection":[{"href":"http:\/\/blogdalucianaoliveira.com.br\/blog\/wp-json\/wp\/v2\/posts"}],"about":[{"href":"http:\/\/blogdalucianaoliveira.com.br\/blog\/wp-json\/wp\/v2\/types\/post"}],"author":[{"embeddable":true,"href":"http:\/\/blogdalucianaoliveira.com.br\/blog\/wp-json\/wp\/v2\/users\/1"}],"replies":[{"embeddable":true,"href":"http:\/\/blogdalucianaoliveira.com.br\/blog\/wp-json\/wp\/v2\/comments?post=38316"}],"version-history":[{"count":1,"href":"http:\/\/blogdalucianaoliveira.com.br\/blog\/wp-json\/wp\/v2\/posts\/38316\/revisions"}],"predecessor-version":[{"id":38318,"href":"http:\/\/blogdalucianaoliveira.com.br\/blog\/wp-json\/wp\/v2\/posts\/38316\/revisions\/38318"}],"wp:attachment":[{"href":"http:\/\/blogdalucianaoliveira.com.br\/blog\/wp-json\/wp\/v2\/media?parent=38316"}],"wp:term":[{"taxonomy":"category","embeddable":true,"href":"http:\/\/blogdalucianaoliveira.com.br\/blog\/wp-json\/wp\/v2\/categories?post=38316"},{"taxonomy":"post_tag","embeddable":true,"href":"http:\/\/blogdalucianaoliveira.com.br\/blog\/wp-json\/wp\/v2\/tags?post=38316"}],"curies":[{"name":"wp","href":"https:\/\/api.w.org\/{rel}","templated":true}]}}