{"id":38319,"date":"2026-02-19T12:33:58","date_gmt":"2026-02-19T16:33:58","guid":{"rendered":"https:\/\/blogdalucianaoliveira.com.br\/blog\/?p=38319"},"modified":"2026-02-19T12:33:58","modified_gmt":"2026-02-19T16:33:58","slug":"feriados-2026-saiba-quando-e-a-proxima-folga-apos-o-carnaval","status":"publish","type":"post","link":"http:\/\/blogdalucianaoliveira.com.br\/blog\/2026\/02\/19\/feriados-2026-saiba-quando-e-a-proxima-folga-apos-o-carnaval\/","title":{"rendered":"Feriados 2026: saiba quando \u00e9 a pr\u00f3xima folga ap\u00f3s o Carnaval"},"content":{"rendered":"<p><img data-recalc-dims=\"1\" loading=\"lazy\" decoding=\"async\" data-attachment-id=\"38321\" data-permalink=\"http:\/\/blogdalucianaoliveira.com.br\/blog\/2026\/02\/19\/feriados-2026-saiba-quando-e-a-proxima-folga-apos-o-carnaval\/img_7968\/\" data-orig-file=\"https:\/\/i0.wp.com\/blogdalucianaoliveira.com.br\/blog\/wp-content\/uploads\/2026\/02\/IMG_7968.jpeg?fit=924%2C521\" data-orig-size=\"924,521\" data-comments-opened=\"0\" data-image-meta=\"{&quot;aperture&quot;:&quot;0&quot;,&quot;credit&quot;:&quot;&quot;,&quot;camera&quot;:&quot;&quot;,&quot;caption&quot;:&quot;&quot;,&quot;created_timestamp&quot;:&quot;0&quot;,&quot;copyright&quot;:&quot;&quot;,&quot;focal_length&quot;:&quot;0&quot;,&quot;iso&quot;:&quot;0&quot;,&quot;shutter_speed&quot;:&quot;0&quot;,&quot;title&quot;:&quot;&quot;,&quot;orientation&quot;:&quot;1&quot;}\" data-image-title=\"IMG_7968\" data-image-description=\"\" data-image-caption=\"\" data-medium-file=\"https:\/\/i0.wp.com\/blogdalucianaoliveira.com.br\/blog\/wp-content\/uploads\/2026\/02\/IMG_7968.jpeg?fit=300%2C169\" data-large-file=\"https:\/\/i0.wp.com\/blogdalucianaoliveira.com.br\/blog\/wp-content\/uploads\/2026\/02\/IMG_7968.jpeg?fit=600%2C338\" class=\"alignnone size-medium wp-image-38321\" src=\"https:\/\/i0.wp.com\/blogdalucianaoliveira.com.br\/blog\/wp-content\/uploads\/2026\/02\/IMG_7968.jpeg?resize=300%2C169\" alt=\"\" width=\"300\" height=\"169\" srcset=\"https:\/\/i0.wp.com\/blogdalucianaoliveira.com.br\/blog\/wp-content\/uploads\/2026\/02\/IMG_7968.jpeg?resize=300%2C169 300w, https:\/\/i0.wp.com\/blogdalucianaoliveira.com.br\/blog\/wp-content\/uploads\/2026\/02\/IMG_7968.jpeg?resize=768%2C433 768w, https:\/\/i0.wp.com\/blogdalucianaoliveira.com.br\/blog\/wp-content\/uploads\/2026\/02\/IMG_7968.jpeg?resize=532%2C300 532w, https:\/\/i0.wp.com\/blogdalucianaoliveira.com.br\/blog\/wp-content\/uploads\/2026\/02\/IMG_7968.jpeg?w=924 924w\" sizes=\"auto, (max-width: 300px) 100vw, 300px\" \/><\/p>\n<h2 class=\"globo-amp-article-subtitle\">Pr\u00f3ximo feriado nacional cai na Sexta-Feira Santa, mas alguns estados e munic\u00edpios t\u00eam feriados regionais antes disso<\/h2>\n<p><!--more--><\/p>\n<div class=\"globo-amp-share\">\n<div class=\"content__signa-share\">\n<div class=\"content__signature\">\n<div class=\"content-publication-data\">\n<div class=\"content-publication-data__text\">\n<div class=\"content-publication-data__from\">Por Renato Santino, para o Valor \u2014 S\u00e3o Paulo &#8211; Ap\u00f3s o <strong>Carnaval<\/strong>, a maior parte dos brasileiros s\u00f3 ter\u00e1 novo <strong>feriado<\/strong> em abril, na <strong>Sexta-Feira Santa<\/strong>, que marca a chegada da <strong>P\u00e1scoa<\/strong>. Neste ano, a data cai no dia 3 de abril.<\/div>\n<div><\/div>\n<\/div>\n<div>Confira os pr\u00f3ximos feriados nacionais at\u00e9 o fim do ano:<\/div>\n<\/div>\n<div><\/div>\n<div class=\"content-publication-data\">\n<div>\n<p class=\"mc-column show-table__title\">Feriados nacionais restantes em 2026<\/p>\n<div class=\"show-table__centralized\">\n<div class=\"show-table__container\">\n<table class=\"show-table__content\n show-table__content--highlight-top        \"><\/p>\n<tbody>\n<tr>\n<td>Data<\/td>\n<td>Dia da semana<\/td>\n<td>Feriado<\/td>\n<\/tr>\n<tr>\n<td>3 de abril<\/td>\n<td>sexta-feira<\/td>\n<td>Sexta-Feira Santa<\/td>\n<\/tr>\n<tr>\n<td>21 de abril<\/td>\n<td>ter\u00e7a-feira<\/td>\n<td>Tiradentes<\/td>\n<\/tr>\n<tr>\n<td>1\u00ba de maio<\/td>\n<td>sexta-feira<\/td>\n<td>Dia do Trabalho<\/td>\n<\/tr>\n<tr>\n<td>7 de setembro<\/td>\n<td>segunda-feira<\/td>\n<td>Independ\u00eancia do Brasil<\/td>\n<\/tr>\n<tr>\n<td>12 de outubro<\/td>\n<td>segunda-feira<\/td>\n<td>Nossa Senhora Aparecida<\/td>\n<\/tr>\n<tr>\n<td>2 de novembro<\/td>\n<td>segunda-feira<\/td>\n<td>Finados<\/td>\n<\/tr>\n<tr>\n<td>15 de novembro<\/td>\n<td>domingo<\/td>\n<td>Proclama\u00e7\u00e3o da Rep\u00fablica<\/td>\n<\/tr>\n<tr>\n<td>20 de novembro<\/td>\n<td>sexta-feira<\/td>\n<td>Dia Nacional de Zumbi e da Consci\u00eancia Negra<\/td>\n<\/tr>\n<tr>\n<td>25 de dezembro<\/td>\n<td>sexta-feira<\/td>\n<td>Natal<\/td>\n<\/tr>\n<\/tbody>\n<\/table>\n<\/div>\n<\/div>\n<\/div>\n<\/div>\n<div><\/div>\n<\/div>\n<\/div>\n<\/div>\n","protected":false},"excerpt":{"rendered":"<p>Pr\u00f3ximo feriado nacional cai na Sexta-Feira Santa, mas alguns estados e munic\u00edpios t\u00eam feriados regionais antes disso<\/p>\n","protected":false},"author":1,"featured_media":0,"comment_status":"closed","ping_status":"open","sticky":false,"template":"","format":"standard","meta":{"_exactmetrics_skip_tracking":false,"_exactmetrics_sitenote_active":false,"_exactmetrics_sitenote_note":"","_exactmetrics_sitenote_category":0,"jetpack_post_was_ever_published":false,"_jetpack_newsletter_access":"","_jetpack_dont_email_post_to_subs":false,"_jetpack_newsletter_tier_id":0,"_jetpack_memberships_contains_paywalled_content":false,"_jetpack_memberships_contains_paid_content":false,"footnotes":"","jetpack_publicize_message":"","jetpack_publicize_feature_enabled":true,"jetpack_social_post_already_shared":true,"jetpack_social_options":{"image_generator_settings":{"template":"highway","enabled":false},"version":2}},"categories":[1],"tags":[],"class_list":["post-38319","post","type-post","status-publish","format-standard","hentry","category-notas"],"jetpack_publicize_connections":[],"jetpack_sharing_enabled":true,"jetpack_featured_media_url":"","jetpack_shortlink":"https:\/\/wp.me\/p7wKYW-9Y3","jetpack-related-posts":[],"_links":{"self":[{"href":"http:\/\/blogdalucianaoliveira.com.br\/blog\/wp-json\/wp\/v2\/posts\/38319","targetHints":{"allow":["GET"]}}],"collection":[{"href":"http:\/\/blogdalucianaoliveira.com.br\/blog\/wp-json\/wp\/v2\/posts"}],"about":[{"href":"http:\/\/blogdalucianaoliveira.com.br\/blog\/wp-json\/wp\/v2\/types\/post"}],"author":[{"embeddable":true,"href":"http:\/\/blogdalucianaoliveira.com.br\/blog\/wp-json\/wp\/v2\/users\/1"}],"replies":[{"embeddable":true,"href":"http:\/\/blogdalucianaoliveira.com.br\/blog\/wp-json\/wp\/v2\/comments?post=38319"}],"version-history":[{"count":1,"href":"http:\/\/blogdalucianaoliveira.com.br\/blog\/wp-json\/wp\/v2\/posts\/38319\/revisions"}],"predecessor-version":[{"id":38322,"href":"http:\/\/blogdalucianaoliveira.com.br\/blog\/wp-json\/wp\/v2\/posts\/38319\/revisions\/38322"}],"wp:attachment":[{"href":"http:\/\/blogdalucianaoliveira.com.br\/blog\/wp-json\/wp\/v2\/media?parent=38319"}],"wp:term":[{"taxonomy":"category","embeddable":true,"href":"http:\/\/blogdalucianaoliveira.com.br\/blog\/wp-json\/wp\/v2\/categories?post=38319"},{"taxonomy":"post_tag","embeddable":true,"href":"http:\/\/blogdalucianaoliveira.com.br\/blog\/wp-json\/wp\/v2\/tags?post=38319"}],"curies":[{"name":"wp","href":"https:\/\/api.w.org\/{rel}","templated":true}]}}