{"id":38353,"date":"2026-02-25T12:08:42","date_gmt":"2026-02-25T16:08:42","guid":{"rendered":"https:\/\/blogdalucianaoliveira.com.br\/blog\/?p=38353"},"modified":"2026-02-25T12:30:11","modified_gmt":"2026-02-25T16:30:11","slug":"em-2025-129-jornalistas-foram-assassinados-mais-de-80-por-israel","status":"publish","type":"post","link":"http:\/\/blogdalucianaoliveira.com.br\/blog\/2026\/02\/25\/em-2025-129-jornalistas-foram-assassinados-mais-de-80-por-israel\/","title":{"rendered":"Em 2025, 129 jornalistas foram assassinados; mais de 80 por Israel"},"content":{"rendered":"<p><img data-recalc-dims=\"1\" loading=\"lazy\" decoding=\"async\" data-attachment-id=\"38356\" data-permalink=\"http:\/\/blogdalucianaoliveira.com.br\/blog\/2026\/02\/25\/em-2025-129-jornalistas-foram-assassinados-mais-de-80-por-israel\/img_8353\/\" data-orig-file=\"https:\/\/i0.wp.com\/blogdalucianaoliveira.com.br\/blog\/wp-content\/uploads\/2026\/02\/IMG_8353.webp?fit=1170%2C700\" data-orig-size=\"1170,700\" data-comments-opened=\"0\" data-image-meta=\"{&quot;aperture&quot;:&quot;0&quot;,&quot;credit&quot;:&quot;&quot;,&quot;camera&quot;:&quot;&quot;,&quot;caption&quot;:&quot;&quot;,&quot;created_timestamp&quot;:&quot;0&quot;,&quot;copyright&quot;:&quot;&quot;,&quot;focal_length&quot;:&quot;0&quot;,&quot;iso&quot;:&quot;0&quot;,&quot;shutter_speed&quot;:&quot;0&quot;,&quot;title&quot;:&quot;&quot;,&quot;orientation&quot;:&quot;0&quot;}\" data-image-title=\"IMG_8353\" data-image-description=\"\" data-image-caption=\"\" data-medium-file=\"https:\/\/i0.wp.com\/blogdalucianaoliveira.com.br\/blog\/wp-content\/uploads\/2026\/02\/IMG_8353.webp?fit=300%2C179\" data-large-file=\"https:\/\/i0.wp.com\/blogdalucianaoliveira.com.br\/blog\/wp-content\/uploads\/2026\/02\/IMG_8353.webp?fit=600%2C359\" class=\"alignnone size-medium wp-image-38356\" src=\"https:\/\/i0.wp.com\/blogdalucianaoliveira.com.br\/blog\/wp-content\/uploads\/2026\/02\/IMG_8353.webp?resize=300%2C179\" alt=\"\" width=\"300\" height=\"179\" srcset=\"https:\/\/i0.wp.com\/blogdalucianaoliveira.com.br\/blog\/wp-content\/uploads\/2026\/02\/IMG_8353.webp?resize=300%2C179 300w, https:\/\/i0.wp.com\/blogdalucianaoliveira.com.br\/blog\/wp-content\/uploads\/2026\/02\/IMG_8353.webp?resize=1024%2C613 1024w, https:\/\/i0.wp.com\/blogdalucianaoliveira.com.br\/blog\/wp-content\/uploads\/2026\/02\/IMG_8353.webp?resize=768%2C459 768w, https:\/\/i0.wp.com\/blogdalucianaoliveira.com.br\/blog\/wp-content\/uploads\/2026\/02\/IMG_8353.webp?resize=501%2C300 501w, https:\/\/i0.wp.com\/blogdalucianaoliveira.com.br\/blog\/wp-content\/uploads\/2026\/02\/IMG_8353.webp?w=1170 1170w\" sizes=\"auto, (max-width: 300px) 100vw, 300px\" \/><\/p>\n<div class=\"header-noticia full-width\">\n<div class=\"linha-fina-noticia\">Dados s\u00e3o do Comit\u00ea para a Prote\u00e7\u00e3o de Jornalistas<\/div>\n<\/div>\n<p><!--more--><\/p>\n<div class=\"container-autoria\">\n<p><strong>Ao longo de todo ano passado, 129 profissionais de imprensa morreram no exerc\u00edcio da profiss\u00e3o, de acordo com relat\u00f3rio da Organiza\u00e7\u00e3o n\u00e3o-Governamental (ONG) Comit\u00ea para a Prote\u00e7\u00e3o dos Jornalistas (CPJ),\u00a0divulgado nesta quarta-feira (25).<\/strong><img data-recalc-dims=\"1\" decoding=\"async\" src=\"https:\/\/i0.wp.com\/agenciabrasil.ebc.com.br\/ebc.png?w=600&#038;ssl=1\" \/><img data-recalc-dims=\"1\" decoding=\"async\" src=\"https:\/\/i0.wp.com\/agenciabrasil.ebc.com.br\/ebc.gif?w=600&#038;ssl=1\" \/><\/p>\n<p>Trata-se do maior n\u00famero de mortes j\u00e1 documentado pelo comit\u00ea desde que a organiza\u00e7\u00e3o come\u00e7ou a fazer esses registros, h\u00e1 mais de tr\u00eas d\u00e9cadas.<\/p>\n<p><strong>Os dados da organiza\u00e7\u00e3o, que tem sede em Nova York (EUA), revelam ainda que dois ter\u00e7os destas mortes (86) s\u00e3o atribu\u00eddas \u00e0s For\u00e7as de Defesa de Israel.<\/strong><\/p>\n<p>Dos 129 jornalistas assassinados em 2025, a maioria (104) ocorreu durante conflitos. Cinco pa\u00edses concentram 84% das mortes: Israel (86 profissionais de imprensa motos), Sud\u00e3o (9 mortes), M\u00e9xico (6), R\u00fassia (4), e Filipinas (3).<\/p>\n<p>Embora o n\u00famero de profissionais de imprensa assassinados na Ucr\u00e2nia e no Sud\u00e3o tenha aumentado, a maioria esmagadora dos casos se refere a v\u00edtimas palestinas.<\/p>\n<p>No relat\u00f3rio, o Comit\u00ea lembra que &#8220;os conflitos armados atingiram n\u00edveis hist\u00f3ricos em todo o mundo&#8221;, assim como os assassinatos de jornalistas que alcan\u00e7aram &#8220;um recorde sem precedentes&#8221;.<\/p>\n<p>Para o CPJ, a impunidade \u00e9 um dos principais motivos para a alta dos assassinatos de jornalistas.<\/p>\n<blockquote><p>&#8220;O crescente n\u00famero de mortes de jornalistas em todo o mundo \u00e9 alimentado por uma cultura persistente de impunidade para ataques \u00e0 imprensa: muito poucas investiga\u00e7\u00f5es transparentes foram conduzidas.&#8221;<\/p><\/blockquote>\n<p>&#8220;O fracasso cont\u00ednuo dos l\u00edderes de governo em proteger a imprensa ou responsabilizar seus atacantes tamb\u00e9m estabelece as bases para mais assassinatos, inclusive em pa\u00edses que n\u00e3o est\u00e3o em guerra&#8221;, afirma a organiza\u00e7\u00e3o, ao citar as mortes na \u00cdndia, no M\u00e9xico e nas Filipinas.<\/p>\n<p>Para a presidente da organiza\u00e7\u00e3o Jodie Ginsberg, esses assassinatos acontecem em um momento em que o acesso \u00e0 informa\u00e7\u00e3o \u00e9 &#8220;mais importante do que nunca\u201d.<\/p>\n<p>\u201cOs ataques \u00e0 imprensa s\u00e3o um dos principais indicadores de ataques a outras liberdades. Muito mais precisa ser feito para evitar esses assassinatos e punir os perpetradores. Todos n\u00f3s estamos em risco quando os jornalistas s\u00e3o mortos por veicular uma not\u00edcia.\u201d<\/p>\n<p>No relat\u00f3rio, o Comit\u00ea lembra que &#8220;os assassinatos de jornalistas violam o direito internacional humanit\u00e1rio&#8221;, que estipula que profissionais de imprensa s\u00e3o civis e nunca devem ser alvos deliberados.<\/p>\n<h2>Alvos<\/h2>\n<p><img data-recalc-dims=\"1\" loading=\"lazy\" decoding=\"async\" data-attachment-id=\"38354\" data-permalink=\"http:\/\/blogdalucianaoliveira.com.br\/blog\/2026\/02\/25\/em-2025-129-jornalistas-foram-assassinados-mais-de-80-por-israel\/jor_copiar\/\" data-orig-file=\"https:\/\/i0.wp.com\/blogdalucianaoliveira.com.br\/blog\/wp-content\/uploads\/2026\/02\/jor_copiar.webp?fit=754%2C424\" data-orig-size=\"754,424\" data-comments-opened=\"0\" data-image-meta=\"{&quot;aperture&quot;:&quot;0&quot;,&quot;credit&quot;:&quot;&quot;,&quot;camera&quot;:&quot;&quot;,&quot;caption&quot;:&quot;&quot;,&quot;created_timestamp&quot;:&quot;0&quot;,&quot;copyright&quot;:&quot;&quot;,&quot;focal_length&quot;:&quot;0&quot;,&quot;iso&quot;:&quot;0&quot;,&quot;shutter_speed&quot;:&quot;0&quot;,&quot;title&quot;:&quot;&quot;,&quot;orientation&quot;:&quot;0&quot;}\" data-image-title=\"jor_copiar\" data-image-description=\"\" data-image-caption=\"\" data-medium-file=\"https:\/\/i0.wp.com\/blogdalucianaoliveira.com.br\/blog\/wp-content\/uploads\/2026\/02\/jor_copiar.webp?fit=300%2C169\" data-large-file=\"https:\/\/i0.wp.com\/blogdalucianaoliveira.com.br\/blog\/wp-content\/uploads\/2026\/02\/jor_copiar.webp?fit=600%2C337\" class=\"size-medium wp-image-38354 alignleft\" src=\"https:\/\/i0.wp.com\/blogdalucianaoliveira.com.br\/blog\/wp-content\/uploads\/2026\/02\/jor_copiar.webp?resize=300%2C169\" alt=\"\" width=\"300\" height=\"169\" srcset=\"https:\/\/i0.wp.com\/blogdalucianaoliveira.com.br\/blog\/wp-content\/uploads\/2026\/02\/jor_copiar.webp?resize=300%2C169 300w, https:\/\/i0.wp.com\/blogdalucianaoliveira.com.br\/blog\/wp-content\/uploads\/2026\/02\/jor_copiar.webp?resize=533%2C300 533w, https:\/\/i0.wp.com\/blogdalucianaoliveira.com.br\/blog\/wp-content\/uploads\/2026\/02\/jor_copiar.webp?w=754 754w\" sizes=\"auto, (max-width: 300px) 100vw, 300px\" \/><\/p>\n<div class=\"dnd-widget-wrapper context-cheio_8colunas type-image\">\n<p>Dentre os casos citados pelo CPJ, est\u00e3o Hossam Shabat, um correspondente palestino de 23 anos da Al Jazeera no Qatar, morto em mar\u00e7o de 2025\u00a0<a href=\"https:\/\/agenciabrasil.ebc.com.br\/internacional\/noticia\/2025-03\/ongs-condenam-israel-pelos-assassinatos-de-mais-2-jornalistas-em-gaza\" target=\"_blank\" rel=\"noopener\">em um ataque israelense<\/a>\u00a0a seu carro perto do hospital Beit Lahia, no Norte de Gaza.<\/p>\n<p>Shabat era um dos jornalistas mais conhecidos que ficou em Gaza para informar sobre a guerra de Israel ao territ\u00f3rio sitiado. Israel acusou Shabat de ser um atirador do Hamas sem fornecer qualquer evid\u00eancia das acusa\u00e7\u00f5es.<\/p>\n<p>Outro caso citado pela ONG, \u00e9 o do rep\u00f3rter da Al Jazeera, Anas al-Sharif, que alertou publicamente que sua vida estava em perigo depois de difama\u00e7\u00f5es repetidas e infundadas por Israel.<\/p>\n<p>Ap\u00f3s anos de amea\u00e7as, Al-Sharif foi assassinado em agosto de 2025, ao lado de tr\u00eas outros jornalistas da Al Jazeera e dois freelancers, ap\u00f3s um\u00a0<a href=\"https:\/\/agenciabrasil.ebc.com.br\/internacional\/noticia\/2025-08\/ataque-israelense-mata-cinco-jornalistas-da-al-jazeera-em-gaza\" target=\"_blank\" rel=\"noopener\">ataque a uma tenda que abriga<\/a>\u00a0jornalistas perto do Hospital Al-Shifa.<\/p>\n<h2>Gangues e estados autorit\u00e1rios<\/h2>\n<p>Al\u00e9m dos conflitos armadas em todo o mundo, a organiza\u00e7\u00e3o tamb\u00e9m cita um estado de direito fraco, fac\u00e7\u00f5es criminosas com liberdade para praticar crimes, e l\u00edderes pol\u00edticos corruptos como fatores que teriam propiciado a morte de profissionais de imprensa nos seguintes pa\u00edses: Bangladesh, Col\u00f4mbia, Guatemala, Honduras, \u00cdndia, M\u00e9xico, Nepal, Peru, Filipinas, Paquist\u00e3o e Ar\u00e1bia Saudita.<\/p>\n<p>&#8220;Em alguns desses pa\u00edses, esses assassinatos se tornaram comuns. Pelo menos um jornalista foi morto no M\u00e9xico e na \u00cdndia todos os anos nos \u00faltimos 10 anos, e pelo menos um jornalista foi morto em Bangladesh e na Col\u00f4mbia \u2013 assim como por Israel \u2013 todos os anos nos \u00faltimos cinco anos.&#8221;<\/p>\n<h2>Drones<\/h2>\n<p>A CPJ chama a aten\u00e7\u00e3o ainda para a alta no n\u00famero de ataques a profissionais de imprensa com uso de drone. De acordo com a organiza\u00e7\u00e3o, o n\u00famero passou de duas mortes em 2023, para 39 \u00f3bitos em 2025.<\/p>\n<p>Desde a invas\u00e3o da Ucr\u00e2nia pela R\u00fassia, em 2022, os drones t\u00eam sido usados por ambos os pa\u00edses para ataques e vigil\u00e2ncia.<\/p>\n<p>&#8220;Em 2025, a R\u00fassia intensificou sua guerra de drones, usando-os para atacar repetidamente civis na Ucr\u00e2nia, incluindo jornalistas. Os quatro jornalistas mortos na Ucr\u00e2nia em 2025 foram atingidos por drones russos&#8221;, informou o CPJ, sinalizando que o ano passado foi o primeiro em que o CPJ assassinatos de jornalistas por drones, durante a guerra R\u00fassia-Ucr\u00e2nia.<\/p>\n<p><em>*Com informa\u00e7\u00f5es da RTP<\/em><\/p>\n<\/div>\n<\/div>\n","protected":false},"excerpt":{"rendered":"<p>Dados s\u00e3o do Comit\u00ea para a Prote\u00e7\u00e3o de Jornalistas<\/p>\n","protected":false},"author":1,"featured_media":0,"comment_status":"closed","ping_status":"open","sticky":false,"template":"","format":"standard","meta":{"_exactmetrics_skip_tracking":false,"_exactmetrics_sitenote_active":false,"_exactmetrics_sitenote_note":"","_exactmetrics_sitenote_category":0,"jetpack_post_was_ever_published":false,"_jetpack_newsletter_access":"","_jetpack_dont_email_post_to_subs":false,"_jetpack_newsletter_tier_id":0,"_jetpack_memberships_contains_paywalled_content":false,"_jetpack_memberships_contains_paid_content":false,"footnotes":"","jetpack_publicize_message":"","jetpack_publicize_feature_enabled":true,"jetpack_social_post_already_shared":true,"jetpack_social_options":{"image_generator_settings":{"template":"highway","enabled":false},"version":2}},"categories":[1],"tags":[471,1620,1619],"class_list":["post-38353","post","type-post","status-publish","format-standard","hentry","category-notas","tag-jornalistas","tag-mortos","tag-vitimas"],"jetpack_publicize_connections":[],"jetpack_sharing_enabled":true,"jetpack_featured_media_url":"","jetpack_shortlink":"https:\/\/wp.me\/p7wKYW-9YB","jetpack-related-posts":[],"_links":{"self":[{"href":"http:\/\/blogdalucianaoliveira.com.br\/blog\/wp-json\/wp\/v2\/posts\/38353","targetHints":{"allow":["GET"]}}],"collection":[{"href":"http:\/\/blogdalucianaoliveira.com.br\/blog\/wp-json\/wp\/v2\/posts"}],"about":[{"href":"http:\/\/blogdalucianaoliveira.com.br\/blog\/wp-json\/wp\/v2\/types\/post"}],"author":[{"embeddable":true,"href":"http:\/\/blogdalucianaoliveira.com.br\/blog\/wp-json\/wp\/v2\/users\/1"}],"replies":[{"embeddable":true,"href":"http:\/\/blogdalucianaoliveira.com.br\/blog\/wp-json\/wp\/v2\/comments?post=38353"}],"version-history":[{"count":2,"href":"http:\/\/blogdalucianaoliveira.com.br\/blog\/wp-json\/wp\/v2\/posts\/38353\/revisions"}],"predecessor-version":[{"id":38357,"href":"http:\/\/blogdalucianaoliveira.com.br\/blog\/wp-json\/wp\/v2\/posts\/38353\/revisions\/38357"}],"wp:attachment":[{"href":"http:\/\/blogdalucianaoliveira.com.br\/blog\/wp-json\/wp\/v2\/media?parent=38353"}],"wp:term":[{"taxonomy":"category","embeddable":true,"href":"http:\/\/blogdalucianaoliveira.com.br\/blog\/wp-json\/wp\/v2\/categories?post=38353"},{"taxonomy":"post_tag","embeddable":true,"href":"http:\/\/blogdalucianaoliveira.com.br\/blog\/wp-json\/wp\/v2\/tags?post=38353"}],"curies":[{"name":"wp","href":"https:\/\/api.w.org\/{rel}","templated":true}]}}