{"id":38359,"date":"2026-02-25T13:27:17","date_gmt":"2026-02-25T17:27:17","guid":{"rendered":"https:\/\/blogdalucianaoliveira.com.br\/blog\/?p=38359"},"modified":"2026-02-25T13:27:17","modified_gmt":"2026-02-25T17:27:17","slug":"ta-pago-claudia-de-jesus-garante-recurso-para-arado-subsolador-em-sao-felipe-doeste","status":"publish","type":"post","link":"http:\/\/blogdalucianaoliveira.com.br\/blog\/2026\/02\/25\/ta-pago-claudia-de-jesus-garante-recurso-para-arado-subsolador-em-sao-felipe-doeste\/","title":{"rendered":"T\u00e1 pago: Cl\u00e1udia de Jesus garante recurso para arado subsolador em S\u00e3o Felipe D\u2019Oeste"},"content":{"rendered":"<p><img data-recalc-dims=\"1\" loading=\"lazy\" decoding=\"async\" data-attachment-id=\"38360\" data-permalink=\"http:\/\/blogdalucianaoliveira.com.br\/blog\/2026\/02\/25\/ta-pago-claudia-de-jesus-garante-recurso-para-arado-subsolador-em-sao-felipe-doeste\/img_8356\/\" data-orig-file=\"https:\/\/i0.wp.com\/blogdalucianaoliveira.com.br\/blog\/wp-content\/uploads\/2026\/02\/IMG_8356.jpeg?fit=1350%2C900\" data-orig-size=\"1350,900\" data-comments-opened=\"0\" data-image-meta=\"{&quot;aperture&quot;:&quot;0&quot;,&quot;credit&quot;:&quot;&quot;,&quot;camera&quot;:&quot;&quot;,&quot;caption&quot;:&quot;&quot;,&quot;created_timestamp&quot;:&quot;0&quot;,&quot;copyright&quot;:&quot;&quot;,&quot;focal_length&quot;:&quot;0&quot;,&quot;iso&quot;:&quot;0&quot;,&quot;shutter_speed&quot;:&quot;0&quot;,&quot;title&quot;:&quot;&quot;,&quot;orientation&quot;:&quot;1&quot;}\" data-image-title=\"IMG_8356\" data-image-description=\"\" data-image-caption=\"\" data-medium-file=\"https:\/\/i0.wp.com\/blogdalucianaoliveira.com.br\/blog\/wp-content\/uploads\/2026\/02\/IMG_8356.jpeg?fit=300%2C200\" data-large-file=\"https:\/\/i0.wp.com\/blogdalucianaoliveira.com.br\/blog\/wp-content\/uploads\/2026\/02\/IMG_8356.jpeg?fit=600%2C400\" class=\"alignnone size-medium wp-image-38360\" src=\"https:\/\/i0.wp.com\/blogdalucianaoliveira.com.br\/blog\/wp-content\/uploads\/2026\/02\/IMG_8356.jpeg?resize=300%2C200\" alt=\"\" width=\"300\" height=\"200\" srcset=\"https:\/\/i0.wp.com\/blogdalucianaoliveira.com.br\/blog\/wp-content\/uploads\/2026\/02\/IMG_8356.jpeg?resize=300%2C200 300w, https:\/\/i0.wp.com\/blogdalucianaoliveira.com.br\/blog\/wp-content\/uploads\/2026\/02\/IMG_8356.jpeg?resize=1024%2C683 1024w, https:\/\/i0.wp.com\/blogdalucianaoliveira.com.br\/blog\/wp-content\/uploads\/2026\/02\/IMG_8356.jpeg?resize=768%2C512 768w, https:\/\/i0.wp.com\/blogdalucianaoliveira.com.br\/blog\/wp-content\/uploads\/2026\/02\/IMG_8356.jpeg?resize=450%2C300 450w, https:\/\/i0.wp.com\/blogdalucianaoliveira.com.br\/blog\/wp-content\/uploads\/2026\/02\/IMG_8356.jpeg?w=1350 1350w, https:\/\/i0.wp.com\/blogdalucianaoliveira.com.br\/blog\/wp-content\/uploads\/2026\/02\/IMG_8356.jpeg?w=1200 1200w\" sizes=\"auto, (max-width: 300px) 100vw, 300px\" \/><\/p>\n<div><\/div>\n<div><strong><i>Investimento ser\u00e1 usado na aquisi\u00e7\u00e3o de arado subsolador para atender pequenos produtores.<\/i><\/strong><\/div>\n<p><!--more--><\/p>\n<div><\/div>\n<div>A agricultura familiar de S\u00e3o Felipe D\u2019Oeste ser\u00e1 fortalecida com a aquisi\u00e7\u00e3o de um arado subsolador, garantido por emenda da deputada estadual Cl\u00e1udia de Jesus (PT). O recurso, no valor de R$ 53 mil, j\u00e1 est\u00e1 confirmado e ser\u00e1 destinado \u00e0 Prefeitura para a compra do equipamento.<\/div>\n<div><\/div>\n<div>A solicita\u00e7\u00e3o partiu de Manoel Eug\u00eanio, da Emater local, al\u00e9m das lideran\u00e7as Jos\u00e9 Mendes, ex-prefeito do munic\u00edpio, e Edimar Conde. O implemento agr\u00edcola permitir\u00e1 a descompacta\u00e7\u00e3o do solo, melhorando a infiltra\u00e7\u00e3o de \u00e1gua, a aera\u00e7\u00e3o e o desenvolvimento das ra\u00edzes, beneficiando em m\u00e9dia 30 pequenos produtores por ano.<\/div>\n<div><\/div>\n<div>A deputada destacou que o investimento refor\u00e7a o compromisso com o campo. \u201cNosso mandato tem prioridade na agricultura familiar, porque \u00e9 ela que gera renda, alimento e desenvolvimento para os munic\u00edpios. Esse equipamento vai fazer a diferen\u00e7a na produ\u00e7\u00e3o e na vida das fam\u00edlias rurais\u201d, afirmou Cl\u00e1udia de Jesus.<\/div>\n","protected":false},"excerpt":{"rendered":"<p>Investimento ser\u00e1 usado na aquisi\u00e7\u00e3o de arado subsolador para atender pequenos produtores.<\/p>\n","protected":false},"author":1,"featured_media":0,"comment_status":"closed","ping_status":"open","sticky":false,"template":"","format":"standard","meta":{"_exactmetrics_skip_tracking":false,"_exactmetrics_sitenote_active":false,"_exactmetrics_sitenote_note":"","_exactmetrics_sitenote_category":0,"jetpack_post_was_ever_published":false,"_jetpack_newsletter_access":"","_jetpack_dont_email_post_to_subs":false,"_jetpack_newsletter_tier_id":0,"_jetpack_memberships_contains_paywalled_content":false,"_jetpack_memberships_contains_paid_content":false,"footnotes":"","jetpack_publicize_message":"","jetpack_publicize_feature_enabled":true,"jetpack_social_post_already_shared":true,"jetpack_social_options":{"image_generator_settings":{"template":"highway","enabled":false},"version":2}},"categories":[1],"tags":[1622,1429,1621],"class_list":["post-38359","post","type-post","status-publish","format-standard","hentry","category-notas","tag-agricultura-familiar","tag-deputada-claudia-de-jesus","tag-recurso"],"jetpack_publicize_connections":[],"jetpack_sharing_enabled":true,"jetpack_featured_media_url":"","jetpack_shortlink":"https:\/\/wp.me\/p7wKYW-9YH","jetpack-related-posts":[],"_links":{"self":[{"href":"http:\/\/blogdalucianaoliveira.com.br\/blog\/wp-json\/wp\/v2\/posts\/38359","targetHints":{"allow":["GET"]}}],"collection":[{"href":"http:\/\/blogdalucianaoliveira.com.br\/blog\/wp-json\/wp\/v2\/posts"}],"about":[{"href":"http:\/\/blogdalucianaoliveira.com.br\/blog\/wp-json\/wp\/v2\/types\/post"}],"author":[{"embeddable":true,"href":"http:\/\/blogdalucianaoliveira.com.br\/blog\/wp-json\/wp\/v2\/users\/1"}],"replies":[{"embeddable":true,"href":"http:\/\/blogdalucianaoliveira.com.br\/blog\/wp-json\/wp\/v2\/comments?post=38359"}],"version-history":[{"count":2,"href":"http:\/\/blogdalucianaoliveira.com.br\/blog\/wp-json\/wp\/v2\/posts\/38359\/revisions"}],"predecessor-version":[{"id":38362,"href":"http:\/\/blogdalucianaoliveira.com.br\/blog\/wp-json\/wp\/v2\/posts\/38359\/revisions\/38362"}],"wp:attachment":[{"href":"http:\/\/blogdalucianaoliveira.com.br\/blog\/wp-json\/wp\/v2\/media?parent=38359"}],"wp:term":[{"taxonomy":"category","embeddable":true,"href":"http:\/\/blogdalucianaoliveira.com.br\/blog\/wp-json\/wp\/v2\/categories?post=38359"},{"taxonomy":"post_tag","embeddable":true,"href":"http:\/\/blogdalucianaoliveira.com.br\/blog\/wp-json\/wp\/v2\/tags?post=38359"}],"curies":[{"name":"wp","href":"https:\/\/api.w.org\/{rel}","templated":true}]}}