{"id":38363,"date":"2026-02-25T14:21:54","date_gmt":"2026-02-25T18:21:54","guid":{"rendered":"https:\/\/blogdalucianaoliveira.com.br\/blog\/?p=38363"},"modified":"2026-02-25T14:21:54","modified_gmt":"2026-02-25T18:21:54","slug":"stf-condena-mandantes-da-morte-de-marielle-a-76-anos","status":"publish","type":"post","link":"http:\/\/blogdalucianaoliveira.com.br\/blog\/2026\/02\/25\/stf-condena-mandantes-da-morte-de-marielle-a-76-anos\/","title":{"rendered":"STF condena mandantes da morte de Marielle a 76 anos"},"content":{"rendered":"<p><img data-recalc-dims=\"1\" loading=\"lazy\" decoding=\"async\" data-attachment-id=\"38365\" data-permalink=\"http:\/\/blogdalucianaoliveira.com.br\/blog\/2026\/02\/25\/stf-condena-mandantes-da-morte-de-marielle-a-76-anos\/screenshot-12\/\" data-orig-file=\"https:\/\/i0.wp.com\/blogdalucianaoliveira.com.br\/blog\/wp-content\/uploads\/2026\/02\/IMG_8363.jpeg?fit=1179%2C1097\" data-orig-size=\"1179,1097\" data-comments-opened=\"0\" data-image-meta=\"{&quot;aperture&quot;:&quot;0&quot;,&quot;credit&quot;:&quot;&quot;,&quot;camera&quot;:&quot;&quot;,&quot;caption&quot;:&quot;Screenshot&quot;,&quot;created_timestamp&quot;:&quot;1772029249&quot;,&quot;copyright&quot;:&quot;&quot;,&quot;focal_length&quot;:&quot;0&quot;,&quot;iso&quot;:&quot;0&quot;,&quot;shutter_speed&quot;:&quot;0&quot;,&quot;title&quot;:&quot;Screenshot&quot;,&quot;orientation&quot;:&quot;1&quot;}\" data-image-title=\"Screenshot\" data-image-description=\"\" data-image-caption=\"&lt;p&gt;Screenshot&lt;\/p&gt;\n\" data-medium-file=\"https:\/\/i0.wp.com\/blogdalucianaoliveira.com.br\/blog\/wp-content\/uploads\/2026\/02\/IMG_8363.jpeg?fit=300%2C279\" data-large-file=\"https:\/\/i0.wp.com\/blogdalucianaoliveira.com.br\/blog\/wp-content\/uploads\/2026\/02\/IMG_8363.jpeg?fit=600%2C558\" class=\"size-medium wp-image-38365\" src=\"https:\/\/i0.wp.com\/blogdalucianaoliveira.com.br\/blog\/wp-content\/uploads\/2026\/02\/IMG_8363.jpeg?resize=300%2C279\" alt=\"\" width=\"300\" height=\"279\" srcset=\"https:\/\/i0.wp.com\/blogdalucianaoliveira.com.br\/blog\/wp-content\/uploads\/2026\/02\/IMG_8363.jpeg?resize=300%2C279 300w, https:\/\/i0.wp.com\/blogdalucianaoliveira.com.br\/blog\/wp-content\/uploads\/2026\/02\/IMG_8363.jpeg?resize=1024%2C953 1024w, https:\/\/i0.wp.com\/blogdalucianaoliveira.com.br\/blog\/wp-content\/uploads\/2026\/02\/IMG_8363.jpeg?resize=768%2C715 768w, https:\/\/i0.wp.com\/blogdalucianaoliveira.com.br\/blog\/wp-content\/uploads\/2026\/02\/IMG_8363.jpeg?resize=322%2C300 322w, https:\/\/i0.wp.com\/blogdalucianaoliveira.com.br\/blog\/wp-content\/uploads\/2026\/02\/IMG_8363.jpeg?w=1179 1179w\" sizes=\"auto, (max-width: 300px) 100vw, 300px\" \/><\/p>\n<p>DW &#8211; A Primeira Turma do <a class=\"internal-link\" href=\"https:\/\/www.dw.com\/pt-br\/stf\/t-39374707\">Supremo Tribunal Federal (STF)<\/a> condenou nesta quarta-feira (25\/02) por unanimidade os irm\u00e3os <a class=\"internal-link\" href=\"https:\/\/www.dw.com\/pt-br\/suspeito-de-mandar-matar-marielle-%C3%A9-liberado-de-pres%C3%ADdio\/a-72225685\">Chiquinho Braz\u00e3o<\/a> e Domingos Braz\u00e3o por planejar e ordenar o assassinato da vereadora <a class=\"internal-link\" href=\"https:\/\/www.dw.com\/pt-br\/marielle-franco\/t-47226925\">Marielle Franco<\/a> e do motorista Anderson Gomes em mar\u00e7o de 2018, no Rio de Janeiro. Tr\u00eas outros r\u00e9us tamb\u00e9m foram condenados.<!--more--><\/p>\n<p>Chiquinho e Domingos foram condenados a 76 anos e 3 meses de pris\u00e3o em regime fechado e 360\u00a0dias-multa no valor de um sal\u00e1rio\u00a0m\u00ednimo.<\/p>\n<p>Eles tamb\u00e9m ter\u00e3o de pagar 7 milh\u00f5es de reais a familiares de Marielle, Anderson e Fernanda Chaves, ex-assessora da vereadora que sobreviveu ao atentado.<\/p>\n<p>Desse valor,\u00a01 milh\u00e3o de reais dever\u00e1 ser pago\u00a0em favor de Fernanda e de sua filha;\u00a03 milh\u00f5es em favor a Marielle \u2013 750 mil \u00e0 vi\u00fava da vereadora, 750 mil ao pai, 750 mil \u00e0 m\u00e3e, 750 mil \u00e0 filha\u00a0\u2013 e outros\u00a03 milh\u00f5es em favor da fam\u00edlia de Anderson.<\/p>\n<p>O STF tamb\u00e9m determinou a perda dos cargos p\u00fablicos do acusados.<\/p>\n<p>A maioria para a condena\u00e7\u00e3ono STF havia sido alcan\u00e7ada com os votos de <a class=\"internal-link\" href=\"https:\/\/www.dw.com\/pt-br\/alexandre-de-moraes\/t-65590714\">Alexandre de Moraes<\/a>, <a class=\"internal-link\" href=\"https:\/\/www.dw.com\/pt-br\/cristiano-zanin\/t-72334563\">Cristiano Zanin<\/a> e <a class=\"internal-link\" href=\"https:\/\/www.dw.com\/pt-br\/c%C3%A1rmen-l%C3%BAcia\/t-45619181\">C\u00e1rmen L\u00facia<\/a>. O voto final de\u00a0<a class=\"internal-link\" href=\"https:\/\/www.dw.com\/pt-br\/fl%C3%A1vio-dino\/t-72334793\">Fl\u00e1vio Dino<\/a>\u00a0selou a condena\u00e7\u00e3o por unanimidade. As penas dos condenados ser\u00e3o decidias ao final do julgamento.<\/p>\n<p>O deputado cassado Jo\u00e3o Francisco In\u00e1cio Braz\u00e3o, ou Chiquinho, e seu irm\u00e3o, o ex-conselheiro do Tribunal de Contas do Rio de janeiro Domingos In\u00e1cio Braz\u00e3o, foram condenados pelos crimes de duplo homic\u00eddio, tentativa de homic\u00eddio e organiza\u00e7\u00e3o criminosa armada.<\/p>\n<p>Os demais condenados s\u00e3o o ex-delegado e ex-chefe da Pol\u00edcia Civil do Rio Rivaldo Barbosa de Ara\u00fajo J\u00fanior (obstru\u00e7\u00e3o \u00e0 Justi\u00e7a corrup\u00e7\u00e3o passiva), o ex-major da Pol\u00edcia Militar Ronald Paulo Alves Pereira (duplo homic\u00eddio e tentativa de homic\u00eddio) e o ex-policial militar e ex-assessor de Domingos Braz\u00e3o Robson Calixto Fonseca (organiza\u00e7\u00e3o criminosa).<\/p>\n<p>Rivaldo recebeu pena de\u00a018 anos de reclus\u00e3o em regime fechado e ter\u00e1 de pagar\u00a0360 dias-multa no valor de um sal\u00e1rio m\u00ednimo. Ronald Pereira foi condenado a 56 anos\u00a0e\u00a0Calixto\u00a0a 9 anos de reclus\u00e3o.<\/p>\n<p>Os magistrados concordaram parcialmente com a den\u00fancia da Procuradoria Geral da Rep\u00fablica (PGR), ao considerarem que as provas apresentadas confirmam a participa\u00e7\u00e3o dos acusados nos crimes.<\/p>\n<p>Segundo a PGR, a execu\u00e7\u00e3o teve como motivo a atua\u00e7\u00e3o pol\u00edtica de Marielle que interferiu nos interesses dos irm\u00e3os Braz\u00e3o, como a regulariza\u00e7\u00e3o de \u00e1reas controladas por grupos criminosos no Rio de Janeiro. A Procuradoria diz n\u00e3o haver d\u00favida de que os irm\u00e3os Braz\u00e3o foram os mandantes.<\/p>\n<p><img data-recalc-dims=\"1\" loading=\"lazy\" decoding=\"async\" data-attachment-id=\"38364\" data-permalink=\"http:\/\/blogdalucianaoliveira.com.br\/blog\/2026\/02\/25\/stf-condena-mandantes-da-morte-de-marielle-a-76-anos\/screenshot-11\/\" data-orig-file=\"https:\/\/i0.wp.com\/blogdalucianaoliveira.com.br\/blog\/wp-content\/uploads\/2026\/02\/IMG_8362.jpeg?fit=1179%2C858\" data-orig-size=\"1179,858\" data-comments-opened=\"0\" data-image-meta=\"{&quot;aperture&quot;:&quot;0&quot;,&quot;credit&quot;:&quot;&quot;,&quot;camera&quot;:&quot;&quot;,&quot;caption&quot;:&quot;Screenshot&quot;,&quot;created_timestamp&quot;:&quot;1772029151&quot;,&quot;copyright&quot;:&quot;&quot;,&quot;focal_length&quot;:&quot;0&quot;,&quot;iso&quot;:&quot;0&quot;,&quot;shutter_speed&quot;:&quot;0&quot;,&quot;title&quot;:&quot;Screenshot&quot;,&quot;orientation&quot;:&quot;1&quot;}\" data-image-title=\"Screenshot\" data-image-description=\"\" data-image-caption=\"&lt;p&gt;Screenshot&lt;\/p&gt;\n\" data-medium-file=\"https:\/\/i0.wp.com\/blogdalucianaoliveira.com.br\/blog\/wp-content\/uploads\/2026\/02\/IMG_8362.jpeg?fit=300%2C218\" data-large-file=\"https:\/\/i0.wp.com\/blogdalucianaoliveira.com.br\/blog\/wp-content\/uploads\/2026\/02\/IMG_8362.jpeg?fit=600%2C437\" class=\"size-medium wp-image-38364\" src=\"https:\/\/i0.wp.com\/blogdalucianaoliveira.com.br\/blog\/wp-content\/uploads\/2026\/02\/IMG_8362.jpeg?resize=300%2C218\" alt=\"\" width=\"300\" height=\"218\" srcset=\"https:\/\/i0.wp.com\/blogdalucianaoliveira.com.br\/blog\/wp-content\/uploads\/2026\/02\/IMG_8362.jpeg?resize=300%2C218 300w, https:\/\/i0.wp.com\/blogdalucianaoliveira.com.br\/blog\/wp-content\/uploads\/2026\/02\/IMG_8362.jpeg?resize=1024%2C745 1024w, https:\/\/i0.wp.com\/blogdalucianaoliveira.com.br\/blog\/wp-content\/uploads\/2026\/02\/IMG_8362.jpeg?resize=768%2C559 768w, https:\/\/i0.wp.com\/blogdalucianaoliveira.com.br\/blog\/wp-content\/uploads\/2026\/02\/IMG_8362.jpeg?resize=412%2C300 412w, https:\/\/i0.wp.com\/blogdalucianaoliveira.com.br\/blog\/wp-content\/uploads\/2026\/02\/IMG_8362.jpeg?w=1179 1179w\" sizes=\"auto, (max-width: 300px) 100vw, 300px\" \/><\/p>\n<p>A \u00fanica diverg\u00eancia entre os ministros do Supremo foi em rela\u00e7\u00e3o a Rivaldo Barbosa. O ex-delegado foi absolvido do crime de homic\u00eddio qualificado em raz\u00e3o de &#8220;d\u00favida razo\u00e1vel&#8221;. Mas n\u00e3o se livrou da condena\u00e7\u00e3o por corrup\u00e7\u00e3o passiva e obstru\u00e7\u00e3o de justi\u00e7a. O r\u00e9u teria recebido dinheiro de uma mil\u00edcia para interferir nas investiga\u00e7\u00f5es sobre o assassinato de Marielle e Anderson Gomes.<\/p>\n<h2>&#8220;Pol\u00edtica, misoginia, racismo e discrimina\u00e7\u00e3o&#8221;<\/h2>\n<p>Em seu voto, Alexandre de Moraes destacou a motiva\u00e7\u00e3o pol\u00edtica do crime e a\u00e7\u00f5es de queima de arquivo que caracterizam as atua\u00e7\u00f5es de mil\u00edcias, que, segundo disse,\u00a0&#8220;se juntou a quest\u00e3o pol\u00edtica com misoginia, com <a class=\"internal-link\" href=\"https:\/\/www.dw.com\/pt-br\/quem-tem-medo-de-mulher-negra-no-poder\/a-69767392\">racismo<\/a>, com discrimina\u00e7\u00e3o. Marielle era uma mulher preta, pobre, que estava peitando os interesses de milicianos. Qual o recado mais forte que poderia ser feito? E na cabe\u00e7a mis\u00f3gina dos executores, quem iria ligar pra isso&#8221;, questionou.<\/p>\n<p>Para Moraes, Domingos e Chiquinho decidiram assassinar Marielle para impedir que ela continuasse a prejudicar os interesses da fam\u00edlia em pr\u00e1ticas de grilagem de terras.<\/p>\n<p>&#8220;O assassinato de Marielle tem que ser compreendido n\u00e3o s\u00f3 como atentado a parlamentar, mas um crime na ideia de domina\u00e7\u00e3o do crime organizado, e tamb\u00e9m de viol\u00eancia de g\u00eanero de interromper mulher que ousou ir de encontro aos interesses de milicianos homens, brancos e ricos&#8221;, afirmou o ministro<\/p>\n<p>&#8220;Numa cabe\u00e7a de 50, 100 anos atr\u00e1s, vamos execut\u00e1-la e n\u00e3o ter\u00e1 repercuss\u00e3o. Eles n\u00e3o esperavam <a class=\"internal-link\" href=\"https:\/\/www.dw.com\/pt-br\/supostos-mandantes-subestimaram-for%C3%A7a-de-marielle\/a-68669378\">tamanha repercuss\u00e3o<\/a>.&#8221;<\/p>\n<p>Zanin destacou que a &#8220;impunidade hist\u00f3rica de grupos de mil\u00edcias serviu de combust\u00edvel para a escalada de viol\u00eancia que culminou para o assassinato de uma parlamentar eleita&#8221;, acrescentando que, para esses grupos, &#8220;matar significa apenas tirar uma pedra do caminho\u201d.<\/p>\n<p>&#8220;Eu me pergunto, senhoras e senhores, quantas &#8216;Marielles&#8217; o Brasil permitir\u00e1 que sejam assassinadas at\u00e9 que se ressuscite a ideia de justi\u00e7a nesta p\u00e1tria de tantas indignidades&#8221;, afirmou C\u00e1rmen Lucia em seu voto. &#8220;Esse processo me faz mal, pela impot\u00eancia do direito diante da vida dilacerada.&#8221;<\/p>\n","protected":false},"excerpt":{"rendered":"<p>DW &#8211; A Primeira Turma do Supremo Tribunal Federal (STF) condenou nesta quarta-feira (25\/02) por unanimidade os irm\u00e3os Chiquinho Braz\u00e3o e Domingos Braz\u00e3o por planejar e ordenar o assassinato da vereadora Marielle Franco e do motorista Anderson Gomes em mar\u00e7o de 2018, no Rio de Janeiro. Tr\u00eas outros r\u00e9us tamb\u00e9m foram condenados.<\/p>\n","protected":false},"author":1,"featured_media":0,"comment_status":"closed","ping_status":"open","sticky":false,"template":"","format":"standard","meta":{"_exactmetrics_skip_tracking":false,"_exactmetrics_sitenote_active":false,"_exactmetrics_sitenote_note":"","_exactmetrics_sitenote_category":0,"jetpack_post_was_ever_published":false,"_jetpack_newsletter_access":"","_jetpack_dont_email_post_to_subs":false,"_jetpack_newsletter_tier_id":0,"_jetpack_memberships_contains_paywalled_content":false,"_jetpack_memberships_contains_paid_content":false,"footnotes":"","jetpack_publicize_message":"","jetpack_publicize_feature_enabled":true,"jetpack_social_post_already_shared":true,"jetpack_social_options":{"image_generator_settings":{"template":"highway","enabled":false},"version":2}},"categories":[1],"tags":[1607,902,677],"class_list":["post-38363","post","type-post","status-publish","format-standard","hentry","category-notas","tag-condenados","tag-julgamento","tag-marielle-franco"],"jetpack_publicize_connections":[],"jetpack_sharing_enabled":true,"jetpack_featured_media_url":"","jetpack_shortlink":"https:\/\/wp.me\/p7wKYW-9YL","jetpack-related-posts":[],"_links":{"self":[{"href":"http:\/\/blogdalucianaoliveira.com.br\/blog\/wp-json\/wp\/v2\/posts\/38363","targetHints":{"allow":["GET"]}}],"collection":[{"href":"http:\/\/blogdalucianaoliveira.com.br\/blog\/wp-json\/wp\/v2\/posts"}],"about":[{"href":"http:\/\/blogdalucianaoliveira.com.br\/blog\/wp-json\/wp\/v2\/types\/post"}],"author":[{"embeddable":true,"href":"http:\/\/blogdalucianaoliveira.com.br\/blog\/wp-json\/wp\/v2\/users\/1"}],"replies":[{"embeddable":true,"href":"http:\/\/blogdalucianaoliveira.com.br\/blog\/wp-json\/wp\/v2\/comments?post=38363"}],"version-history":[{"count":1,"href":"http:\/\/blogdalucianaoliveira.com.br\/blog\/wp-json\/wp\/v2\/posts\/38363\/revisions"}],"predecessor-version":[{"id":38366,"href":"http:\/\/blogdalucianaoliveira.com.br\/blog\/wp-json\/wp\/v2\/posts\/38363\/revisions\/38366"}],"wp:attachment":[{"href":"http:\/\/blogdalucianaoliveira.com.br\/blog\/wp-json\/wp\/v2\/media?parent=38363"}],"wp:term":[{"taxonomy":"category","embeddable":true,"href":"http:\/\/blogdalucianaoliveira.com.br\/blog\/wp-json\/wp\/v2\/categories?post=38363"},{"taxonomy":"post_tag","embeddable":true,"href":"http:\/\/blogdalucianaoliveira.com.br\/blog\/wp-json\/wp\/v2\/tags?post=38363"}],"curies":[{"name":"wp","href":"https:\/\/api.w.org\/{rel}","templated":true}]}}