{"id":38367,"date":"2026-02-26T11:11:16","date_gmt":"2026-02-26T15:11:16","guid":{"rendered":"https:\/\/blogdalucianaoliveira.com.br\/blog\/?p=38367"},"modified":"2026-02-26T11:11:16","modified_gmt":"2026-02-26T15:11:16","slug":"juiz-de-fora-desastre-reflete-negligencia-com-aquecimento-global","status":"publish","type":"post","link":"http:\/\/blogdalucianaoliveira.com.br\/blog\/2026\/02\/26\/juiz-de-fora-desastre-reflete-negligencia-com-aquecimento-global\/","title":{"rendered":"Juiz de Fora: desastre reflete neglig\u00eancia com aquecimento global"},"content":{"rendered":"<div><img data-recalc-dims=\"1\" loading=\"lazy\" decoding=\"async\" data-attachment-id=\"38369\" data-permalink=\"http:\/\/blogdalucianaoliveira.com.br\/blog\/2026\/02\/26\/juiz-de-fora-desastre-reflete-negligencia-com-aquecimento-global\/toms4156\/\" data-orig-file=\"https:\/\/i0.wp.com\/blogdalucianaoliveira.com.br\/blog\/wp-content\/uploads\/2026\/02\/toms4156.webp?fit=1170%2C700\" data-orig-size=\"1170,700\" data-comments-opened=\"0\" data-image-meta=\"{&quot;aperture&quot;:&quot;0&quot;,&quot;credit&quot;:&quot;&quot;,&quot;camera&quot;:&quot;&quot;,&quot;caption&quot;:&quot;&quot;,&quot;created_timestamp&quot;:&quot;0&quot;,&quot;copyright&quot;:&quot;&quot;,&quot;focal_length&quot;:&quot;0&quot;,&quot;iso&quot;:&quot;0&quot;,&quot;shutter_speed&quot;:&quot;0&quot;,&quot;title&quot;:&quot;&quot;,&quot;orientation&quot;:&quot;0&quot;}\" data-image-title=\"toms4156\" data-image-description=\"\" data-image-caption=\"\" data-medium-file=\"https:\/\/i0.wp.com\/blogdalucianaoliveira.com.br\/blog\/wp-content\/uploads\/2026\/02\/toms4156.webp?fit=300%2C179\" data-large-file=\"https:\/\/i0.wp.com\/blogdalucianaoliveira.com.br\/blog\/wp-content\/uploads\/2026\/02\/toms4156.webp?fit=600%2C359\" class=\"aligncenter size-full wp-image-38369\" src=\"https:\/\/i0.wp.com\/blogdalucianaoliveira.com.br\/blog\/wp-content\/uploads\/2026\/02\/toms4156.webp?resize=600%2C359\" alt=\"\" width=\"600\" height=\"359\" srcset=\"https:\/\/i0.wp.com\/blogdalucianaoliveira.com.br\/blog\/wp-content\/uploads\/2026\/02\/toms4156.webp?w=1170 1170w, https:\/\/i0.wp.com\/blogdalucianaoliveira.com.br\/blog\/wp-content\/uploads\/2026\/02\/toms4156.webp?resize=300%2C179 300w, https:\/\/i0.wp.com\/blogdalucianaoliveira.com.br\/blog\/wp-content\/uploads\/2026\/02\/toms4156.webp?resize=1024%2C613 1024w, https:\/\/i0.wp.com\/blogdalucianaoliveira.com.br\/blog\/wp-content\/uploads\/2026\/02\/toms4156.webp?resize=768%2C459 768w, https:\/\/i0.wp.com\/blogdalucianaoliveira.com.br\/blog\/wp-content\/uploads\/2026\/02\/toms4156.webp?resize=501%2C300 501w\" sizes=\"auto, (max-width: 600px) 100vw, 600px\" \/><\/div>\n<div><\/div>\n<div class=\"header-noticia full-width\">\n<div class=\"linha-fina-noticia\">Avalia\u00e7\u00e3o \u00e9 de especialistas ouvidos pela Ag\u00eancia Brasil<\/div>\n<\/div>\n<p><!--more--><\/p>\n<div class=\"container-autoria\">\n<p>Ag\u00eancia Brasil &#8211; Os temporais que deixaram pelo menos 3 mil pessoas desabrigadas, 400 desalojados e <a href=\"https:\/\/agenciabrasil.ebc.com.br\/geral\/noticia\/2026-02\/chuvas-em-mg-ja-deixaram-47-mortos-e-20-desaparecidos\" target=\"_blank\" rel=\"noopener\">47\u00a0mortos<\/a>\u00a0na Zona da Mata mineira s\u00e3o reflexo de neglig\u00eancia com as mudan\u00e7as clim\u00e1ticas. A avalia\u00e7\u00e3o \u00e9 de especialistas ouvidos pela\u00a0<strong>Ag\u00eancia Brasil<\/strong>\u00a0que consideram\u00a0os fatores clim\u00e1ticos e humanos respons\u00e1veis pelas fortes chuvas em Juiz de Fora e Ub\u00e1, com enxurradas, deslizamentos de terra e cheias de rios acima do normal.<img data-recalc-dims=\"1\" decoding=\"async\" src=\"https:\/\/i0.wp.com\/agenciabrasil.ebc.com.br\/ebc.png?w=600&#038;ssl=1\" \/><img data-recalc-dims=\"1\" decoding=\"async\" src=\"https:\/\/i0.wp.com\/agenciabrasil.ebc.com.br\/ebc.gif?w=600&#038;ssl=1\" \/><\/p>\n<blockquote><p>\u201cQuando estamos falando de extremos, de riscos ambientais, estamos falando de mudan\u00e7as clim\u00e1ticas\u201d, afirmou\u00a0o ge\u00f3grafo Miguel Felippe, professor do Departamento de Geoci\u00eancias da Universidade Federal de Juiz de Fora (UFJF).<\/p><\/blockquote>\n<p><strong>De acordo com ele, a preven\u00e7\u00e3o passa pela ado\u00e7\u00e3o de uma agenda de pol\u00edticas p\u00fablicas para o meio ambiente, tema que tem\u00a0sido negligenciado\u00a0nos \u00faltimos anos.\u00a0\u201cToda essa onda negacionista\u00a0relacionada \u00e0s mudan\u00e7as clim\u00e1ticas,\u00a0obviamente, reverbera agora\u00a0em desastres como esses.&#8221;<\/strong><\/p>\n<p>Para Felippe,\u00a0especialista em hidrologia, geografia f\u00edsica e riscos socioambientais, as chuvas extremas e\u00a0os eventos extremos\u00a0tendem a ficar mais comuns daqui para a frente.<\/p>\n<p><strong>A neglig\u00eancia ocorre em todos os n\u00edveis de governo no Brasil e no mundo, onde\u00a0a pauta clim\u00e1tica, da qual faz parte o planejamento urbano, \u00e9 apresentada por pol\u00edticos como um entrave ao desenvolvimento econ\u00f4mico, analisou o ge\u00f3grafo. \u201cEssa falsa contraposi\u00e7\u00e3o continua sendo usada como ativo na disputa eleitoral\u201d, analisou.<\/strong><\/p>\n<p><img data-recalc-dims=\"1\" loading=\"lazy\" decoding=\"async\" data-attachment-id=\"38371\" data-permalink=\"http:\/\/blogdalucianaoliveira.com.br\/blog\/2026\/02\/26\/juiz-de-fora-desastre-reflete-negligencia-com-aquecimento-global\/toms4170\/\" data-orig-file=\"https:\/\/i0.wp.com\/blogdalucianaoliveira.com.br\/blog\/wp-content\/uploads\/2026\/02\/toms4170.webp?fit=754%2C503\" data-orig-size=\"754,503\" data-comments-opened=\"0\" data-image-meta=\"{&quot;aperture&quot;:&quot;0&quot;,&quot;credit&quot;:&quot;&quot;,&quot;camera&quot;:&quot;&quot;,&quot;caption&quot;:&quot;&quot;,&quot;created_timestamp&quot;:&quot;0&quot;,&quot;copyright&quot;:&quot;&quot;,&quot;focal_length&quot;:&quot;0&quot;,&quot;iso&quot;:&quot;0&quot;,&quot;shutter_speed&quot;:&quot;0&quot;,&quot;title&quot;:&quot;&quot;,&quot;orientation&quot;:&quot;0&quot;}\" data-image-title=\"toms4170\" data-image-description=\"\" data-image-caption=\"\" data-medium-file=\"https:\/\/i0.wp.com\/blogdalucianaoliveira.com.br\/blog\/wp-content\/uploads\/2026\/02\/toms4170.webp?fit=300%2C200\" data-large-file=\"https:\/\/i0.wp.com\/blogdalucianaoliveira.com.br\/blog\/wp-content\/uploads\/2026\/02\/toms4170.webp?fit=600%2C400\" class=\"aligncenter size-full wp-image-38371\" src=\"https:\/\/i0.wp.com\/blogdalucianaoliveira.com.br\/blog\/wp-content\/uploads\/2026\/02\/toms4170.webp?resize=600%2C400\" alt=\"\" width=\"600\" height=\"400\" srcset=\"https:\/\/i0.wp.com\/blogdalucianaoliveira.com.br\/blog\/wp-content\/uploads\/2026\/02\/toms4170.webp?w=754 754w, https:\/\/i0.wp.com\/blogdalucianaoliveira.com.br\/blog\/wp-content\/uploads\/2026\/02\/toms4170.webp?resize=300%2C200 300w, https:\/\/i0.wp.com\/blogdalucianaoliveira.com.br\/blog\/wp-content\/uploads\/2026\/02\/toms4170.webp?resize=450%2C300 450w\" sizes=\"auto, (max-width: 600px) 100vw, 600px\" \/><\/p>\n<p><strong>Mesmo assim, explica, \u00e9 na pol\u00edtica que \u00e9 preciso buscar solu\u00e7\u00f5es. O professor da UFJF \u00a0sugere come\u00e7ar pelo ordenamento urbano das cidades<\/strong>. Segundo ele, o Poder P\u00fablico perdeu o controle dos terrenos para o capital imobili\u00e1rio que, na pr\u00e1tica, define qual o valor dos im\u00f3veis e, logo, o perfil socioecon\u00f4mico dos moradores. O resultado\u00a0\u00e9 que as pessoas pobres s\u00e3o empurradas para \u00e1reas de menor valor econ\u00f4mico, que s\u00e3o as de maior risco de desastre ambiental.<\/p>\n<blockquote><p>\u201cO discurso de que as pessoas pobres n\u00e3o devem ocupar \u00e1reas de risco despreza o elemento mais importante: \u00e9 o capital imobili\u00e1rio que define quem vai morar aonde\u201d, destacou.<\/p><\/blockquote>\n<p><strong>Dessa forma, segundo Felippe, as \u00e1reas com maiores perdas de vidas e materiais, em Juiz de Fora, s\u00e3o\u00a0os bairros pobres. \u201cEsta \u00e9 a popula\u00e7\u00e3o com menor capacidade de resili\u00eancia e que vai ter mais dificuldade de se reconstituir.\u201d<\/strong><\/p>\n<p>O professor lembrou que as \u00e1reas de risco s\u00e3o conhecidas. No entanto, a\u00e7\u00f5es de mitiga\u00e7\u00e3o, parte da pol\u00edtica ambiental, esbarram na falta de recursos. \u201cPelo que li nos jornais, em Minas Gerais, verbas destinadas ao enfrentamento de chuvas sofreram cortes expressivos entre 2023 e 2025\u201d, afirmou.<\/p>\n<p><strong>Levantamento realizado pelo<em>\u00a0<\/em>jornal<em>\u00a0O Globo,<\/em>\u00a0com dados oficiais do Portal da Transpar\u00eancia, mostra que os recursos para a Defesa Civil estadual ca\u00edram de R$ 135 milh\u00f5es para R$ 6 milh\u00f5es<\/strong>, coincidindo com o segundo governo de Romeu Zema. Procurado pela reportagem, o governo estadual n\u00e3o comentou.<\/p>\n<p><img data-recalc-dims=\"1\" loading=\"lazy\" decoding=\"async\" data-attachment-id=\"38372\" data-permalink=\"http:\/\/blogdalucianaoliveira.com.br\/blog\/2026\/02\/26\/juiz-de-fora-desastre-reflete-negligencia-com-aquecimento-global\/toms4129\/\" data-orig-file=\"https:\/\/i0.wp.com\/blogdalucianaoliveira.com.br\/blog\/wp-content\/uploads\/2026\/02\/toms4129.webp?fit=754%2C503\" data-orig-size=\"754,503\" data-comments-opened=\"0\" data-image-meta=\"{&quot;aperture&quot;:&quot;0&quot;,&quot;credit&quot;:&quot;&quot;,&quot;camera&quot;:&quot;&quot;,&quot;caption&quot;:&quot;&quot;,&quot;created_timestamp&quot;:&quot;0&quot;,&quot;copyright&quot;:&quot;&quot;,&quot;focal_length&quot;:&quot;0&quot;,&quot;iso&quot;:&quot;0&quot;,&quot;shutter_speed&quot;:&quot;0&quot;,&quot;title&quot;:&quot;&quot;,&quot;orientation&quot;:&quot;0&quot;}\" data-image-title=\"toms4129\" data-image-description=\"\" data-image-caption=\"\" data-medium-file=\"https:\/\/i0.wp.com\/blogdalucianaoliveira.com.br\/blog\/wp-content\/uploads\/2026\/02\/toms4129.webp?fit=300%2C200\" data-large-file=\"https:\/\/i0.wp.com\/blogdalucianaoliveira.com.br\/blog\/wp-content\/uploads\/2026\/02\/toms4129.webp?fit=600%2C400\" class=\"aligncenter size-full wp-image-38372\" src=\"https:\/\/i0.wp.com\/blogdalucianaoliveira.com.br\/blog\/wp-content\/uploads\/2026\/02\/toms4129.webp?resize=600%2C400\" alt=\"\" width=\"600\" height=\"400\" srcset=\"https:\/\/i0.wp.com\/blogdalucianaoliveira.com.br\/blog\/wp-content\/uploads\/2026\/02\/toms4129.webp?w=754 754w, https:\/\/i0.wp.com\/blogdalucianaoliveira.com.br\/blog\/wp-content\/uploads\/2026\/02\/toms4129.webp?resize=300%2C200 300w, https:\/\/i0.wp.com\/blogdalucianaoliveira.com.br\/blog\/wp-content\/uploads\/2026\/02\/toms4129.webp?resize=450%2C300 450w\" sizes=\"auto, (max-width: 600px) 100vw, 600px\" \/><\/p>\n<p><strong>As pol\u00edticas de resili\u00eancia precisam incluir tamb\u00e9m a conscientiza\u00e7\u00e3o da popula\u00e7\u00e3o, de acordo com Felippe.\u00a0Em muitos casos, moradores de \u00e1reas de risco\u00a0<a href=\"https:\/\/agenciabrasil.ebc.com.br\/geral\/noticia\/2026-02\/desabrigados-enfrentam-incertezas-depois-de-chuvas-em-juiz-de-fora\" target=\"_blank\" rel=\"noopener\">n\u00e3o sabem o que fazer<\/a>\u00a0em casos de alertas geol\u00f3gicos<\/strong>. \u201c\u00c9 preciso ir a campo, conversar com as pessoas, instruir, ter um plano de conting\u00eancia muito claro\u201d, recomendou.<\/p>\n<p>A maioria das v\u00edtimas dos temporais de segunda-feira (23) \u00e9 de Juiz de Fora, cidade que tem uma das maiores propor\u00e7\u00f5es de pessoas morando em \u00e1reas de risco, segundo o Centro Nacional de Monitoramento e Alertas de Desastres Naturais (Cemaden). De acordo com o \u00f3rg\u00e3o, o munic\u00edpio\u00a0recebeu, em um dia, quase toda a chuva esperada para fevereiro, com impactos concentrados nos bairros Morro do Imperador, Paineiras e Parque Burnier, onde a\u00a0<strong>Ag\u00eancia Brasil\u00a0<\/strong><a href=\"https:\/\/agenciabrasil.ebc.com.br\/direitos-humanos\/noticia\/2026-02\/soterrado-homem-sobrevive-com-ajuda-de-amigo-em-juiz-de-fora\" target=\"_blank\" rel=\"noopener\">relatou um resgate<\/a>.<\/p>\n<h2>Combina\u00e7\u00e3o de riscos<\/h2>\n<p><strong>A topografia da cidade, em \u00e1rea de montanha, com suscetibilidade natural a deslizamentos\u00a0e inunda\u00e7\u00f5es, ajuda a explicar porque o munic\u00edpio\u00a0\u00e9 um\u00a0dos que mais recebem alertas do Cemaden.<\/strong>\u00a0\u00a0A posi\u00e7\u00e3o geogr\u00e1fica faz com que Juiz de Fora receba umidade vinda direta do mar. E, como\u00a0<a href=\"https:\/\/agenciabrasil.ebc.com.br\/meio-ambiente\/noticia\/2026-02\/aquecimento-do-atlantico-potencializa-eventos-climaticos-extremos\" target=\"_blank\" rel=\"noopener\">o mar est\u00e1 mais quente<\/a>, h\u00e1 mais evapora\u00e7\u00e3o de \u00e1gua\u00a0que, ao subir e encontrar as montanhas, des\u00e1gua em chuvas, explicou Marcelo Seluchi, coordenador-geral de Opera\u00e7\u00f5es e Modelagem do Cemaden.<\/p>\n<p><strong>De acordo com o meteorologista, o aquecimento global est\u00e1 por tr\u00e1s desse efeito<\/strong>. \u201cO Oceano Atl\u00e2ntico est\u00e1 muito mais quente do que o normal. Na costa, a temperatura est\u00e1 3 graus Celsius (\u00b0C) acima do normal e isso \u00e9 muito para o oceano\u201d, avaliou.<\/p>\n<p>Seluchi explicou que o ar que transita em cima do mar carrega mais umidade.<\/p>\n<blockquote><p>\u201cNos \u00faltimos anos, temos mais umidade do que costumamos ter nesta \u00e9poca e isso \u00e9 uma consequ\u00eancia do aquecimento global\u201d, afirmou.<\/p><\/blockquote>\n<p>\u201cEsse \u00e9 um pre\u00e7o que pagamos pelas decis\u00f5es tomadas no passado\u201d, avaliou, criticando o descumprimento de acordos internacionais para conter os impactos no clima.<\/p>\n<p>\u201cO que nos resta? Nos\u00a0adaptarmos. Tornar as cidades mais resilientes a esses desastres, o que \u00e9 muito mais dif\u00edcil\u201d, analisou. Como\u00a0conter inunda\u00e7\u00f5es e deslizamentos \u00e9 mais dif\u00edcil, ele considera que o\u00a0certo \u00e9 retirar as pessoas sempre que houver um alerta, al\u00e9m de controlar a expans\u00e3o de \u00e1reas de risco.<\/p>\n<p>Seluchi cita como exemplo a experi\u00eancia do Jap\u00e3o, pa\u00eds frequentemente afetado por grandes desastres, que treina os moradores para escapar\u00a0nesses casos. \u201cA Defesa Civil n\u00e3o evacua um por um. Ali, as pessoas j\u00e1 sabem a rota de fuga\u201d.<\/p>\n<p><img data-recalc-dims=\"1\" loading=\"lazy\" decoding=\"async\" data-attachment-id=\"38373\" data-permalink=\"http:\/\/blogdalucianaoliveira.com.br\/blog\/2026\/02\/26\/juiz-de-fora-desastre-reflete-negligencia-com-aquecimento-global\/toms4189\/\" data-orig-file=\"https:\/\/i0.wp.com\/blogdalucianaoliveira.com.br\/blog\/wp-content\/uploads\/2026\/02\/toms4189.webp?fit=754%2C503\" data-orig-size=\"754,503\" data-comments-opened=\"0\" data-image-meta=\"{&quot;aperture&quot;:&quot;0&quot;,&quot;credit&quot;:&quot;&quot;,&quot;camera&quot;:&quot;&quot;,&quot;caption&quot;:&quot;&quot;,&quot;created_timestamp&quot;:&quot;0&quot;,&quot;copyright&quot;:&quot;&quot;,&quot;focal_length&quot;:&quot;0&quot;,&quot;iso&quot;:&quot;0&quot;,&quot;shutter_speed&quot;:&quot;0&quot;,&quot;title&quot;:&quot;&quot;,&quot;orientation&quot;:&quot;0&quot;}\" data-image-title=\"toms4189\" data-image-description=\"\" data-image-caption=\"\" data-medium-file=\"https:\/\/i0.wp.com\/blogdalucianaoliveira.com.br\/blog\/wp-content\/uploads\/2026\/02\/toms4189.webp?fit=300%2C200\" data-large-file=\"https:\/\/i0.wp.com\/blogdalucianaoliveira.com.br\/blog\/wp-content\/uploads\/2026\/02\/toms4189.webp?fit=600%2C400\" class=\"aligncenter size-full wp-image-38373\" src=\"https:\/\/i0.wp.com\/blogdalucianaoliveira.com.br\/blog\/wp-content\/uploads\/2026\/02\/toms4189.webp?resize=600%2C400\" alt=\"\" width=\"600\" height=\"400\" srcset=\"https:\/\/i0.wp.com\/blogdalucianaoliveira.com.br\/blog\/wp-content\/uploads\/2026\/02\/toms4189.webp?w=754 754w, https:\/\/i0.wp.com\/blogdalucianaoliveira.com.br\/blog\/wp-content\/uploads\/2026\/02\/toms4189.webp?resize=300%2C200 300w, https:\/\/i0.wp.com\/blogdalucianaoliveira.com.br\/blog\/wp-content\/uploads\/2026\/02\/toms4189.webp?resize=450%2C300 450w\" sizes=\"auto, (max-width: 600px) 100vw, 600px\" \/><\/p>\n<h2>Resili\u00eancia das cidades<\/h2>\n<p>Pensando tamb\u00e9m na resili\u00eancia das cidades, dentro de uma pol\u00edtica para o enfrentamento das mudan\u00e7as clim\u00e1ticas, h\u00e1 solu\u00e7\u00f5es de engenharia que podem ser adotadas, na vis\u00e3o do professor da Escola Polit\u00e9cnica da Universidade Federal do Rio de Janeiro (UFRJ)\u00a0Matheus Martins, especialista em drenagem urbana.<\/p>\n<p><strong>Ele lembrou que Juiz de Fora cresceu do Vale do Rio Paraibuna para as encostas e que, por isso, \u00e9 uma cidade muito suscet\u00edvel a cheias e a deslizamentos com as chuvas.<\/strong><\/p>\n<blockquote><p>\u201cTrata-se de um vale encharcado\u00a0que, quando tem excesso de chuva, a \u00e1gua ocupa a plan\u00edcie, inundando a v\u00e1rzea, que \u00e9 onde a cidade cresceu\u201d, afirmou.<\/p><\/blockquote>\n<p><strong>Para evitar trag\u00e9dias nessas \u00e1reas\u00a0mais pr\u00f3ximas aos rios, ele sugere interven\u00e7\u00f5es como p\u00f4lders, uma t\u00e9cnica que consiste em isolar uma \u00e1rea inund\u00e1vel por meio de muros e utilizar bombas para remover o excesso aos poucos.<\/strong>\u00a0Essa interven\u00e7\u00e3o de engenharia, conhecida no Brasil, vem da Holanda, pa\u00eds no n\u00edvel do mar que exige manuten\u00e7\u00e3o constante, embora s\u00f3 seja usada\u00a0a cada dez ou 20 anos.<\/p>\n<p><img data-recalc-dims=\"1\" loading=\"lazy\" decoding=\"async\" data-attachment-id=\"38374\" data-permalink=\"http:\/\/blogdalucianaoliveira.com.br\/blog\/2026\/02\/26\/juiz-de-fora-desastre-reflete-negligencia-com-aquecimento-global\/_rbr0404-jpg\/\" data-orig-file=\"https:\/\/i0.wp.com\/blogdalucianaoliveira.com.br\/blog\/wp-content\/uploads\/2026\/02\/rbr0404.jpg.webp?fit=754%2C503\" data-orig-size=\"754,503\" data-comments-opened=\"0\" data-image-meta=\"{&quot;aperture&quot;:&quot;0&quot;,&quot;credit&quot;:&quot;&quot;,&quot;camera&quot;:&quot;&quot;,&quot;caption&quot;:&quot;&quot;,&quot;created_timestamp&quot;:&quot;0&quot;,&quot;copyright&quot;:&quot;&quot;,&quot;focal_length&quot;:&quot;0&quot;,&quot;iso&quot;:&quot;0&quot;,&quot;shutter_speed&quot;:&quot;0&quot;,&quot;title&quot;:&quot;&quot;,&quot;orientation&quot;:&quot;0&quot;}\" data-image-title=\"_rbr0404.jpg\" data-image-description=\"\" data-image-caption=\"\" data-medium-file=\"https:\/\/i0.wp.com\/blogdalucianaoliveira.com.br\/blog\/wp-content\/uploads\/2026\/02\/rbr0404.jpg.webp?fit=300%2C200\" data-large-file=\"https:\/\/i0.wp.com\/blogdalucianaoliveira.com.br\/blog\/wp-content\/uploads\/2026\/02\/rbr0404.jpg.webp?fit=600%2C400\" class=\"aligncenter size-full wp-image-38374\" src=\"https:\/\/i0.wp.com\/blogdalucianaoliveira.com.br\/blog\/wp-content\/uploads\/2026\/02\/rbr0404.jpg.webp?resize=600%2C400\" alt=\"\" width=\"600\" height=\"400\" srcset=\"https:\/\/i0.wp.com\/blogdalucianaoliveira.com.br\/blog\/wp-content\/uploads\/2026\/02\/rbr0404.jpg.webp?w=754 754w, https:\/\/i0.wp.com\/blogdalucianaoliveira.com.br\/blog\/wp-content\/uploads\/2026\/02\/rbr0404.jpg.webp?resize=300%2C200 300w, https:\/\/i0.wp.com\/blogdalucianaoliveira.com.br\/blog\/wp-content\/uploads\/2026\/02\/rbr0404.jpg.webp?resize=450%2C300 450w\" sizes=\"auto, (max-width: 600px) 100vw, 600px\" \/><\/p>\n<p>\u201cTalvez, para grandes volumas [de chuva], o alagamento seja\u00a0inevit\u00e1vel\u201d, disse o professor da UFRJ. \u201cMas temos que trabalhar a cidade para que ela consiga conviver o melhor poss\u00edvel com isso e os p\u00f4lderes s\u00e3o uma das solu\u00e7\u00f5es.\u201d<\/p>\n<p><strong>Nessas \u00e1reas mais baixas, de v\u00e1rzea, pr\u00f3ximas aos rios, outra op\u00e7\u00e3o, sugere, \u00e9 a constru\u00e7\u00e3o de parques p\u00fablicos, quando poss\u00edvel, al\u00e9m de interven\u00e7\u00f5es para tornar o solo mais perme\u00e1vel,<\/strong>\u00a0medida que deve ser adotada tamb\u00e9m nos estados do Rio de Janeiro e de S\u00e3o Paulo, que tamb\u00e9m v\u00eam sofrendo com inunda\u00e7\u00f5es.<\/p>\n<blockquote><p>\u201cNo solo com floresta, projetamos que 10% da chuva v\u00e3o escoar, mas 90% ficam retidos, se infiltrando aos poucos no solo. Uma chuva de dia a dia, num bairro urbanizado, \u00a0\u00e9 quase o contr\u00e1rio: 10% ficam retidos em pequenos pontos, no telhado, em buracos;\u00a0na urbaniza\u00e7\u00e3o, 90% viram escoamento superficial [que gera alagamento]\u201d, disse.<\/p><\/blockquote>\n<p><strong>A prefeitura de Juiz de Fora tem estudos para fazer interven\u00e7\u00f5es em bairros espec\u00edficos, mas as obras ainda n\u00e3o foram conclu\u00eddas. Somente o governo federal aprovou R$ 30,1 milh\u00f5es para conten\u00e7\u00e3o de encostas no munic\u00edpio\u00a0entre 2024 e 2025 por meio do Novo PAC<\/strong>, mas, segundo o Minist\u00e9rio das Cidades, recursos de R$ 1,2 milh\u00e3o foram\u00a0liberados. Para drenagem urbana, h\u00e1 um repasse de R$ 356 milh\u00f5es programado.<\/p>\n<p>As obras s\u00e3o do projeto de macrodrenagem Juiz de Fora + 100, da prefeitura, e incluem os bairros de Santa Luzia, Industrial, Mariano Proc\u00f3pio e Democrata.<\/p>\n<\/div>\n","protected":false},"excerpt":{"rendered":"<p>Avalia\u00e7\u00e3o \u00e9 de especialistas ouvidos pela Ag\u00eancia Brasil<\/p>\n","protected":false},"author":1,"featured_media":0,"comment_status":"closed","ping_status":"open","sticky":false,"template":"","format":"standard","meta":{"_exactmetrics_skip_tracking":false,"_exactmetrics_sitenote_active":false,"_exactmetrics_sitenote_note":"","_exactmetrics_sitenote_category":0,"jetpack_post_was_ever_published":false,"_jetpack_newsletter_access":"","_jetpack_dont_email_post_to_subs":false,"_jetpack_newsletter_tier_id":0,"_jetpack_memberships_contains_paywalled_content":false,"_jetpack_memberships_contains_paid_content":false,"footnotes":"","jetpack_publicize_message":"","jetpack_publicize_feature_enabled":true,"jetpack_social_post_already_shared":true,"jetpack_social_options":{"image_generator_settings":{"template":"highway","enabled":false},"version":2}},"categories":[1],"tags":[1624,1625,1623],"class_list":["post-38367","post","type-post","status-publish","format-standard","hentry","category-notas","tag-alagamentos","tag-aquecimento-global","tag-juiz-de-fora"],"jetpack_publicize_connections":[],"jetpack_sharing_enabled":true,"jetpack_featured_media_url":"","jetpack_shortlink":"https:\/\/wp.me\/p7wKYW-9YP","jetpack-related-posts":[],"_links":{"self":[{"href":"http:\/\/blogdalucianaoliveira.com.br\/blog\/wp-json\/wp\/v2\/posts\/38367","targetHints":{"allow":["GET"]}}],"collection":[{"href":"http:\/\/blogdalucianaoliveira.com.br\/blog\/wp-json\/wp\/v2\/posts"}],"about":[{"href":"http:\/\/blogdalucianaoliveira.com.br\/blog\/wp-json\/wp\/v2\/types\/post"}],"author":[{"embeddable":true,"href":"http:\/\/blogdalucianaoliveira.com.br\/blog\/wp-json\/wp\/v2\/users\/1"}],"replies":[{"embeddable":true,"href":"http:\/\/blogdalucianaoliveira.com.br\/blog\/wp-json\/wp\/v2\/comments?post=38367"}],"version-history":[{"count":3,"href":"http:\/\/blogdalucianaoliveira.com.br\/blog\/wp-json\/wp\/v2\/posts\/38367\/revisions"}],"predecessor-version":[{"id":38375,"href":"http:\/\/blogdalucianaoliveira.com.br\/blog\/wp-json\/wp\/v2\/posts\/38367\/revisions\/38375"}],"wp:attachment":[{"href":"http:\/\/blogdalucianaoliveira.com.br\/blog\/wp-json\/wp\/v2\/media?parent=38367"}],"wp:term":[{"taxonomy":"category","embeddable":true,"href":"http:\/\/blogdalucianaoliveira.com.br\/blog\/wp-json\/wp\/v2\/categories?post=38367"},{"taxonomy":"post_tag","embeddable":true,"href":"http:\/\/blogdalucianaoliveira.com.br\/blog\/wp-json\/wp\/v2\/tags?post=38367"}],"curies":[{"name":"wp","href":"https:\/\/api.w.org\/{rel}","templated":true}]}}