{"id":38379,"date":"2026-02-26T11:37:16","date_gmt":"2026-02-26T15:37:16","guid":{"rendered":"https:\/\/blogdalucianaoliveira.com.br\/blog\/?p=38379"},"modified":"2026-02-26T11:37:16","modified_gmt":"2026-02-26T15:37:16","slug":"pt-vai-a-pgr-contra-zema-por-corte-de-96-em-verba-para-prevencao-de-desastres","status":"publish","type":"post","link":"http:\/\/blogdalucianaoliveira.com.br\/blog\/2026\/02\/26\/pt-vai-a-pgr-contra-zema-por-corte-de-96-em-verba-para-prevencao-de-desastres\/","title":{"rendered":"PT vai \u00e0 PGR contra Zema por corte de 96% em verba para preven\u00e7\u00e3o de desastres"},"content":{"rendered":"<p><img data-recalc-dims=\"1\" loading=\"lazy\" decoding=\"async\" data-attachment-id=\"38380\" data-permalink=\"http:\/\/blogdalucianaoliveira.com.br\/blog\/2026\/02\/26\/pt-vai-a-pgr-contra-zema-por-corte-de-96-em-verba-para-prevencao-de-desastres\/2026022507024_f09c0cc365ed5a45363e305eb68a4099bc965514e88ae81acc53e0b46c302ba8\/\" data-orig-file=\"https:\/\/i0.wp.com\/blogdalucianaoliveira.com.br\/blog\/wp-content\/uploads\/2026\/02\/2026022507024_f09c0cc365ed5a45363e305eb68a4099bc965514e88ae81acc53e0b46c302ba8.webp?fit=2560%2C1440\" data-orig-size=\"2560,1440\" data-comments-opened=\"0\" data-image-meta=\"{&quot;aperture&quot;:&quot;0&quot;,&quot;credit&quot;:&quot;&quot;,&quot;camera&quot;:&quot;&quot;,&quot;caption&quot;:&quot;&quot;,&quot;created_timestamp&quot;:&quot;0&quot;,&quot;copyright&quot;:&quot;&quot;,&quot;focal_length&quot;:&quot;0&quot;,&quot;iso&quot;:&quot;0&quot;,&quot;shutter_speed&quot;:&quot;0&quot;,&quot;title&quot;:&quot;&quot;,&quot;orientation&quot;:&quot;0&quot;}\" data-image-title=\"2026022507024_f09c0cc365ed5a45363e305eb68a4099bc965514e88ae81acc53e0b46c302ba8\" data-image-description=\"\" data-image-caption=\"\" data-medium-file=\"https:\/\/i0.wp.com\/blogdalucianaoliveira.com.br\/blog\/wp-content\/uploads\/2026\/02\/2026022507024_f09c0cc365ed5a45363e305eb68a4099bc965514e88ae81acc53e0b46c302ba8.webp?fit=300%2C169\" data-large-file=\"https:\/\/i0.wp.com\/blogdalucianaoliveira.com.br\/blog\/wp-content\/uploads\/2026\/02\/2026022507024_f09c0cc365ed5a45363e305eb68a4099bc965514e88ae81acc53e0b46c302ba8.webp?fit=600%2C338\" class=\"aligncenter size-full wp-image-38380\" src=\"https:\/\/i0.wp.com\/blogdalucianaoliveira.com.br\/blog\/wp-content\/uploads\/2026\/02\/2026022507024_f09c0cc365ed5a45363e305eb68a4099bc965514e88ae81acc53e0b46c302ba8.webp?resize=600%2C338\" alt=\"\" width=\"600\" height=\"338\" srcset=\"https:\/\/i0.wp.com\/blogdalucianaoliveira.com.br\/blog\/wp-content\/uploads\/2026\/02\/2026022507024_f09c0cc365ed5a45363e305eb68a4099bc965514e88ae81acc53e0b46c302ba8.webp?w=2560 2560w, https:\/\/i0.wp.com\/blogdalucianaoliveira.com.br\/blog\/wp-content\/uploads\/2026\/02\/2026022507024_f09c0cc365ed5a45363e305eb68a4099bc965514e88ae81acc53e0b46c302ba8.webp?resize=300%2C169 300w, https:\/\/i0.wp.com\/blogdalucianaoliveira.com.br\/blog\/wp-content\/uploads\/2026\/02\/2026022507024_f09c0cc365ed5a45363e305eb68a4099bc965514e88ae81acc53e0b46c302ba8.webp?resize=1024%2C576 1024w, https:\/\/i0.wp.com\/blogdalucianaoliveira.com.br\/blog\/wp-content\/uploads\/2026\/02\/2026022507024_f09c0cc365ed5a45363e305eb68a4099bc965514e88ae81acc53e0b46c302ba8.webp?resize=768%2C432 768w, https:\/\/i0.wp.com\/blogdalucianaoliveira.com.br\/blog\/wp-content\/uploads\/2026\/02\/2026022507024_f09c0cc365ed5a45363e305eb68a4099bc965514e88ae81acc53e0b46c302ba8.webp?resize=1536%2C864 1536w, https:\/\/i0.wp.com\/blogdalucianaoliveira.com.br\/blog\/wp-content\/uploads\/2026\/02\/2026022507024_f09c0cc365ed5a45363e305eb68a4099bc965514e88ae81acc53e0b46c302ba8.webp?resize=2048%2C1152 2048w, https:\/\/i0.wp.com\/blogdalucianaoliveira.com.br\/blog\/wp-content\/uploads\/2026\/02\/2026022507024_f09c0cc365ed5a45363e305eb68a4099bc965514e88ae81acc53e0b46c302ba8.webp?resize=533%2C300 533w, https:\/\/i0.wp.com\/blogdalucianaoliveira.com.br\/blog\/wp-content\/uploads\/2026\/02\/2026022507024_f09c0cc365ed5a45363e305eb68a4099bc965514e88ae81acc53e0b46c302ba8.webp?w=1200 1200w, https:\/\/i0.wp.com\/blogdalucianaoliveira.com.br\/blog\/wp-content\/uploads\/2026\/02\/2026022507024_f09c0cc365ed5a45363e305eb68a4099bc965514e88ae81acc53e0b46c302ba8.webp?w=1800 1800w\" sizes=\"auto, (max-width: 600px) 100vw, 600px\" \/><\/p>\n<h2 class=\"article__lead\">Pedido de investiga\u00e7\u00e3o criminal aponta redu\u00e7\u00e3o de R$ 135 milh\u00f5es para R$ 6 milh\u00f5es em recursos destinados ao enfrentamento de chuvas em Minas Gerais<\/h2>\n<p><!--more--><\/p>\n<p><b>247 &#8211;\u00a0<\/b>A deputada federal Dandara Tonantzin (PT-MG) protocolou, na quarta-feira (25), um of\u00edcio ao procurador-geral da Rep\u00fablica, Paulo Gonet Branco, solicitando a abertura de um Procedimento de Investiga\u00e7\u00e3o Criminal (PIC) para apurar a eventual responsabilidade penal do governador de Minas Gerais, Romeu Zema (Novo), diante da trag\u00e9dia provocada pelas chuvas em Juiz de Fora, Ub\u00e1 e Matias Barbosa.<\/p>\n<div id=\"__next\"><main class=\"__variable_82a042\"><\/p>\n<div class=\"container\"><main class=\"main\"><\/p>\n<div class=\"mainCols article\">\n<div class=\"main--left\">\n<article class=\"article__full\">\n<div class=\"article__text article_speakable\">\n<div data-cy=\"articleBody\">\n<p>A representa\u00e7\u00e3o foi motivada por informa\u00e7\u00f5es do Portal da Transpar\u00eancia do Estado, divulgadas originalmente pelo jornal O Globo, que apontam uma redu\u00e7\u00e3o significativa nos investimentos estaduais destinados \u00e0 preven\u00e7\u00e3o e mitiga\u00e7\u00e3o de desastres clim\u00e1ticos. Segundo os dados citados, os recursos teriam sido cortados em 96% entre 2023 e 2025, passando de aproximadamente R$ 135 milh\u00f5es para menos de R$ 6 milh\u00f5es.<\/p>\n<p>Na avalia\u00e7\u00e3o da parlamentar, a diminui\u00e7\u00e3o das verbas ocorreu mesmo diante de alertas recorrentes sobre os riscos clim\u00e1ticos na regi\u00e3o da Zona da Mata mineira. Para Dandara, a situa\u00e7\u00e3o vai al\u00e9m de um evento natural inevit\u00e1vel e deve ser analisada sob a perspectiva da responsabilidade administrativa.<\/p>\n<p>\u201cN\u00e3o podemos tratar como fatalidade o que \u00e9 fruto de escolha pol\u00edtica. Enquanto a popula\u00e7\u00e3o da Zona da Mata perde a vida e a dignidade sob a lama, o governo estadual corta verbas de preven\u00e7\u00e3o. Acionei a PGR porque essa redu\u00e7\u00e3o de recursos, que ignorou o risco clim\u00e1tico e vitimou pessoas, \u00e9 criminosa. Algu\u00e9m precisa responder pelas mortes e pelo rastro de destrui\u00e7\u00e3o que poderia ter sido evitado ou mitigado\u201d, afirmou a deputada.<\/p>\n<p>Ainda segundo a parlamentar, a perda de vidas e os danos estruturais registrados nos munic\u00edpios atingidos n\u00e3o podem ser atribu\u00eddos exclusivamente \u00e0s condi\u00e7\u00f5es clim\u00e1ticas, mas configurariam, em suas palavras, uma \u201comiss\u00e3o administrativa grave\u201d.<\/p>\n<p>A representa\u00e7\u00e3o encaminhada \u00e0 Procuradoria-Geral da Rep\u00fablica solicita a apura\u00e7\u00e3o formal dos fatos e a verifica\u00e7\u00e3o de eventual responsabilidade criminal do chefe do Executivo mineiro diante dos cortes or\u00e7ament\u00e1rios destinados \u00e0s a\u00e7\u00f5es de preven\u00e7\u00e3o e resposta a desastres provocados por chuvas intensas.<\/p>\n<\/div>\n<\/div>\n<\/article>\n<section class=\"section marginTop30 minHeight250\"><\/section>\n<\/div>\n<\/div>\n<p><\/main><\/div>\n<p><\/main><\/div>\n<div class=\"div_container_script__taboola-notifications\">\n<p>Na avalia\u00e7\u00e3o da parlamentar, a diminui\u00e7\u00e3o das verbas ocorreu mesmo diante de alertas recorrentes sobre os riscos clim\u00e1ticos na regi\u00e3o da Zona da Mata mineira. Para Dandara, a situa\u00e7\u00e3o vai al\u00e9m de um evento natural inevit\u00e1vel e deve ser analisada sob a perspectiva da responsabilidade administrativa.<\/p>\n<p>\u201cN\u00e3o podemos tratar como fatalidade o que \u00e9 fruto de escolha pol\u00edtica. Enquanto a popula\u00e7\u00e3o da Zona da Mata perde a vida e a dignidade sob a lama, o governo estadual corta verbas de preven\u00e7\u00e3o. Acionei a PGR porque essa redu\u00e7\u00e3o de recursos, que ignorou o risco clim\u00e1tico e vitimou pessoas, \u00e9 criminosa. Algu\u00e9m precisa responder pelas mortes e pelo rastro de destrui\u00e7\u00e3o que poderia ter sido evitado ou mitigado\u201d, afirmou a deputada.<\/p>\n<p>Ainda segundo a parlamentar, a perda de vidas e os danos estruturais registrados nos munic\u00edpios atingidos n\u00e3o podem ser atribu\u00eddos exclusivamente \u00e0s condi\u00e7\u00f5es clim\u00e1ticas, mas configurariam, em suas palavras, uma \u201comiss\u00e3o administrativa grave\u201d.<\/p>\n<p>A representa\u00e7\u00e3o encaminhada \u00e0 Procuradoria-Geral da Rep\u00fablica solicita a apura\u00e7\u00e3o formal dos fatos e a verifica\u00e7\u00e3o de eventual responsabilidade criminal do chefe do Executivo mineiro diante dos cortes or\u00e7ament\u00e1rios destinados \u00e0s a\u00e7\u00f5es de preven\u00e7\u00e3o e resposta a desastres provocados por chuvas intensas.<\/p>\n<\/div>\n<p>&nbsp;<\/p>\n","protected":false},"excerpt":{"rendered":"<p>Pedido de investiga\u00e7\u00e3o criminal aponta redu\u00e7\u00e3o de R$ 135 milh\u00f5es para R$ 6 milh\u00f5es em recursos destinados ao enfrentamento de chuvas em Minas Gerais<\/p>\n","protected":false},"author":1,"featured_media":0,"comment_status":"closed","ping_status":"open","sticky":false,"template":"","format":"standard","meta":{"_exactmetrics_skip_tracking":false,"_exactmetrics_sitenote_active":false,"_exactmetrics_sitenote_note":"","_exactmetrics_sitenote_category":0,"jetpack_post_was_ever_published":false,"_jetpack_newsletter_access":"","_jetpack_dont_email_post_to_subs":false,"_jetpack_newsletter_tier_id":0,"_jetpack_memberships_contains_paywalled_content":false,"_jetpack_memberships_contains_paid_content":false,"footnotes":"","jetpack_publicize_message":"","jetpack_publicize_feature_enabled":true,"jetpack_social_post_already_shared":true,"jetpack_social_options":{"image_generator_settings":{"template":"highway","enabled":false},"version":2}},"categories":[1],"tags":[],"class_list":["post-38379","post","type-post","status-publish","format-standard","hentry","category-notas"],"jetpack_publicize_connections":[],"jetpack_sharing_enabled":true,"jetpack_featured_media_url":"","jetpack_shortlink":"https:\/\/wp.me\/p7wKYW-9Z1","jetpack-related-posts":[],"_links":{"self":[{"href":"http:\/\/blogdalucianaoliveira.com.br\/blog\/wp-json\/wp\/v2\/posts\/38379","targetHints":{"allow":["GET"]}}],"collection":[{"href":"http:\/\/blogdalucianaoliveira.com.br\/blog\/wp-json\/wp\/v2\/posts"}],"about":[{"href":"http:\/\/blogdalucianaoliveira.com.br\/blog\/wp-json\/wp\/v2\/types\/post"}],"author":[{"embeddable":true,"href":"http:\/\/blogdalucianaoliveira.com.br\/blog\/wp-json\/wp\/v2\/users\/1"}],"replies":[{"embeddable":true,"href":"http:\/\/blogdalucianaoliveira.com.br\/blog\/wp-json\/wp\/v2\/comments?post=38379"}],"version-history":[{"count":1,"href":"http:\/\/blogdalucianaoliveira.com.br\/blog\/wp-json\/wp\/v2\/posts\/38379\/revisions"}],"predecessor-version":[{"id":38381,"href":"http:\/\/blogdalucianaoliveira.com.br\/blog\/wp-json\/wp\/v2\/posts\/38379\/revisions\/38381"}],"wp:attachment":[{"href":"http:\/\/blogdalucianaoliveira.com.br\/blog\/wp-json\/wp\/v2\/media?parent=38379"}],"wp:term":[{"taxonomy":"category","embeddable":true,"href":"http:\/\/blogdalucianaoliveira.com.br\/blog\/wp-json\/wp\/v2\/categories?post=38379"},{"taxonomy":"post_tag","embeddable":true,"href":"http:\/\/blogdalucianaoliveira.com.br\/blog\/wp-json\/wp\/v2\/tags?post=38379"}],"curies":[{"name":"wp","href":"https:\/\/api.w.org\/{rel}","templated":true}]}}