{"id":38382,"date":"2026-02-26T11:40:03","date_gmt":"2026-02-26T15:40:03","guid":{"rendered":"https:\/\/blogdalucianaoliveira.com.br\/blog\/?p=38382"},"modified":"2026-02-26T11:40:03","modified_gmt":"2026-02-26T15:40:03","slug":"mec-autoriza-obra-do-restaurante-universitario-da-unir-em-rolim-de-moura-ro","status":"publish","type":"post","link":"http:\/\/blogdalucianaoliveira.com.br\/blog\/2026\/02\/26\/mec-autoriza-obra-do-restaurante-universitario-da-unir-em-rolim-de-moura-ro\/","title":{"rendered":"MEC autoriza obra do Restaurante Universit\u00e1rio da Unir em Rolim de Moura (RO)"},"content":{"rendered":"<div><img data-recalc-dims=\"1\" loading=\"lazy\" decoding=\"async\" data-attachment-id=\"38383\" data-permalink=\"http:\/\/blogdalucianaoliveira.com.br\/blog\/2026\/02\/26\/mec-autoriza-obra-do-restaurante-universitario-da-unir-em-rolim-de-moura-ro\/04275e88-795c-4f1a-996a-7ae563fc4b94\/\" data-orig-file=\"https:\/\/i0.wp.com\/blogdalucianaoliveira.com.br\/blog\/wp-content\/uploads\/2026\/02\/04275e88-795c-4f1a-996a-7ae563fc4b94.jpeg?fit=768%2C511\" data-orig-size=\"768,511\" data-comments-opened=\"0\" data-image-meta=\"{&quot;aperture&quot;:&quot;0&quot;,&quot;credit&quot;:&quot;&quot;,&quot;camera&quot;:&quot;&quot;,&quot;caption&quot;:&quot;&quot;,&quot;created_timestamp&quot;:&quot;0&quot;,&quot;copyright&quot;:&quot;&quot;,&quot;focal_length&quot;:&quot;0&quot;,&quot;iso&quot;:&quot;0&quot;,&quot;shutter_speed&quot;:&quot;0&quot;,&quot;title&quot;:&quot;&quot;,&quot;orientation&quot;:&quot;0&quot;}\" data-image-title=\"04275e88-795c-4f1a-996a-7ae563fc4b94\" data-image-description=\"\" data-image-caption=\"\" data-medium-file=\"https:\/\/i0.wp.com\/blogdalucianaoliveira.com.br\/blog\/wp-content\/uploads\/2026\/02\/04275e88-795c-4f1a-996a-7ae563fc4b94.jpeg?fit=300%2C200\" data-large-file=\"https:\/\/i0.wp.com\/blogdalucianaoliveira.com.br\/blog\/wp-content\/uploads\/2026\/02\/04275e88-795c-4f1a-996a-7ae563fc4b94.jpeg?fit=600%2C399\" class=\"aligncenter size-full wp-image-38383\" src=\"https:\/\/i0.wp.com\/blogdalucianaoliveira.com.br\/blog\/wp-content\/uploads\/2026\/02\/04275e88-795c-4f1a-996a-7ae563fc4b94.jpeg?resize=600%2C399\" alt=\"\" width=\"600\" height=\"399\" srcset=\"https:\/\/i0.wp.com\/blogdalucianaoliveira.com.br\/blog\/wp-content\/uploads\/2026\/02\/04275e88-795c-4f1a-996a-7ae563fc4b94.jpeg?w=768 768w, https:\/\/i0.wp.com\/blogdalucianaoliveira.com.br\/blog\/wp-content\/uploads\/2026\/02\/04275e88-795c-4f1a-996a-7ae563fc4b94.jpeg?resize=300%2C200 300w, https:\/\/i0.wp.com\/blogdalucianaoliveira.com.br\/blog\/wp-content\/uploads\/2026\/02\/04275e88-795c-4f1a-996a-7ae563fc4b94.jpeg?resize=451%2C300 451w\" sizes=\"auto, (max-width: 600px) 100vw, 600px\" \/><\/div>\n<div><\/div>\n<div class=\"documentDescription\">Nesta quarta (25), o ministro Camilo ainda visitou as obras do Teatro Universit\u00e1rio do Campus Porto Velho, retomadas com recursos do Novo PAC. Ao todo, programa investir\u00e1 R$ 16,3 mi em obras na universidade. A agenda tamb\u00e9m inclui visita ao futuro HU-Unir<\/div>\n<p><!--more--><\/p>\n<div id=\"content-core\">\n<div id=\"parent-fieldname-text\" class=\"\">\n<p>Nesta\u00a0quarta-feira, 25 de fevereiro,\u00a0o ministro da Educa\u00e7\u00e3o, Camilo Santana,\u00a0esteve na Universidade Federal de Rond\u00f4nia (Unir),\u00a0onde\u00a0autorizou a retomada das obras do\u00a0Restaurante\u00a0Universit\u00e1rio\u00a0(RU) do\u00a0Campus\u00a0Rolim de Moura.\u00a0Em seguida,\u00a0visitou\u00a0as\u00a0obras de conclus\u00e3o do\u00a0Teatro Universit\u00e1rio\u00a0do\u00a0Campus\u00a0Jos\u00e9 Ribeiro Filho\u00a0da Unir,\u00a0em Porto Velho.\u00a0Ao todo, a Unir\u00a0receber\u00e1 investimento\u00a0de\u00a0R$\u00a016,3\u00a0milh\u00f5es\u00a0em obras com recursos do\u00a0Novo Programa de Acelera\u00e7\u00e3o do Crescimento (Novo PAC), que\u00a0inclui\u00a0a\u00e7\u00f5es de\u00a0expans\u00e3o\u00a0e\u00a0consolida\u00e7\u00e3o das universidades\u00a0federais do pa\u00eds.\u00a0A agenda tamb\u00e9m conta com uma visita \u00e0s futuras instala\u00e7\u00f5es do Hospital Universit\u00e1rio (HU) da Unir.<\/p>\n<p>Na\u00a0universidade, o ministro ressaltou o compromisso\u00a0do governo federal\u00a0em retomar\u00a0obras\u00a0que foram\u00a0paralisadas em outras gest\u00f5es, al\u00e9m de priorizar\u00a0o ensino p\u00fablico\u00a0gratuito e de qualidade\u00a0e\u00a0ampliar o\u00a0di\u00e1logo com a comunidade acad\u00eamica.\u00a0\u201cNenhum pa\u00eds cresce, se desenvolve e gera oportunidades se n\u00e3o investir em educa\u00e7\u00e3o, ci\u00eancia, tecnologia. Temos o dado de que 90% da pesquisa feita no nosso pa\u00eds \u00e9 fruto das nossas universidades p\u00fablicas.\u00a0O governo federal\u00a0acredita que a educa\u00e7\u00e3o \u00e9 o grande caminho para construir um futuro\u00a0justo e soberano para o povo brasileiro\u201d, afirmou\u00a0Santana.<\/p>\n<blockquote class=\"pullquote\"><p>O governo federal\u00a0acredita que a educa\u00e7\u00e3o \u00e9 o grande caminho para construir um futuro justo e soberano para o povo brasileiro.\u201d\u00a0<em>Camilo Santana, ministro da Educa\u00e7\u00e3o<\/em><\/p><\/blockquote>\n<p>Reitora da Unir, Mar\u00edlia Pimentel agradeceu a parceria e celebrou\u00a0as\u00a0iniciativas promovidas pelo MEC.\u00a0\u201cQuando eu assumi a gest\u00e3o,\u00a0n\u00e3o tinha\u00a0<a href=\"https:\/\/acessounico.mec.gov.br\/sisu\" target=\"_blank\" rel=\"noopener\">Sistema de Sele\u00e7\u00e3o Unificada (Sisu)<\/a>\u00a0nessa universidade.\u00a0Estamos trabalhando agora com a nossa\u00a0pr\u00f3-reitoria\u00a0de gradua\u00e7\u00e3o para ter Sisu aqui, porque vimos a qualidade que\u00a0tem o sistema\u00a0e os investimentos que est\u00e3o\u00a0sendo proporcionados\u00a0com o\u00a0programa\u00a0<a href=\"https:\/\/www.gov.br\/mec\/pt-br\/mais-professores\/pe-de-meia-licenciaturas\" target=\"_blank\" rel=\"noopener\">P\u00e9-de-Meia Licenciaturas<\/a>.\u00a0A partir\u00a0do ano que vem, nossos\u00a0alunos das licenciaturas\u00a0poder\u00e3o\u00a0entrar\u00a0no Sisu e\u00a0receber\u00a0o P\u00e9-de-Meia\u201d, completou a gestora.<\/p>\n<p><b>Estrutura \u2013\u00a0<\/b>A constru\u00e7\u00e3o do RU e do Teatro Universit\u00e1rio\u00a0da Unir\u00a0fazem parte das a\u00e7\u00f5es de consolida\u00e7\u00e3o que o governo federal tem realizado para a melhoria da infraestrutura das\u00a0universidades federais do pa\u00eds e somam um investimento de R$ 3,2 milh\u00f5es do Novo\u00a0PAC. \u00a0Para a constru\u00e7\u00e3o do\u00a0Restaurante Universit\u00e1rio,\u00a0o\u00a0investimento\u00a0\u00e9\u00a0de R$ 1,8\u00a0milh\u00e3o.\u00a0As\u00a0obras\u00a0do\u00a0RU\u00a0foram\u00a0iniciadas\u00a0em 2014, mas\u00a0foram\u00a0paralisadas\u00a0em\u00a0outras gest\u00f5es\u00a0e retomadas\u00a0com recursos do Novo PAC\u00a0em 2026.\u00a0O pr\u00e9dio\u00a0onde\u00a0o restaurante\u00a0est\u00e1\u00a0localizado\u00a0conta com dois pavimentos\u00a0e tem \u00e1rea total de 2,1 mil metros quadrados, que abrangem\u00a0os espa\u00e7os destinados aos laborat\u00f3rios pedag\u00f3gicos, grupos de pesquisa, salas de reuni\u00f5es e setores administrativos.\u00a0Cerca de\u00a0700 alunos e\u00a0100\u00a0servidores\u00a0ser\u00e3o atendidos\u00a0pelo RU\u00a0no Campus\u00a0Rolim de Moura.<\/p>\n<p>J\u00e1 as\u00a0obras de\u00a0conclus\u00e3o do\u00a0Teatro Universit\u00e1rio\u00a0do\u00a0Campus\u00a0Jos\u00e9 Ribeiro Filho\u00a0da Unir, em Porto Velho,\u00a0contam\u00a0com investimento\u00a0de R$ 1,4 milh\u00e3o do Novo PAC.\u00a0Ap\u00f3s uma d\u00e9cada de paralisa\u00e7\u00e3o, a obra\u00a0foi retomada em 2025.\u00a0O\u00a0teatro possui 480 lugares e ser\u00e1\u00a0um\u00a0espa\u00e7o\u00a0voltado\u00a0para apresenta\u00e7\u00f5es art\u00edsticas\u00a0e\u00a0realiza\u00e7\u00e3o de eventos acad\u00eamicos, al\u00e9m de funcionar como\u00a0instala\u00e7\u00e3o para aulas dos\u00a0cursos\u00a0de artes c\u00eanicas, artes visuais e m\u00fasica.<\/p>\n<p>Atualmente, a\u00a0Unir possui investimentos de R$ 16,3 milh\u00f5es do Novo PAC, para a\u00e7\u00f5es de\u00a0expans\u00e3o e consolida\u00e7\u00e3o. A institui\u00e7\u00e3o tem oito campi\u00a0no estado: Porto Velho, onde funciona a sede; Guajar\u00e1-Mirim; Rolim de Moura; Vilhena; Ji-Paran\u00e1; Presidente M\u00e9dici; Cacoal; e Ariquemes. No total, a universidade oferta 66 cursos de gradua\u00e7\u00e3o, com 6,1 mil discentes, e tem 1,3 mil estudantes matriculados nos 30 programas de p\u00f3s-gradua\u00e7\u00e3o. A estrutura conta com\u00a0quadro\u00a0profissional de 805 docentes e 494 t\u00e9cnicos\u00a0administrativos.<\/p>\n<p><b>HU-Unir\u00a0<\/b>\u2013 Outra agenda do ministro em Porto Velho foi a visita \u00e0s futuras instala\u00e7\u00f5es do\u00a0Hospital\u00a0Universit\u00e1rio\u00a0da Unir, o primeiro HU de Rond\u00f4nia. A iniciativa ser\u00e1 viabilizada por meio de\u00a0acordo\u00a0de\u00a0coopera\u00e7\u00e3o t\u00e9cnica (ACT)\u00a0assinado em agosto de 2025 entre a Unir, a Empresa Brasileira de Servi\u00e7os Hospitalares (Ebserh)\u00a0\u2014\u00a0ambas vinculadas ao MEC\u00a0\u2014\u00a0e\u00a0a\u00a0Prefeitura de Porto Velho.<\/p>\n<p>&#8220;\u00c9 uma determina\u00e7\u00e3o do presidente Lula de que todo estado do pa\u00eds tenha pelo menos um hospital universit\u00e1rio, e o bom desse hospital \u00e9 que ele vai poder ser ampliado, n\u00f3s temos um terreno aqui ao lado e um dep\u00f3sito atr\u00e1s que faz parte da doa\u00e7\u00e3o do hospital. Ent\u00e3o, o nosso objetivo \u00e9 ampliar o n\u00famero de leitos futuramente&#8221;, disse o ministro, que tamb\u00e9m agradeceu a parceria da prefeitura pela doa\u00e7\u00e3o do hospital para a universidade. Santana ainda lembrou que a Unir foi bem avaliada no Exame Nacional de Avalia\u00e7\u00e3o da Forma\u00e7\u00e3o M\u00e9dica (Enamed)\u202f2025.<\/p>\n<p>O presidente da Ebserh, Arthur Chioro, lembrou que, no novo hospital, tamb\u00e9m ser\u00e3o abertas mais resid\u00eancias m\u00e9dicas, resid\u00eancias multiprofissionais, com o objetivo de ajudar os estudantes de medicina a permanecerem no estado, e n\u00e3o precisarem mais sair para outro estado para estudar. \u201c\u00c9 um momento muito importante isso que n\u00f3s estamos vivendo, porque a Ebserh e o MEC, junto com a universidade, est\u00e3o transformando um hospital privado em um hospital 100% do SUS [Sistema \u00danico de Sa\u00fade], gra\u00e7as a essa parceria com a prefeitura de Porto Velho. Ent\u00e3o, n\u00f3s vamos assumir a gest\u00e3o desse hospital dedicado ao SUS, ao ensino, \u00e0 pesquisa e \u00e0 inova\u00e7\u00e3o. Ser\u00e1 um hospital de m\u00e9dia e alta complexidade, um hospital universit\u00e1rio com planejamento de crescimento para chegar ao que imaginamos, a cerca de 200, 210 leitos, sendo de fato um hospital universit\u00e1rio de grande porte&#8221;.<\/p>\n<p>A reitora da Unir, Mar\u00edlia Cotinguiba, agradeceu a presen\u00e7a do ministro e do presidente da Ebserh e considerou a visita um dia hist\u00f3rico. &#8220;Ter voc\u00eas dois aqui, com toda essa equipe da universidade, \u00e9 um dia hist\u00f3rico. Quero agradecer aos nossos professores, alunos, t\u00e9cnicos que n\u00e3o medem esfor\u00e7os para fazer com que a universidade tenha qualidade. Essa pauta do hospital universit\u00e1rio tem mais de duas d\u00e9cadas que pedimos, ent\u00e3o, agrade\u00e7o ao presidente Lula, ao ministro Camilo e ao Chioro por nos ouvirem quando pedimos esse hospital&#8221;.<\/p>\n<p>O HU-Unir\u00a0deve ser implantado\u00a0onde atualmente funciona o Hospital das Cl\u00ednicas de Rond\u00f4nia.\u00a0Conforme o ACT, o processo envolve\u00a0obrigatoriamente a\u00a0aquisi\u00e7\u00e3o e doa\u00e7\u00e3o do pr\u00e9dio hospitalar\u00a0\u00e0\u00a0Unir, realiza\u00e7\u00e3o de obras e instala\u00e7\u00e3o de equipamentos, defini\u00e7\u00e3o do perfil assistencial e de ensino, amplia\u00e7\u00e3o das vagas de medicina e implementa\u00e7\u00e3o de resid\u00eancias correlatas \u00e0 sa\u00fade, dimensionamento de pessoal, obten\u00e7\u00e3o de licen\u00e7as e autoriza\u00e7\u00f5es, monitoramento e avalia\u00e7\u00e3o da implementa\u00e7\u00e3o e opera\u00e7\u00e3o do hospital.<\/p>\n<p>A ocupa\u00e7\u00e3o do novo HU\u00a0ser\u00e1 estruturada para funcionamento como hospital geral de atendimento adulto, com perfil cl\u00ednico e cir\u00fargico, ofertando servi\u00e7os de m\u00e9dia e alta complexidade, al\u00e9m de suporte diagn\u00f3stico e terap\u00eautico.<\/p>\n<p>A capacidade instalada inicial compreender\u00e1: 57 leitos hospitalares, sendo: 40 leitos de interna\u00e7\u00e3o geral,\u00a0dez\u00a0leitos de\u00a0Unidade de\u00a0Terapia\u00a0Intensiva\u00a0Adulta\u00a0(UTI), sete leitos de observa\u00e7\u00e3o (cinco leitos de Recupera\u00e7\u00e3o P\u00f3s-Anest\u00e9sica\u00a0\u2013\u00a0RPA e dois leitos na Unidade de Decis\u00e3o Cl\u00ednica);\u00a0tr\u00eas salas cir\u00fargicas;\u00a0e\u00a0servi\u00e7os\u00a0de apoio diagn\u00f3stico e terap\u00eautico compat\u00edveis com o perfil assistencial proposto. Essa configura\u00e7\u00e3o visa garantir a oferta inicial de atendimento hospitalar resolutivo, com suporte \u00e0 forma\u00e7\u00e3o acad\u00eamica, assist\u00eancia especializada e integra\u00e7\u00e3o \u00e0 rede regional de aten\u00e7\u00e3o \u00e0 sa\u00fade.<\/p>\n<p><b>Agenda \u2013\u00a0<\/b>Na manh\u00e3\u00a0desta quarta-feira (25),\u00a0o ministro Camilo Santana\u00a0esteve\u00a0em Rio Branco,\u00a0no Acre, onde\u00a0realizou\u00a0uma visita t\u00e9cnica ao Laborat\u00f3rio de Paleontologia da Universidade Federal do Acre (Ufac).\u202fEm seguida,\u00a0visitou a nova biblioteca do Campus Rio Branco do Instituto Federal do Acre (Ifac), onde\u00a0assinou o Termo de In\u00edcio de Execu\u00e7\u00e3o da Obra do\u00a0novo\u00a0Campus\u00a0Feij\u00f3.\u00a0O compromisso tamb\u00e9m incluiu a visita ao laborat\u00f3rio IF\u00a0Maker.<\/p>\n<p><i>Assessoria de Comunica\u00e7\u00e3o Social do MEC, com informa\u00e7\u00f5es da\u00a0Secretaria\u00a0de Educa\u00e7\u00e3o Superior (Sesu)<\/i><\/p>\n<\/div>\n<\/div>\n","protected":false},"excerpt":{"rendered":"<p>Nesta quarta (25), o ministro Camilo ainda visitou as obras do Teatro Universit\u00e1rio do Campus Porto Velho, retomadas com recursos do Novo PAC. Ao todo, programa investir\u00e1 R$ 16,3 mi em obras na universidade. A agenda tamb\u00e9m inclui visita ao futuro HU-Unir<\/p>\n","protected":false},"author":1,"featured_media":0,"comment_status":"closed","ping_status":"open","sticky":false,"template":"","format":"standard","meta":{"_exactmetrics_skip_tracking":false,"_exactmetrics_sitenote_active":false,"_exactmetrics_sitenote_note":"","_exactmetrics_sitenote_category":0,"jetpack_post_was_ever_published":false,"_jetpack_newsletter_access":"","_jetpack_dont_email_post_to_subs":false,"_jetpack_newsletter_tier_id":0,"_jetpack_memberships_contains_paywalled_content":false,"_jetpack_memberships_contains_paid_content":false,"footnotes":"","jetpack_publicize_message":"","jetpack_publicize_feature_enabled":true,"jetpack_social_post_already_shared":true,"jetpack_social_options":{"image_generator_settings":{"template":"highway","enabled":false},"version":2}},"categories":[1],"tags":[78,7,1491,1626],"class_list":["post-38382","post","type-post","status-publish","format-standard","hentry","category-notas","tag-lula","tag-rondonia","tag-teatro","tag-universitario"],"jetpack_publicize_connections":[],"jetpack_sharing_enabled":true,"jetpack_featured_media_url":"","jetpack_shortlink":"https:\/\/wp.me\/p7wKYW-9Z4","jetpack-related-posts":[],"_links":{"self":[{"href":"http:\/\/blogdalucianaoliveira.com.br\/blog\/wp-json\/wp\/v2\/posts\/38382","targetHints":{"allow":["GET"]}}],"collection":[{"href":"http:\/\/blogdalucianaoliveira.com.br\/blog\/wp-json\/wp\/v2\/posts"}],"about":[{"href":"http:\/\/blogdalucianaoliveira.com.br\/blog\/wp-json\/wp\/v2\/types\/post"}],"author":[{"embeddable":true,"href":"http:\/\/blogdalucianaoliveira.com.br\/blog\/wp-json\/wp\/v2\/users\/1"}],"replies":[{"embeddable":true,"href":"http:\/\/blogdalucianaoliveira.com.br\/blog\/wp-json\/wp\/v2\/comments?post=38382"}],"version-history":[{"count":1,"href":"http:\/\/blogdalucianaoliveira.com.br\/blog\/wp-json\/wp\/v2\/posts\/38382\/revisions"}],"predecessor-version":[{"id":38384,"href":"http:\/\/blogdalucianaoliveira.com.br\/blog\/wp-json\/wp\/v2\/posts\/38382\/revisions\/38384"}],"wp:attachment":[{"href":"http:\/\/blogdalucianaoliveira.com.br\/blog\/wp-json\/wp\/v2\/media?parent=38382"}],"wp:term":[{"taxonomy":"category","embeddable":true,"href":"http:\/\/blogdalucianaoliveira.com.br\/blog\/wp-json\/wp\/v2\/categories?post=38382"},{"taxonomy":"post_tag","embeddable":true,"href":"http:\/\/blogdalucianaoliveira.com.br\/blog\/wp-json\/wp\/v2\/tags?post=38382"}],"curies":[{"name":"wp","href":"https:\/\/api.w.org\/{rel}","templated":true}]}}