{"id":38385,"date":"2026-02-26T11:43:49","date_gmt":"2026-02-26T15:43:49","guid":{"rendered":"https:\/\/blogdalucianaoliveira.com.br\/blog\/?p=38385"},"modified":"2026-02-26T11:43:49","modified_gmt":"2026-02-26T15:43:49","slug":"mec-autoriza-construcao-do-novo-campus-buritis-do-ifro","status":"publish","type":"post","link":"http:\/\/blogdalucianaoliveira.com.br\/blog\/2026\/02\/26\/mec-autoriza-construcao-do-novo-campus-buritis-do-ifro\/","title":{"rendered":"MEC autoriza constru\u00e7\u00e3o do novo Campus Buritis do Ifro"},"content":{"rendered":"<p><img data-recalc-dims=\"1\" loading=\"lazy\" decoding=\"async\" data-attachment-id=\"38386\" data-permalink=\"http:\/\/blogdalucianaoliveira.com.br\/blog\/2026\/02\/26\/mec-autoriza-construcao-do-novo-campus-buritis-do-ifro\/fd95ca77-49f8-4c9c-91ec-ec8c30bc30a8\/\" data-orig-file=\"https:\/\/i0.wp.com\/blogdalucianaoliveira.com.br\/blog\/wp-content\/uploads\/2026\/02\/fd95ca77-49f8-4c9c-91ec-ec8c30bc30a8.jpeg?fit=768%2C511\" data-orig-size=\"768,511\" data-comments-opened=\"0\" data-image-meta=\"{&quot;aperture&quot;:&quot;0&quot;,&quot;credit&quot;:&quot;&quot;,&quot;camera&quot;:&quot;&quot;,&quot;caption&quot;:&quot;&quot;,&quot;created_timestamp&quot;:&quot;0&quot;,&quot;copyright&quot;:&quot;&quot;,&quot;focal_length&quot;:&quot;0&quot;,&quot;iso&quot;:&quot;0&quot;,&quot;shutter_speed&quot;:&quot;0&quot;,&quot;title&quot;:&quot;&quot;,&quot;orientation&quot;:&quot;0&quot;}\" data-image-title=\"fd95ca77-49f8-4c9c-91ec-ec8c30bc30a8\" data-image-description=\"\" data-image-caption=\"\" data-medium-file=\"https:\/\/i0.wp.com\/blogdalucianaoliveira.com.br\/blog\/wp-content\/uploads\/2026\/02\/fd95ca77-49f8-4c9c-91ec-ec8c30bc30a8.jpeg?fit=300%2C200\" data-large-file=\"https:\/\/i0.wp.com\/blogdalucianaoliveira.com.br\/blog\/wp-content\/uploads\/2026\/02\/fd95ca77-49f8-4c9c-91ec-ec8c30bc30a8.jpeg?fit=600%2C399\" class=\"aligncenter size-full wp-image-38386\" src=\"https:\/\/i0.wp.com\/blogdalucianaoliveira.com.br\/blog\/wp-content\/uploads\/2026\/02\/fd95ca77-49f8-4c9c-91ec-ec8c30bc30a8.jpeg?resize=600%2C399\" alt=\"\" width=\"600\" height=\"399\" srcset=\"https:\/\/i0.wp.com\/blogdalucianaoliveira.com.br\/blog\/wp-content\/uploads\/2026\/02\/fd95ca77-49f8-4c9c-91ec-ec8c30bc30a8.jpeg?w=768 768w, https:\/\/i0.wp.com\/blogdalucianaoliveira.com.br\/blog\/wp-content\/uploads\/2026\/02\/fd95ca77-49f8-4c9c-91ec-ec8c30bc30a8.jpeg?resize=300%2C200 300w, https:\/\/i0.wp.com\/blogdalucianaoliveira.com.br\/blog\/wp-content\/uploads\/2026\/02\/fd95ca77-49f8-4c9c-91ec-ec8c30bc30a8.jpeg?resize=451%2C300 451w\" sizes=\"auto, (max-width: 600px) 100vw, 600px\" \/><\/p>\n<p>&nbsp;<\/p>\n<div class=\"documentDescription\">Durante agendas em Rond\u00f4nia, o ministro Camilo Santana assinou o termo de in\u00edcio de execu\u00e7\u00e3o da obra, que ter\u00e1 investimentos de R$ 12,3 milh\u00f5es do Novo PAC, do governo federal<\/div>\n<p><!--more--><\/p>\n<div id=\"viewlet-above-content-body\">O Minist\u00e9rio da Educa\u00e7\u00e3o (MEC) autorizou a constru\u00e7\u00e3o do Campus Buritis do Instituto Federal de Rond\u00f4nia (Ifro) nesta quarta-feira, 25 de fevereiro, durante solenidade em Porto Velho (RO). A obra ter\u00e1 investimentos de R$ 12,3 milh\u00f5es do Novo Programa de Acelera\u00e7\u00e3o do Crescimento (Novo PAC), do governo federal. Outros R$ 10 milh\u00f5es ser\u00e3o investidos na aquisi\u00e7\u00e3o de mobili\u00e1rio e equipamentos quando a unidade estiver em fase de conclus\u00e3o. O evento contou com a participa\u00e7\u00e3o do ministro da Educa\u00e7\u00e3o, Camilo Santana, e do reitor do Ifro, Mois\u00e9s Souza.<\/div>\n<div>\n<div id=\"content-core\">\n<div id=\"parent-fieldname-text\" class=\"\">\n<p>Na ocasi\u00e3o, tamb\u00e9m foram autorizados o in\u00edcio das obras de tr\u00eas restaurantes estudantis nos campi S\u00e3o Miguel do Guapor\u00e9, Jaru e Guajar\u00e1-Mirim, al\u00e9m da constru\u00e7\u00e3o das bibliotecas dos campi Jaru e Vilhena, com aporte de R$ 2,1 milh\u00f5es por\u00a0unidade, fortalecendo a infraestrutura acad\u00eamica e ampliando as condi\u00e7\u00f5es de perman\u00eancia dos estudantes.<\/p>\n<p>Durante a solenidade,\u00a0Santana ressaltou a import\u00e2ncia dos\u00a0investimentos para o fortalecimento dos institutos federais. \u201cNo\u00a0Novo\u00a0PAC, al\u00e9m do planejamento da amplia\u00e7\u00e3o dos campi, a gente trabalhou a quest\u00e3o da consolida\u00e7\u00e3o, para garantir a qualidade da infraestrutura\u00a0necess\u00e1ria\u00a0para\u00a0atender as demandas do bom funcionamento dos nossos Institutos Federais\u201d, afirmou.<\/p>\n<p>O secret\u00e1rio de Educa\u00e7\u00e3o Profissional e Tecnol\u00f3gica, Marcelo\u00a0Bregagnoli,\u00a0destacou\u00a0os avan\u00e7os estruturais e institucionais promovidos\u00a0pelo MEC na Rede Federal de Educa\u00e7\u00e3o Profissional, Cient\u00edfica e Tecnol\u00f3gica. \u201cNesse momento\u00a0em\u00a0que a gente exalta tr\u00eas restaurantes estudantis, duas bibliotecas e tantas obras que est\u00e3o sendo conclu\u00eddas, a gente tamb\u00e9m fala de novos servidores, fun\u00e7\u00f5es\u00a0e a\u00e7\u00f5es de\u00a0valoriza\u00e7\u00e3o das\u00a0carreiras\u201d, pontuou.<\/p>\n<p>O\u00a0reitor do\u00a0Ifro, Mois\u00e9s Souza,\u00a0destacou a\u00a0import\u00e2ncia do investimento para a expans\u00e3o da institui\u00e7\u00e3o. \u201cHoje \u00e9 um dia de celebra\u00e7\u00e3o. Nesses \u00faltimos tr\u00eas anos, conseguimos concluir\u00a0seis\u00a0obras com apoio da Setec\u00a0[Secretaria de Educa\u00e7\u00e3o Profissional e Tecnol\u00f3gica]\u00a0e do Minist\u00e9rio da Educa\u00e7\u00e3o. Aqui,\u00a0s\u00e3o quase 15 mil alunos que comp\u00f5em os 64 cursos regulares do\u00a0Ifro, s\u00e3o alunos que representam 15 mil fam\u00edlias,\u00a0que t\u00eam suas vidas transformadas pela educa\u00e7\u00e3o profissional,\u00a0cient\u00edfica e tecnol\u00f3gica\u201d,\u00a0destacou.<\/p>\n<p>O bloco pedag\u00f3gico do Campus Buritis ter\u00e1 3 mil metros quadrados com salas de aula e administrativas, laborat\u00f3rios, biblioteca, \u00e1rea de conviv\u00eancia e estacionamento. Entre os cursos a serem implementados na unidade,\u00a0est\u00e3o previstos os de t\u00e9cnico\u00a0em zootecnia e agricultura\u00a0integrado ao ensino m\u00e9dio; educa\u00e7\u00e3o de jovens e adultos (EJA) articulada \u00e0 forma\u00e7\u00e3o inicial e continuada (FIC) de\u00a0viveiricultoria\u00a0e de agropecu\u00e1ria; licenciatura em pedagogia; e t\u00e9cnico subsequente, e\u00a0concomitante,\u00a0em zootecnia.<\/p>\n<p>Atualmente,\u00a0o\u00a0Ifro\u00a0possui\u00a0dez\u00a0campi e oferta 188 cursos, com 8,1 mil vagas anuais e 21,9 mil matriculados. O quadro\u00a0de pessoal\u00a0conta com 714 docentes e 549 t\u00e9cnicos\u00a0administrativos em educa\u00e7\u00e3o.<\/p>\n<div><iframe title=\"YouTube video player\" src=\"https:\/\/www.youtube-nocookie.com\/embed\/cEPdbA1cVqs?si=z_v9eTU6PcPQUCDu\" frameborder=\"0\" allowfullscreen=\"allowfullscreen\"><\/iframe><\/div>\n<p><b>Consolida\u00e7\u00e3o\u00a0e Expans\u00e3o\u00a0\u2013\u00a0<\/b>O Novo PAC tamb\u00e9m prev\u00ea recursos para a consolida\u00e7\u00e3o dos institutos federais, com investimento de R$ 1,4\u00a0bilh\u00e3o.\u00a0Essa a\u00e7\u00e3o\u00a0tem como foco os\u00a0campi\u00a0que ainda n\u00e3o\u00a0possuem\u00a0infraestrutura completa. As prioridades do investimento\u00a0durante a\u00a0consolida\u00e7\u00e3o s\u00e3o a constru\u00e7\u00e3o de restaurantes estudantis, bibliotecas, blocos de salas de aula e laborat\u00f3rios, quadras poliesportivas e unidades em instala\u00e7\u00f5es definitivas. Para o\u00a0Ifro, s\u00e3o R$ 27,5 milh\u00f5es\u00a0em\u00a0investimentos na a\u00e7\u00e3o de consolida\u00e7\u00e3o.\u00a0Entre\u00a02023\u00a0e\u00a02025, foram repassados R$ 9,9 milh\u00f5es.\u00a0Est\u00e3o previstos outros R$ 17,6 milh\u00f5es.<\/p>\n<p>J\u00e1 para a expans\u00e3o dos institutos federais, o governo federal est\u00e1 implantando\u00a0<a href=\"https:\/\/www.gov.br\/mec\/pt-br\/100-novos-ifs\" target=\"_blank\" rel=\"noopener\">mais de 100 novas unidades<\/a>\u00a0em todo o pa\u00eds, tamb\u00e9m com recursos do Novo PAC, totalizando R$ 2,5 bilh\u00f5es. A previs\u00e3o \u00e9 criar mais de 142 mil novas vagas de educa\u00e7\u00e3o profissional e tecnol\u00f3gica. Cada campus recebe investimento m\u00e9dio de R$ 25 milh\u00f5es e ter\u00e1 capacidade de atender, em m\u00e9dia, 1.400 estudantes.<\/p>\n<p><b>Agenda \u2013\u00a0<\/b>Nesta quarta-feira\u00a0(25), o ministro Camilo Santana tamb\u00e9m visitou\u00a0as\u00a0obras de conclus\u00e3o do\u00a0Teatro\u00a0Universit\u00e1rio do\u00a0Campus\u00a0Porto Velho\u00a0e assinou a\u00a0ordem de\u00a0servi\u00e7o do\u00a0Restaurante\u00a0Universit\u00e1rio\u00a0do\u00a0Campus\u00a0Rolim de Moura, ambos da\u00a0Universidade Federal de Rond\u00f4nia (Unir).<\/p>\n<p><i>Assessoria de Comunica\u00e7\u00e3o Social do MEC, com informa\u00e7\u00f5es da\u00a0Secretaria de Educa\u00e7\u00e3o Profissional e Tecnol\u00f3gica (Setec)<\/i><\/p>\n<\/div>\n<\/div>\n<\/div>\n","protected":false},"excerpt":{"rendered":"<p>&nbsp; Durante agendas em Rond\u00f4nia, o ministro Camilo Santana assinou o termo de in\u00edcio de execu\u00e7\u00e3o da obra, que ter\u00e1 investimentos de R$ 12,3 milh\u00f5es do Novo PAC, do governo federal<\/p>\n","protected":false},"author":1,"featured_media":0,"comment_status":"closed","ping_status":"open","sticky":false,"template":"","format":"standard","meta":{"_exactmetrics_skip_tracking":false,"_exactmetrics_sitenote_active":false,"_exactmetrics_sitenote_note":"","_exactmetrics_sitenote_category":0,"jetpack_post_was_ever_published":false,"_jetpack_newsletter_access":"","_jetpack_dont_email_post_to_subs":false,"_jetpack_newsletter_tier_id":0,"_jetpack_memberships_contains_paywalled_content":false,"_jetpack_memberships_contains_paid_content":false,"footnotes":"","jetpack_publicize_message":"","jetpack_publicize_feature_enabled":true,"jetpack_social_post_already_shared":true,"jetpack_social_options":{"image_generator_settings":{"template":"highway","enabled":false},"version":2}},"categories":[1],"tags":[1628,1629,1627,78],"class_list":["post-38385","post","type-post","status-publish","format-standard","hentry","category-notas","tag-buritis","tag-campus","tag-ifro","tag-lula"],"jetpack_publicize_connections":[],"jetpack_sharing_enabled":true,"jetpack_featured_media_url":"","jetpack_shortlink":"https:\/\/wp.me\/p7wKYW-9Z7","jetpack-related-posts":[],"_links":{"self":[{"href":"http:\/\/blogdalucianaoliveira.com.br\/blog\/wp-json\/wp\/v2\/posts\/38385","targetHints":{"allow":["GET"]}}],"collection":[{"href":"http:\/\/blogdalucianaoliveira.com.br\/blog\/wp-json\/wp\/v2\/posts"}],"about":[{"href":"http:\/\/blogdalucianaoliveira.com.br\/blog\/wp-json\/wp\/v2\/types\/post"}],"author":[{"embeddable":true,"href":"http:\/\/blogdalucianaoliveira.com.br\/blog\/wp-json\/wp\/v2\/users\/1"}],"replies":[{"embeddable":true,"href":"http:\/\/blogdalucianaoliveira.com.br\/blog\/wp-json\/wp\/v2\/comments?post=38385"}],"version-history":[{"count":1,"href":"http:\/\/blogdalucianaoliveira.com.br\/blog\/wp-json\/wp\/v2\/posts\/38385\/revisions"}],"predecessor-version":[{"id":38387,"href":"http:\/\/blogdalucianaoliveira.com.br\/blog\/wp-json\/wp\/v2\/posts\/38385\/revisions\/38387"}],"wp:attachment":[{"href":"http:\/\/blogdalucianaoliveira.com.br\/blog\/wp-json\/wp\/v2\/media?parent=38385"}],"wp:term":[{"taxonomy":"category","embeddable":true,"href":"http:\/\/blogdalucianaoliveira.com.br\/blog\/wp-json\/wp\/v2\/categories?post=38385"},{"taxonomy":"post_tag","embeddable":true,"href":"http:\/\/blogdalucianaoliveira.com.br\/blog\/wp-json\/wp\/v2\/tags?post=38385"}],"curies":[{"name":"wp","href":"https:\/\/api.w.org\/{rel}","templated":true}]}}