{"id":38389,"date":"2026-02-26T20:12:38","date_gmt":"2026-02-27T00:12:38","guid":{"rendered":"https:\/\/blogdalucianaoliveira.com.br\/blog\/?p=38389"},"modified":"2026-02-26T20:12:38","modified_gmt":"2026-02-27T00:12:38","slug":"ta-pago-claudia-de-jesus-garante-r-100-mil-para-associacao-rural-em-mirante-da-serra","status":"publish","type":"post","link":"http:\/\/blogdalucianaoliveira.com.br\/blog\/2026\/02\/26\/ta-pago-claudia-de-jesus-garante-r-100-mil-para-associacao-rural-em-mirante-da-serra\/","title":{"rendered":"T\u00e1 pago: Cl\u00e1udia de Jesus garante R$ 100 mil para associa\u00e7\u00e3o rural em Mirante da Serra"},"content":{"rendered":"<p><img data-recalc-dims=\"1\" loading=\"lazy\" decoding=\"async\" data-attachment-id=\"38390\" data-permalink=\"http:\/\/blogdalucianaoliveira.com.br\/blog\/2026\/02\/26\/ta-pago-claudia-de-jesus-garante-r-100-mil-para-associacao-rural-em-mirante-da-serra\/img_8417-2\/\" data-orig-file=\"https:\/\/i0.wp.com\/blogdalucianaoliveira.com.br\/blog\/wp-content\/uploads\/2026\/02\/IMG_8417.jpeg?fit=1003%2C700\" data-orig-size=\"1003,700\" data-comments-opened=\"0\" data-image-meta=\"{&quot;aperture&quot;:&quot;3.2&quot;,&quot;credit&quot;:&quot;THYLO&quot;,&quot;camera&quot;:&quot;Canon EOS 5D Mark III&quot;,&quot;caption&quot;:&quot;&quot;,&quot;created_timestamp&quot;:&quot;0&quot;,&quot;copyright&quot;:&quot;TROL&quot;,&quot;focal_length&quot;:&quot;120&quot;,&quot;iso&quot;:&quot;2500&quot;,&quot;shutter_speed&quot;:&quot;0.005&quot;,&quot;title&quot;:&quot;&quot;,&quot;orientation&quot;:&quot;1&quot;}\" data-image-title=\"IMG_8417\" data-image-description=\"\" data-image-caption=\"\" data-medium-file=\"https:\/\/i0.wp.com\/blogdalucianaoliveira.com.br\/blog\/wp-content\/uploads\/2026\/02\/IMG_8417.jpeg?fit=300%2C209\" data-large-file=\"https:\/\/i0.wp.com\/blogdalucianaoliveira.com.br\/blog\/wp-content\/uploads\/2026\/02\/IMG_8417.jpeg?fit=600%2C419\" class=\"aligncenter size-full wp-image-38390\" src=\"https:\/\/i0.wp.com\/blogdalucianaoliveira.com.br\/blog\/wp-content\/uploads\/2026\/02\/IMG_8417.jpeg?resize=600%2C419\" alt=\"\" width=\"600\" height=\"419\" srcset=\"https:\/\/i0.wp.com\/blogdalucianaoliveira.com.br\/blog\/wp-content\/uploads\/2026\/02\/IMG_8417.jpeg?w=1003 1003w, https:\/\/i0.wp.com\/blogdalucianaoliveira.com.br\/blog\/wp-content\/uploads\/2026\/02\/IMG_8417.jpeg?resize=300%2C209 300w, https:\/\/i0.wp.com\/blogdalucianaoliveira.com.br\/blog\/wp-content\/uploads\/2026\/02\/IMG_8417.jpeg?resize=768%2C536 768w, https:\/\/i0.wp.com\/blogdalucianaoliveira.com.br\/blog\/wp-content\/uploads\/2026\/02\/IMG_8417.jpeg?resize=430%2C300 430w\" sizes=\"auto, (max-width: 600px) 100vw, 600px\" \/><\/p>\n<p>Investimento beneficia pequenos produtores do setor chacareiro da Linha 60.<!--more--><\/p>\n<p>Os pequenos produtores da Linha 60, em Mirante da Serra, j\u00e1 contam com R$ 100 mil em caixa ap\u00f3s o pagamento da emenda destinada pela deputada estadual Cl\u00e1udia de Jesus (PT). O recurso foi transferido para a Associa\u00e7\u00e3o de Pequenos Produtores Rurais e Setor Chacareiro da Linha 60 (Asprusc), atendendo solicita\u00e7\u00e3o do vereador Ezequiel (PT).<\/p>\n<p>A deputada destacou que o fortalecimento da agricultura familiar \u00e9 uma das prioridades do mandato. \u201cNosso compromisso \u00e9 garantir que o recurso chegue a quem realmente precisa. A agricultura familiar sustenta muitas fam\u00edlias e impulsiona a economia local, e esse investimento \u00e9 para dar melhores condi\u00e7\u00f5es de produ\u00e7\u00e3o aos trabalhadores da Linha 60\u201d, afirmou Cl\u00e1udia de Jesus.<\/p>\n","protected":false},"excerpt":{"rendered":"<p>Investimento beneficia pequenos produtores do setor chacareiro da Linha 60.<\/p>\n","protected":false},"author":1,"featured_media":0,"comment_status":"closed","ping_status":"open","sticky":false,"template":"","format":"standard","meta":{"_exactmetrics_skip_tracking":false,"_exactmetrics_sitenote_active":false,"_exactmetrics_sitenote_note":"","_exactmetrics_sitenote_category":0,"jetpack_post_was_ever_published":false,"_jetpack_newsletter_access":"","_jetpack_dont_email_post_to_subs":false,"_jetpack_newsletter_tier_id":0,"_jetpack_memberships_contains_paywalled_content":false,"_jetpack_memberships_contains_paid_content":false,"footnotes":"","jetpack_publicize_message":"","jetpack_publicize_feature_enabled":true,"jetpack_social_post_already_shared":true,"jetpack_social_options":{"image_generator_settings":{"template":"highway","enabled":false},"version":2}},"categories":[1],"tags":[1429,638,1436],"class_list":["post-38389","post","type-post","status-publish","format-standard","hentry","category-notas","tag-deputada-claudia-de-jesus","tag-mirante-da-serra","tag-produtores"],"jetpack_publicize_connections":[],"jetpack_sharing_enabled":true,"jetpack_featured_media_url":"","jetpack_shortlink":"https:\/\/wp.me\/p7wKYW-9Zb","jetpack-related-posts":[],"_links":{"self":[{"href":"http:\/\/blogdalucianaoliveira.com.br\/blog\/wp-json\/wp\/v2\/posts\/38389","targetHints":{"allow":["GET"]}}],"collection":[{"href":"http:\/\/blogdalucianaoliveira.com.br\/blog\/wp-json\/wp\/v2\/posts"}],"about":[{"href":"http:\/\/blogdalucianaoliveira.com.br\/blog\/wp-json\/wp\/v2\/types\/post"}],"author":[{"embeddable":true,"href":"http:\/\/blogdalucianaoliveira.com.br\/blog\/wp-json\/wp\/v2\/users\/1"}],"replies":[{"embeddable":true,"href":"http:\/\/blogdalucianaoliveira.com.br\/blog\/wp-json\/wp\/v2\/comments?post=38389"}],"version-history":[{"count":1,"href":"http:\/\/blogdalucianaoliveira.com.br\/blog\/wp-json\/wp\/v2\/posts\/38389\/revisions"}],"predecessor-version":[{"id":38391,"href":"http:\/\/blogdalucianaoliveira.com.br\/blog\/wp-json\/wp\/v2\/posts\/38389\/revisions\/38391"}],"wp:attachment":[{"href":"http:\/\/blogdalucianaoliveira.com.br\/blog\/wp-json\/wp\/v2\/media?parent=38389"}],"wp:term":[{"taxonomy":"category","embeddable":true,"href":"http:\/\/blogdalucianaoliveira.com.br\/blog\/wp-json\/wp\/v2\/categories?post=38389"},{"taxonomy":"post_tag","embeddable":true,"href":"http:\/\/blogdalucianaoliveira.com.br\/blog\/wp-json\/wp\/v2\/tags?post=38389"}],"curies":[{"name":"wp","href":"https:\/\/api.w.org\/{rel}","templated":true}]}}