{"id":38392,"date":"2026-03-02T10:07:25","date_gmt":"2026-03-02T14:07:25","guid":{"rendered":"https:\/\/blogdalucianaoliveira.com.br\/blog\/?p=38392"},"modified":"2026-03-02T10:07:25","modified_gmt":"2026-03-02T14:07:25","slug":"hezbollah-no-libano-volta-a-guerra-e-conflito-escala-no-oriente-medio","status":"publish","type":"post","link":"http:\/\/blogdalucianaoliveira.com.br\/blog\/2026\/03\/02\/hezbollah-no-libano-volta-a-guerra-e-conflito-escala-no-oriente-medio\/","title":{"rendered":"Hezbollah no L\u00edbano volta \u00e0 guerra e conflito escala no Oriente M\u00e9dio"},"content":{"rendered":"<p><img data-recalc-dims=\"1\" loading=\"lazy\" decoding=\"async\" data-attachment-id=\"38393\" data-permalink=\"http:\/\/blogdalucianaoliveira.com.br\/blog\/2026\/03\/02\/hezbollah-no-libano-volta-a-guerra-e-conflito-escala-no-oriente-medio\/img_8723\/\" data-orig-file=\"https:\/\/i0.wp.com\/blogdalucianaoliveira.com.br\/blog\/wp-content\/uploads\/2026\/03\/IMG_8723.webp?fit=1170%2C700\" data-orig-size=\"1170,700\" data-comments-opened=\"0\" data-image-meta=\"{&quot;aperture&quot;:&quot;0&quot;,&quot;credit&quot;:&quot;&quot;,&quot;camera&quot;:&quot;&quot;,&quot;caption&quot;:&quot;&quot;,&quot;created_timestamp&quot;:&quot;0&quot;,&quot;copyright&quot;:&quot;&quot;,&quot;focal_length&quot;:&quot;0&quot;,&quot;iso&quot;:&quot;0&quot;,&quot;shutter_speed&quot;:&quot;0&quot;,&quot;title&quot;:&quot;&quot;,&quot;orientation&quot;:&quot;0&quot;}\" data-image-title=\"IMG_8723\" data-image-description=\"\" data-image-caption=\"\" data-medium-file=\"https:\/\/i0.wp.com\/blogdalucianaoliveira.com.br\/blog\/wp-content\/uploads\/2026\/03\/IMG_8723.webp?fit=300%2C179\" data-large-file=\"https:\/\/i0.wp.com\/blogdalucianaoliveira.com.br\/blog\/wp-content\/uploads\/2026\/03\/IMG_8723.webp?fit=600%2C359\" class=\"aligncenter size-full wp-image-38393\" src=\"https:\/\/i0.wp.com\/blogdalucianaoliveira.com.br\/blog\/wp-content\/uploads\/2026\/03\/IMG_8723.webp?resize=600%2C359\" alt=\"\" width=\"600\" height=\"359\" srcset=\"https:\/\/i0.wp.com\/blogdalucianaoliveira.com.br\/blog\/wp-content\/uploads\/2026\/03\/IMG_8723.webp?w=1170 1170w, https:\/\/i0.wp.com\/blogdalucianaoliveira.com.br\/blog\/wp-content\/uploads\/2026\/03\/IMG_8723.webp?resize=300%2C179 300w, https:\/\/i0.wp.com\/blogdalucianaoliveira.com.br\/blog\/wp-content\/uploads\/2026\/03\/IMG_8723.webp?resize=1024%2C613 1024w, https:\/\/i0.wp.com\/blogdalucianaoliveira.com.br\/blog\/wp-content\/uploads\/2026\/03\/IMG_8723.webp?resize=768%2C459 768w, https:\/\/i0.wp.com\/blogdalucianaoliveira.com.br\/blog\/wp-content\/uploads\/2026\/03\/IMG_8723.webp?resize=501%2C300 501w\" sizes=\"auto, (max-width: 600px) 100vw, 600px\" \/><\/p>\n<p>Grupo diz que responde aos ataques de Israel e \u00e0 morte de Khamenei<!--more--><\/p>\n<p>Ag\u00eancia Brasil &#8211; O grupo pol\u00edtico-militar Hezbollah, do L\u00edbano, voltou a lan\u00e7ar ataques com m\u00edsseis e drones contra Israel, nesta segunda-feira (2). Em resposta, Israel lan\u00e7ou novos ataques em diversas partes do L\u00edbano, incluindo os sub\u00farbios de Beirute, a capital do pa\u00eds. \u00a0<img data-recalc-dims=\"1\" decoding=\"async\" src=\"https:\/\/i0.wp.com\/agenciabrasil.ebc.com.br\/ebc.png?w=600&#038;ssl=1\" \/><img data-recalc-dims=\"1\" decoding=\"async\" src=\"https:\/\/i0.wp.com\/agenciabrasil.ebc.com.br\/ebc.gif?w=600&#038;ssl=1\" \/><\/p>\n<p><strong>Este\u00a0foi o primeiro ataque do grupo xiita desde o cessar-fogo costurado em novembro de 2024. Apesar do acordo, Israel tem feito\u00a0ataques e incurs\u00f5es militares contra o territ\u00f3rio do L\u00edbano<\/strong>. Tel Aviv alega atingir alvos do Hezbollah para evitar sua recupera\u00e7\u00e3o militar.<\/p>\n<p>Em comunicado, o Hezbollah justificou os ataques contra uma das defesas antim\u00edsseis de Israel, na cidade de Haifa, como um ato \u201cleg\u00edtimo\u201d de autodefesa, ap\u00f3s 15 meses de viola\u00e7\u00f5es do cessar-fogo pelo governo israelense.<\/p>\n<blockquote><p>\u201cO inimigo israelense n\u00e3o pode continuar sua agress\u00e3o de 15\u00a0meses sem uma resposta de advert\u00eancia para que cesse essa agress\u00e3o e se retire dos territ\u00f3rios libaneses ocupados\u201d, diz o grupo xiita, aliado do Ir\u00e3 na regi\u00e3o.<\/p><\/blockquote>\n<p><strong>Ainda segundo o Hezbollah, o ataque foi tamb\u00e9m uma <a href=\"https:\/\/agenciabrasil.ebc.com.br\/internacional\/noticia\/2026-03\/com-morte-de-khamenei-ira-forma-conselho-de-governo-com-aiatola-arafi\" target=\"_blank\" rel=\"noopener\">retalia\u00e7\u00e3o \u201cpelo sangue puro do l\u00edder supremo dos mul\u00e7umanos<\/a>\u201d, o aiatol\u00e1 Ali Khamenei, assassinado durante a agress\u00e3o dos Estados Unidos (EUA) e Israel contra o Ir\u00e3.\u00a0<\/strong><\/p>\n<p>O grupo xiita defendeu\u00a0que as autoridades e os envolvidos \u201cdevem p\u00f4r fim \u00e0 agress\u00e3o israelense-americana contra o L\u00edbano\u201d.<\/p>\n<p><strong>A atual fase do conflito entre o <a href=\"https:\/\/agenciabrasil.ebc.com.br\/geral\/noticia\/2024-09\/entenda-por-que-gaza-motivou-os-bombardeios-de-israel-contra-o-libano\" target=\"_blank\" rel=\"noopener\">Hezbollah e Israel<\/a> teve inicio com a guerra na Faixa de Gaza, quando o grupo liban\u00eas come\u00e7ou a lan\u00e7ar ataques contra o norte israelense em solidariedade ao povo palestino.\u00a0<\/strong><\/p>\n<p>Ap\u00f3s Israel assassinar os principais l\u00edderes do grupo liban\u00eas, entre eles\u00a0o secret\u00e1rio-geral Hassan Nasrallah, infligindo pesadas perdas ao Hezbollah, foi costurado o cessar-fogo, que n\u00e3o foi respeitado por Israel. O pa\u00eds\u00a0seguiu bombardeando e ocupando \u00e1reas do territ\u00f3rio liban\u00eas.<\/p>\n<h2>Governo do L\u00edbano<\/h2>\n<p><strong>O presidente do L\u00edbano, Josefh Aoun, condenou a a\u00e7\u00e3o do Hezbollah afirmando que o lan\u00e7amento de m\u00edsseis contra Israel mina os esfor\u00e7os do pa\u00eds para mant\u00ea-lo afastado dos conflitos militares do pa\u00eds.<\/strong><\/p>\n<blockquote><p>\u201cEmbora condenemos os ataques israelenses em territ\u00f3rio liban\u00eas, alertamos que a utiliza\u00e7\u00e3o cont\u00ednua do L\u00edbano como plataforma para guerras por procura\u00e7\u00e3o que nada t\u00eam a ver conosco expor\u00e1 mais uma vez o nosso pa\u00eds a perigos\u201d, afirmou em <a href=\"https:\/\/www.presidency.gov.lb\/posts\/alreys-awn-itlaq-alswarykh-mn-alaradhy-allbnanyh-fjr-alywm-ysthdf-kl-aljhwd-walmsaay-alty-bthltha-aldwlh-allbnanyh-77u714003136495\" target=\"_blank\" rel=\"noopener\">comunicado<\/a>.<\/p><\/blockquote>\n<h2>Israel<\/h2>\n<p><strong>Tamb\u00e9m por meio de comunicado, as For\u00e7as de Defesa de Israel (FDI) afirmaram\u00a0que o ataque do Hezbollah atingiu \u00e1reas civis, que \u201celes pagar\u00e3o um pre\u00e7o alto\u201d pela a\u00e7\u00e3o e que \u201cos ataques continuam \u2013 e sua intensidade aumentar\u00e1\u201d. \u00a0<\/strong><\/p>\n<blockquote><p>\u201cLan\u00e7amos uma primeira onda ampla de ataques em Beirute e no sul do L\u00edbano, visando importantes operativos, quart\u00e9is-generais e infraestrutura terrorista. Tamb\u00e9m estamos agindo para evacuar civis no sul do L\u00edbano antes de novos ataques\u201d, afirmou a FDI.<\/p><\/blockquote>\n<h2>Hist\u00f3ria<\/h2>\n<p>Apesar da atual fase da guerra entre Israel e o Hezbollah ser um desdobramento dos ataques \u00e0 Gaza, o conflito entre a resist\u00eancia libanesa e o Estado de Israel n\u00e3o come\u00e7ou com o 7 de outubro, mas sim em 1978. Nesse ano, os militares de Tel Aviv invadiram o L\u00edbano ao perseguir a resist\u00eancia palestina, que se refugiava no pa\u00eds vizinho.<\/p>\n<p>Em 1982, Israel invade novamente o L\u00edbano e ocupa parte de Beirute, a capital do pa\u00eds, obrigando os militantes da Organiza\u00e7\u00e3o pela Liberta\u00e7\u00e3o da Palestina (OLP) a fugir da regi\u00e3o. Israel ent\u00e3o cria uma \u00e1rea tamp\u00e3o e permanece ocupando o sul do L\u00edbano at\u00e9 o ano 2000.<\/p>\n<p>O grupo Hezbollah surge como uma guerrilha \u2013 apoiada pelo Ir\u00e3 \u2013 que luta contra a ocupa\u00e7\u00e3o militar de Israel no L\u00edbano. Em 25 de maio de 2000, a resist\u00eancia libanesa consegue expulsar Israel do pa\u00eds \u00e1rabe.<\/p>\n<p>Houve ainda mais\u00a0tr\u00eas campanhas militares de Israel contra o L\u00edbano, em 2006, 2009 e 2011. A maior foi em 2006, durou cerca de 30 dias e matou mais de 10 mil civis.<\/p>\n","protected":false},"excerpt":{"rendered":"<p>Grupo diz que responde aos ataques de Israel e \u00e0 morte de Khamenei<\/p>\n","protected":false},"author":1,"featured_media":0,"comment_status":"closed","ping_status":"open","sticky":false,"template":"","format":"standard","meta":{"_exactmetrics_skip_tracking":false,"_exactmetrics_sitenote_active":false,"_exactmetrics_sitenote_note":"","_exactmetrics_sitenote_category":0,"jetpack_post_was_ever_published":false,"_jetpack_newsletter_access":"","_jetpack_dont_email_post_to_subs":false,"_jetpack_newsletter_tier_id":0,"_jetpack_memberships_contains_paywalled_content":false,"_jetpack_memberships_contains_paid_content":false,"footnotes":"","jetpack_publicize_message":"","jetpack_publicize_feature_enabled":true,"jetpack_social_post_already_shared":true,"jetpack_social_options":{"image_generator_settings":{"template":"highway","enabled":false},"version":2}},"categories":[1],"tags":[],"class_list":["post-38392","post","type-post","status-publish","format-standard","hentry","category-notas"],"jetpack_publicize_connections":[],"jetpack_sharing_enabled":true,"jetpack_featured_media_url":"","jetpack_shortlink":"https:\/\/wp.me\/p7wKYW-9Ze","jetpack-related-posts":[],"_links":{"self":[{"href":"http:\/\/blogdalucianaoliveira.com.br\/blog\/wp-json\/wp\/v2\/posts\/38392","targetHints":{"allow":["GET"]}}],"collection":[{"href":"http:\/\/blogdalucianaoliveira.com.br\/blog\/wp-json\/wp\/v2\/posts"}],"about":[{"href":"http:\/\/blogdalucianaoliveira.com.br\/blog\/wp-json\/wp\/v2\/types\/post"}],"author":[{"embeddable":true,"href":"http:\/\/blogdalucianaoliveira.com.br\/blog\/wp-json\/wp\/v2\/users\/1"}],"replies":[{"embeddable":true,"href":"http:\/\/blogdalucianaoliveira.com.br\/blog\/wp-json\/wp\/v2\/comments?post=38392"}],"version-history":[{"count":1,"href":"http:\/\/blogdalucianaoliveira.com.br\/blog\/wp-json\/wp\/v2\/posts\/38392\/revisions"}],"predecessor-version":[{"id":38394,"href":"http:\/\/blogdalucianaoliveira.com.br\/blog\/wp-json\/wp\/v2\/posts\/38392\/revisions\/38394"}],"wp:attachment":[{"href":"http:\/\/blogdalucianaoliveira.com.br\/blog\/wp-json\/wp\/v2\/media?parent=38392"}],"wp:term":[{"taxonomy":"category","embeddable":true,"href":"http:\/\/blogdalucianaoliveira.com.br\/blog\/wp-json\/wp\/v2\/categories?post=38392"},{"taxonomy":"post_tag","embeddable":true,"href":"http:\/\/blogdalucianaoliveira.com.br\/blog\/wp-json\/wp\/v2\/tags?post=38392"}],"curies":[{"name":"wp","href":"https:\/\/api.w.org\/{rel}","templated":true}]}}