{"id":38395,"date":"2026-03-02T10:11:49","date_gmt":"2026-03-02T14:11:49","guid":{"rendered":"https:\/\/blogdalucianaoliveira.com.br\/blog\/?p=38395"},"modified":"2026-03-02T10:11:49","modified_gmt":"2026-03-02T14:11:49","slug":"quais-as-consequencias-da-guerra-com-o-ira-para-os-precos-do-petroleo-e-a-economia-global","status":"publish","type":"post","link":"http:\/\/blogdalucianaoliveira.com.br\/blog\/2026\/03\/02\/quais-as-consequencias-da-guerra-com-o-ira-para-os-precos-do-petroleo-e-a-economia-global\/","title":{"rendered":"Quais as consequ\u00eancias da guerra com o Ir\u00e3 para os pre\u00e7os do petr\u00f3leo e a economia global"},"content":{"rendered":"<p><img data-recalc-dims=\"1\" loading=\"lazy\" decoding=\"async\" data-attachment-id=\"38397\" data-permalink=\"http:\/\/blogdalucianaoliveira.com.br\/blog\/2026\/03\/02\/quais-as-consequencias-da-guerra-com-o-ira-para-os-precos-do-petroleo-e-a-economia-global\/img_8725-3\/\" data-orig-file=\"https:\/\/i0.wp.com\/blogdalucianaoliveira.com.br\/blog\/wp-content\/uploads\/2026\/03\/IMG_8725.webp?fit=800%2C450\" data-orig-size=\"800,450\" data-comments-opened=\"0\" data-image-meta=\"{&quot;aperture&quot;:&quot;0&quot;,&quot;credit&quot;:&quot;&quot;,&quot;camera&quot;:&quot;&quot;,&quot;caption&quot;:&quot;&quot;,&quot;created_timestamp&quot;:&quot;0&quot;,&quot;copyright&quot;:&quot;&quot;,&quot;focal_length&quot;:&quot;0&quot;,&quot;iso&quot;:&quot;0&quot;,&quot;shutter_speed&quot;:&quot;0&quot;,&quot;title&quot;:&quot;&quot;,&quot;orientation&quot;:&quot;0&quot;}\" data-image-title=\"IMG_8725\" data-image-description=\"\" data-image-caption=\"\" data-medium-file=\"https:\/\/i0.wp.com\/blogdalucianaoliveira.com.br\/blog\/wp-content\/uploads\/2026\/03\/IMG_8725.webp?fit=300%2C169\" data-large-file=\"https:\/\/i0.wp.com\/blogdalucianaoliveira.com.br\/blog\/wp-content\/uploads\/2026\/03\/IMG_8725.webp?fit=600%2C338\" class=\"aligncenter size-full wp-image-38397\" src=\"https:\/\/i0.wp.com\/blogdalucianaoliveira.com.br\/blog\/wp-content\/uploads\/2026\/03\/IMG_8725.webp?resize=600%2C338\" alt=\"\" width=\"600\" height=\"338\" srcset=\"https:\/\/i0.wp.com\/blogdalucianaoliveira.com.br\/blog\/wp-content\/uploads\/2026\/03\/IMG_8725.webp?w=800 800w, https:\/\/i0.wp.com\/blogdalucianaoliveira.com.br\/blog\/wp-content\/uploads\/2026\/03\/IMG_8725.webp?resize=300%2C169 300w, https:\/\/i0.wp.com\/blogdalucianaoliveira.com.br\/blog\/wp-content\/uploads\/2026\/03\/IMG_8725.webp?resize=768%2C432 768w, https:\/\/i0.wp.com\/blogdalucianaoliveira.com.br\/blog\/wp-content\/uploads\/2026\/03\/IMG_8725.webp?resize=533%2C300 533w\" sizes=\"auto, (max-width: 600px) 100vw, 600px\" \/><\/p>\n<div class=\"css-1k9op6x e17x9cvu0\" dir=\"ltr\">\n<p class=\"css-s4cjt0 e1yuyadm0\" dir=\"ltr\">BBC, por <span role=\"text\"><span class=\"css-1cubxkz\">Daniel Thomas<\/span><\/span><span class=\"css-1pbbpiq\" aria-hidden=\"true\">, <\/span><span role=\"text\"><span class=\"css-2ozlq5\">Author, <\/span><span class=\"css-1cubxkz\">Ben Hatton<\/span><\/span><span class=\"css-1pbbpiq\" aria-hidden=\"true\">, <\/span><span aria-hidden=\"true\"><span class=\"css-en59ly\">e <\/span><\/span><span role=\"text\"><span class=\"css-2ozlq5\">Author, <\/span><span class=\"css-1cubxkz\">Peter Hoskins &#8211; <\/span><\/span>Os pre\u00e7os globais do <a class=\"focusIndicatorReducedWidth css-n8oauk e1h2ur550\" href=\"https:\/\/www.bbc.com\/portuguese\/topics\/cqywjy76xk0t\">petr\u00f3leo<\/a> subiram em meio aos ataques lan\u00e7ados pelo <a class=\"focusIndicatorReducedWidth css-n8oauk e1h2ur550\" href=\"https:\/\/www.bbc.com\/portuguese\/articles\/c5yj93x8g5eo\">Ir\u00e3<\/a> no <a class=\"focusIndicatorReducedWidth css-n8oauk e1h2ur550\" href=\"https:\/\/www.bbc.com\/portuguese\/topics\/c95y357ykk9t\">Oriente M\u00e9dio<\/a>em resposta ao <a class=\"focusIndicatorReducedWidth css-n8oauk e1h2ur550\" href=\"https:\/\/www.bbc.com\/portuguese\/articles\/c1l7r97r3qvo\">bombardeio realizado pelos EUA e por Israel<\/a> contra o pa\u00eds.<\/p>\n<\/div>\n<p><!--more--><\/p>\n<div class=\"css-1k9op6x e17x9cvu0\" dir=\"ltr\">\n<p class=\"css-s4cjt0 e1yuyadm0\" dir=\"ltr\">O petr\u00f3leo do tipo Brent, refer\u00eancia global para a cota\u00e7\u00e3o da commodity, saltou 10% quando os mercados asi\u00e1ticos abriram no in\u00edcio da segunda-feira (2\/3), chegando a mais de US$ 82 o barril.<\/p>\n<\/div>\n<div class=\"css-1k9op6x e17x9cvu0\" dir=\"ltr\">\n<p class=\"css-s4cjt0 e1yuyadm0\" dir=\"ltr\">Os valores cederam no decorrer da manh\u00e3, mas analistas alertam que o cen\u00e1rio pode ser bem diferente no caso de um conflito prolongado.<\/p>\n<\/div>\n<div class=\"css-1k9op6x e17x9cvu0\" dir=\"ltr\">\n<p class=\"css-s4cjt0 e1yuyadm0\" dir=\"ltr\">Os mercados reagiram inicialmente \u00e0 not\u00edcia de que pelo menos tr\u00eas navios haviam sido atacados no fim de semana perto do <a class=\"focusIndicatorReducedWidth css-n8oauk e1h2ur550\" href=\"https:\/\/www.bbc.com\/portuguese\/articles\/cjwn4l4p92xo\">Estreito de Ormuz<\/a>, via mar\u00edtima que fica ao sul do Ir\u00e3 e \u00e9 parte do caminho por onde passam cerca de 20% do petr\u00f3leo e g\u00e1s do mundo.<\/p>\n<\/div>\n<div class=\"css-1k9op6x e17x9cvu0\" dir=\"ltr\">\n<p class=\"css-s4cjt0 e1yuyadm0\" dir=\"ltr\">O Ir\u00e3 alertou as embarca\u00e7\u00f5es para que n\u00e3o atravessassem a regi\u00e3o e o tr\u00e1fego de navios foi praticamente paralisado na entrada do estreito.<\/p>\n<p><img data-recalc-dims=\"1\" loading=\"lazy\" decoding=\"async\" data-attachment-id=\"38396\" data-permalink=\"http:\/\/blogdalucianaoliveira.com.br\/blog\/2026\/03\/02\/quais-as-consequencias-da-guerra-com-o-ira-para-os-precos-do-petroleo-e-a-economia-global\/screenshot-13\/\" data-orig-file=\"https:\/\/i0.wp.com\/blogdalucianaoliveira.com.br\/blog\/wp-content\/uploads\/2026\/03\/IMG_8724.jpeg?fit=1179%2C1408\" data-orig-size=\"1179,1408\" data-comments-opened=\"0\" data-image-meta=\"{&quot;aperture&quot;:&quot;0&quot;,&quot;credit&quot;:&quot;&quot;,&quot;camera&quot;:&quot;&quot;,&quot;caption&quot;:&quot;Screenshot&quot;,&quot;created_timestamp&quot;:&quot;1772446134&quot;,&quot;copyright&quot;:&quot;&quot;,&quot;focal_length&quot;:&quot;0&quot;,&quot;iso&quot;:&quot;0&quot;,&quot;shutter_speed&quot;:&quot;0&quot;,&quot;title&quot;:&quot;Screenshot&quot;,&quot;orientation&quot;:&quot;1&quot;}\" data-image-title=\"Screenshot\" data-image-description=\"\" data-image-caption=\"&lt;p&gt;Screenshot&lt;\/p&gt;\n\" data-medium-file=\"https:\/\/i0.wp.com\/blogdalucianaoliveira.com.br\/blog\/wp-content\/uploads\/2026\/03\/IMG_8724.jpeg?fit=251%2C300\" data-large-file=\"https:\/\/i0.wp.com\/blogdalucianaoliveira.com.br\/blog\/wp-content\/uploads\/2026\/03\/IMG_8724.jpeg?fit=600%2C717\" class=\"size-full wp-image-38396\" src=\"https:\/\/i0.wp.com\/blogdalucianaoliveira.com.br\/blog\/wp-content\/uploads\/2026\/03\/IMG_8724.jpeg?resize=600%2C717\" alt=\"\" width=\"600\" height=\"717\" srcset=\"https:\/\/i0.wp.com\/blogdalucianaoliveira.com.br\/blog\/wp-content\/uploads\/2026\/03\/IMG_8724.jpeg?w=1179 1179w, https:\/\/i0.wp.com\/blogdalucianaoliveira.com.br\/blog\/wp-content\/uploads\/2026\/03\/IMG_8724.jpeg?resize=251%2C300 251w, https:\/\/i0.wp.com\/blogdalucianaoliveira.com.br\/blog\/wp-content\/uploads\/2026\/03\/IMG_8724.jpeg?resize=857%2C1024 857w, https:\/\/i0.wp.com\/blogdalucianaoliveira.com.br\/blog\/wp-content\/uploads\/2026\/03\/IMG_8724.jpeg?resize=768%2C917 768w\" sizes=\"auto, (max-width: 600px) 100vw, 600px\" \/><\/p>\n<div class=\"css-1k9op6x e17x9cvu0\" dir=\"ltr\">\n<p class=\"css-s4cjt0 e1yuyadm0\" dir=\"ltr\">O Centro de Opera\u00e7\u00f5es de Com\u00e9rcio Mar\u00edtimo do Reino Unido (UKMTO, na sigla em ingl\u00eas) informou que duas embarca\u00e7\u00f5es foram atingidas e que um &#8220;proj\u00e9til desconhecido&#8221; teria &#8220;explodido muito perto&#8221; de uma terceira.<\/p>\n<\/div>\n<div class=\"css-1k9op6x e17x9cvu0\" dir=\"ltr\">\n<p class=\"css-s4cjt0 e1yuyadm0\" dir=\"ltr\">Ap\u00f3s a alta inicial, a cota\u00e7\u00e3o cedeu para US$ 79 o barril, enquanto o tipo negociado nos EUA, o WTI, registrava aumento de cerca de 7,6%, negociado a US$ 72,20.<\/p>\n<\/div>\n<div class=\"css-1k9op6x e17x9cvu0\" dir=\"ltr\">\n<p class=\"css-s4cjt0 e1yuyadm0\" dir=\"ltr\">&#8220;O mercado n\u00e3o est\u00e1 em p\u00e2nico&#8221;, disse \u00e0 BBC Saul Kavonic, chefe de pesquisa de energia da MST Marquee.<\/p>\n<div class=\"css-1k9op6x e17x9cvu0\" dir=\"ltr\">\n<p class=\"css-s4cjt0 e1yuyadm0\" dir=\"ltr\">&#8220;H\u00e1 mais clareza de que, at\u00e9 o momento, a infraestrutura de transporte e produ\u00e7\u00e3o de petr\u00f3leo n\u00e3o tem sido um alvo principal de nenhum dos lados&#8221;, acrescentou.<\/p>\n<\/div>\n<div class=\"css-1k9op6x e17x9cvu0\" dir=\"ltr\">\n<p class=\"css-s4cjt0 e1yuyadm0\" dir=\"ltr\">&#8220;O mercado vai ficar atento a eventuais sinais de retomada do tr\u00e1fego pelo Estreito de Ormuz, o que faria com que os pre\u00e7os do petr\u00f3leo voltassem a cair&#8221;, completou Kavonic.<\/p>\n<div class=\"css-1k9op6x e17x9cvu0\" dir=\"ltr\">\n<p class=\"css-s4cjt0 e1yuyadm0\" dir=\"ltr\">&#8220;As cota\u00e7\u00f5es do petr\u00f3leo neste momento n\u00e3o est\u00e3o particularmente altas. Ainda est\u00e3o abaixo do patamar de dois anos atr\u00e1s, ent\u00e3o ainda n\u00e3o estamos no modo crise do petr\u00f3leo total ainda&#8221;, avaliou Robin Mills, ex-executivo da multinacional petrol\u00edfera Shell e diretor executivo da consultoria Qamar Energy, com sede em Dubai.<\/p>\n<\/div>\n<div class=\"css-1k9op6x e17x9cvu0\" dir=\"ltr\">\n<p class=\"css-s4cjt0 e1yuyadm0\" dir=\"ltr\">No domingo, o grupo Opep+, que re\u00fane pa\u00edses produtores de petr\u00f3leo, concordou em elevar sua produ\u00e7\u00e3o em 206 mil barris por dia para ajudar a amortecer eventuais aumentos de pre\u00e7os.<\/p>\n<\/div>\n<div class=\"css-1k9op6x e17x9cvu0\" dir=\"ltr\">\n<p class=\"css-s4cjt0 e1yuyadm0\" dir=\"ltr\">Alguns analistas alertam, contudo, que a medida pode ser insuficiente a depender da evolu\u00e7\u00e3o dos acontecimentos e que o cen\u00e1rio de pre\u00e7os pode mudar substancialmente no caso de um conflito prolongado, que poderia levar a cota\u00e7\u00e3o do petr\u00f3leo a ultrapassar US$ 100, com um poss\u00edvel efeito cascata global sobre a infla\u00e7\u00e3o e as taxas de juros.<\/p>\n<\/div>\n<div class=\"css-1k9op6x e17x9cvu0\" dir=\"ltr\">\n<p class=\"css-s4cjt0 e1yuyadm0\" dir=\"ltr\">&#8220;A turbul\u00eancia e os bombardeios no Oriente M\u00e9dio certamente ser\u00e3o um catalisador para interromper a distribui\u00e7\u00e3o de petr\u00f3leo globalmente, o que inevitavelmente levar\u00e1 a aumentos de pre\u00e7os de combust\u00edveis&#8221;, pontuou Edmund King, presidente da Associa\u00e7\u00e3o de Autom\u00f3veis brit\u00e2nica (AA, na sigla em ingl\u00eas).<\/p>\n<\/div>\n<div class=\"css-1k9op6x e17x9cvu0\" dir=\"ltr\">\n<p class=\"css-s4cjt0 e1yuyadm0\" dir=\"ltr\">&#8220;A magnitude e a dura\u00e7\u00e3o dependem de quanto tempo o conflito durar.&#8221;<\/p>\n<\/div>\n<div class=\"css-1k9op6x e17x9cvu0\" dir=\"ltr\">\n<p class=\"css-s4cjt0 e1yuyadm0\" dir=\"ltr\">Subitha Subramaniam, economista-chefe e chefe de estrat\u00e9gia de investimento da Sarasin &amp; Partners, lembra que, no cen\u00e1rio de aumento persistente do petr\u00f3leo, o impacto pode ir al\u00e9m dos combust\u00edveis e se refletir em outros pre\u00e7os, como o de alimentos, produtos agr\u00edcolas e commodities industriais, com impacto importante sobre a infla\u00e7\u00e3o.<\/p>\n<\/div>\n<div class=\"css-1k9op6x e17x9cvu0\" dir=\"ltr\">\n<p class=\"css-s4cjt0 e1yuyadm0\" dir=\"ltr\">Em um quadro como esse, bancos centrais poderiam elevar as taxas de juros ou interromper ciclos de queda como o que acontece no Reino Unido, que tem visto a infla\u00e7\u00e3o ceder mais recentemente.<\/p>\n<\/div>\n<div class=\"css-1k9op6x e17x9cvu0\" dir=\"ltr\">\n<p class=\"css-s4cjt0 e1yuyadm0\" dir=\"ltr\">&#8220;Eu diria que, sabendo hoje que \u00e9 improv\u00e1vel que esse conflito se encerre nas pr\u00f3ximas uma ou duas semanas, n\u00e3o temos muito como saber o impacto da dura\u00e7\u00e3o nos mercados de energia e de transporte mar\u00edtimo&#8221;, pontuou Subramaniam.<\/p>\n<\/div>\n<div class=\"css-1k9op6x e17x9cvu0\" dir=\"ltr\">\n<p class=\"css-s4cjt0 e1yuyadm0\" dir=\"ltr\">A Guarda Revolucion\u00e1ria Isl\u00e2mica do Ir\u00e3 afirmou que tr\u00eas petroleiros foram &#8220;atingidos por m\u00edsseis e est\u00e3o em chamas&#8221;. As embarca\u00e7\u00f5es seriam do Reino Unido e dos EUA, que n\u00e3o se manifestaram sobre o assunto.<\/p>\n<\/div>\n<div class=\"css-1k9op6x e17x9cvu0\" dir=\"ltr\">\n<p class=\"css-s4cjt0 e1yuyadm0\" dir=\"ltr\">A Organiza\u00e7\u00e3o Mar\u00edtima e de Transporte Mar\u00edtimo do Reino Unido informou que &#8220;m\u00faltiplos incidentes de seguran\u00e7a&#8221; foram relatados no Golfo P\u00e9rsico e no Golfo de Om\u00e3 e aconselhou os navios a &#8220;navegarem com cautela&#8221;.<\/p>\n<\/div>\n<div class=\"css-1k9op6x e17x9cvu0\" dir=\"ltr\">\n<p class=\"css-s4cjt0 e1yuyadm0\" dir=\"ltr\">Pelo menos 150 petroleiros lan\u00e7aram suas \u00e2ncoras em \u00e1guas abertas do Golfo e na \u00e1rea do Estreito de Ormuz, de acordo com a plataforma de rastreamento de navios Kpler, que tamb\u00e9m mostrou, por outro lado, que algumas embarca\u00e7\u00f5es iranianas e chinesas passaram pela \u00e1rea nesta segunda.<\/p>\n<\/div>\n<div class=\"css-1k9op6x e17x9cvu0\" dir=\"ltr\">\n<p class=\"css-s4cjt0 e1yuyadm0\" dir=\"ltr\">&#8220;Devido \u00e0s amea\u00e7as do Ir\u00e3, o estreito est\u00e1 efetivamente fechado&#8221;, disse Homayoun Falakshahi, da Kpler, \u00e0 BBC News.<\/p>\n<\/div>\n<div class=\"css-1k9op6x e17x9cvu0\" dir=\"ltr\">\n<p class=\"css-s4cjt0 e1yuyadm0\" dir=\"ltr\">&#8220;As embarca\u00e7\u00f5es tomaram a precau\u00e7\u00e3o de n\u00e3o entrar. Os riscos s\u00e3o muito altos e os custos de seguro dispararam.&#8221;<\/p>\n<\/div>\n<div class=\"css-1k9op6x e17x9cvu0\" dir=\"ltr\">\n<p class=\"css-s4cjt0 e1yuyadm0\" dir=\"ltr\">Falakshahi avalia que os EUA provavelmente tentariam proteger as rotas de navega\u00e7\u00e3o para permitir o tr\u00e1fego de navios \u2014 o que, se eficaz, impediria uma disparada no pre\u00e7o do petr\u00f3leo. Se o estreito permanecesse fechado por um longo per\u00edodo, entretanto, os pre\u00e7os poderiam subir &#8220;muito, muito mais&#8221;.<\/p>\n<\/div>\n<div class=\"css-1k9op6x e17x9cvu0\" dir=\"ltr\">\n<p class=\"css-s4cjt0 e1yuyadm0\" dir=\"ltr\">Sem dar detalhes, a UKMTO comunicou que duas embarca\u00e7\u00f5es foram atingidas por proj\u00e9teis desconhecidos, causando inc\u00eandios, e que um proj\u00e9til desconhecido &#8220;explodiu muito pr\u00f3ximo&#8221; de uma terceira embarca\u00e7\u00e3o.<\/p>\n<\/div>\n<div class=\"css-1k9op6x e17x9cvu0\" dir=\"ltr\">\n<p class=\"css-s4cjt0 e1yuyadm0\" dir=\"ltr\">Um quarto incidente na \u00e1rea tamb\u00e9m foi relatado \u00e0 UKMTO, que informou que houve evacua\u00e7\u00e3o da tripula\u00e7\u00e3o e n\u00e3o deu detalhes sobre as causas.<\/p>\n<\/div>\n<div class=\"css-1k9op6x e17x9cvu0\" dir=\"ltr\">\n<p class=\"css-s4cjt0 e1yuyadm0\" dir=\"ltr\">A empresa privada de seguran\u00e7a mar\u00edtima Vanguard Tech divulgou que incidentes foram relatados \u2014 que coincidem com os detalhes fornecidos pela UKMTO \u2014 envolvendo navios com bandeira de Gibraltar, Palau, Ilhas Marshall e Lib\u00e9ria.<\/p>\n<\/div>\n<div class=\"css-1k9op6x e17x9cvu0\" dir=\"ltr\">\n<p class=\"css-s4cjt0 e1yuyadm0\" dir=\"ltr\">O grupo dinamarqu\u00eas de transporte mar\u00edtimo de cont\u00eaineres Maersk afirmou em comunicado no domingo (1\/3) que suspender\u00e1 as viagens pelo Estreito de Bab el-Mandeb e pelo Canal de Suez e redirecionar\u00e1 os navios ao Cabo da Boa Esperan\u00e7a, ao sul do continente africano.<\/p>\n<\/div>\n<\/div>\n<\/div>\n<\/div>\n","protected":false},"excerpt":{"rendered":"<p>BBC, por Daniel Thomas, Author, Ben Hatton, e Author, Peter Hoskins &#8211; Os pre\u00e7os globais do petr\u00f3leo subiram em meio aos ataques lan\u00e7ados pelo Ir\u00e3 no Oriente M\u00e9dioem resposta ao bombardeio realizado pelos EUA e por Israel contra o pa\u00eds.<\/p>\n","protected":false},"author":1,"featured_media":0,"comment_status":"closed","ping_status":"open","sticky":false,"template":"","format":"standard","meta":{"_exactmetrics_skip_tracking":false,"_exactmetrics_sitenote_active":false,"_exactmetrics_sitenote_note":"","_exactmetrics_sitenote_category":0,"jetpack_post_was_ever_published":false,"_jetpack_newsletter_access":"","_jetpack_dont_email_post_to_subs":false,"_jetpack_newsletter_tier_id":0,"_jetpack_memberships_contains_paywalled_content":false,"_jetpack_memberships_contains_paid_content":false,"footnotes":"","jetpack_publicize_message":"","jetpack_publicize_feature_enabled":true,"jetpack_social_post_already_shared":true,"jetpack_social_options":{"image_generator_settings":{"template":"highway","enabled":false},"version":2}},"categories":[1],"tags":[],"class_list":["post-38395","post","type-post","status-publish","format-standard","hentry","category-notas"],"jetpack_publicize_connections":[],"jetpack_sharing_enabled":true,"jetpack_featured_media_url":"","jetpack_shortlink":"https:\/\/wp.me\/p7wKYW-9Zh","jetpack-related-posts":[],"_links":{"self":[{"href":"http:\/\/blogdalucianaoliveira.com.br\/blog\/wp-json\/wp\/v2\/posts\/38395","targetHints":{"allow":["GET"]}}],"collection":[{"href":"http:\/\/blogdalucianaoliveira.com.br\/blog\/wp-json\/wp\/v2\/posts"}],"about":[{"href":"http:\/\/blogdalucianaoliveira.com.br\/blog\/wp-json\/wp\/v2\/types\/post"}],"author":[{"embeddable":true,"href":"http:\/\/blogdalucianaoliveira.com.br\/blog\/wp-json\/wp\/v2\/users\/1"}],"replies":[{"embeddable":true,"href":"http:\/\/blogdalucianaoliveira.com.br\/blog\/wp-json\/wp\/v2\/comments?post=38395"}],"version-history":[{"count":1,"href":"http:\/\/blogdalucianaoliveira.com.br\/blog\/wp-json\/wp\/v2\/posts\/38395\/revisions"}],"predecessor-version":[{"id":38398,"href":"http:\/\/blogdalucianaoliveira.com.br\/blog\/wp-json\/wp\/v2\/posts\/38395\/revisions\/38398"}],"wp:attachment":[{"href":"http:\/\/blogdalucianaoliveira.com.br\/blog\/wp-json\/wp\/v2\/media?parent=38395"}],"wp:term":[{"taxonomy":"category","embeddable":true,"href":"http:\/\/blogdalucianaoliveira.com.br\/blog\/wp-json\/wp\/v2\/categories?post=38395"},{"taxonomy":"post_tag","embeddable":true,"href":"http:\/\/blogdalucianaoliveira.com.br\/blog\/wp-json\/wp\/v2\/tags?post=38395"}],"curies":[{"name":"wp","href":"https:\/\/api.w.org\/{rel}","templated":true}]}}