{"id":38399,"date":"2026-03-02T10:27:35","date_gmt":"2026-03-02T14:27:35","guid":{"rendered":"https:\/\/blogdalucianaoliveira.com.br\/blog\/?p=38399"},"modified":"2026-03-02T10:27:35","modified_gmt":"2026-03-02T14:27:35","slug":"claudia-de-jesus-colhe-demandas-na-teia-de-cultura-em-ji-parana","status":"publish","type":"post","link":"http:\/\/blogdalucianaoliveira.com.br\/blog\/2026\/03\/02\/claudia-de-jesus-colhe-demandas-na-teia-de-cultura-em-ji-parana\/","title":{"rendered":"Cl\u00e1udia de Jesus colhe demandas na Teia de Cultura em J\u00ed-Paran\u00e1"},"content":{"rendered":"<p><img data-recalc-dims=\"1\" loading=\"lazy\" decoding=\"async\" data-attachment-id=\"38403\" data-permalink=\"http:\/\/blogdalucianaoliveira.com.br\/blog\/2026\/03\/02\/claudia-de-jesus-colhe-demandas-na-teia-de-cultura-em-ji-parana\/img_8571\/\" data-orig-file=\"https:\/\/i0.wp.com\/blogdalucianaoliveira.com.br\/blog\/wp-content\/uploads\/2026\/03\/IMG_8571-scaled.jpeg?fit=2560%2C1622\" data-orig-size=\"2560,1622\" data-comments-opened=\"0\" data-image-meta=\"{&quot;aperture&quot;:&quot;2.2&quot;,&quot;credit&quot;:&quot;&quot;,&quot;camera&quot;:&quot;iPhone 16&quot;,&quot;caption&quot;:&quot;&quot;,&quot;created_timestamp&quot;:&quot;1772285922&quot;,&quot;copyright&quot;:&quot;&quot;,&quot;focal_length&quot;:&quot;2.2200000286119&quot;,&quot;iso&quot;:&quot;160&quot;,&quot;shutter_speed&quot;:&quot;0.016666666666667&quot;,&quot;title&quot;:&quot;&quot;,&quot;orientation&quot;:&quot;1&quot;}\" data-image-title=\"IMG_8571\" data-image-description=\"\" data-image-caption=\"\" data-medium-file=\"https:\/\/i0.wp.com\/blogdalucianaoliveira.com.br\/blog\/wp-content\/uploads\/2026\/03\/IMG_8571-scaled.jpeg?fit=300%2C190\" data-large-file=\"https:\/\/i0.wp.com\/blogdalucianaoliveira.com.br\/blog\/wp-content\/uploads\/2026\/03\/IMG_8571-scaled.jpeg?fit=600%2C380\" class=\"aligncenter size-full wp-image-38403\" src=\"https:\/\/i0.wp.com\/blogdalucianaoliveira.com.br\/blog\/wp-content\/uploads\/2026\/03\/IMG_8571-scaled.jpeg?resize=600%2C380\" alt=\"\" width=\"600\" height=\"380\" srcset=\"https:\/\/i0.wp.com\/blogdalucianaoliveira.com.br\/blog\/wp-content\/uploads\/2026\/03\/IMG_8571-scaled.jpeg?w=2560 2560w, https:\/\/i0.wp.com\/blogdalucianaoliveira.com.br\/blog\/wp-content\/uploads\/2026\/03\/IMG_8571-scaled.jpeg?resize=300%2C190 300w, https:\/\/i0.wp.com\/blogdalucianaoliveira.com.br\/blog\/wp-content\/uploads\/2026\/03\/IMG_8571-scaled.jpeg?resize=1024%2C649 1024w, https:\/\/i0.wp.com\/blogdalucianaoliveira.com.br\/blog\/wp-content\/uploads\/2026\/03\/IMG_8571-scaled.jpeg?resize=768%2C487 768w, https:\/\/i0.wp.com\/blogdalucianaoliveira.com.br\/blog\/wp-content\/uploads\/2026\/03\/IMG_8571-scaled.jpeg?resize=1536%2C973 1536w, https:\/\/i0.wp.com\/blogdalucianaoliveira.com.br\/blog\/wp-content\/uploads\/2026\/03\/IMG_8571-scaled.jpeg?resize=2048%2C1298 2048w, https:\/\/i0.wp.com\/blogdalucianaoliveira.com.br\/blog\/wp-content\/uploads\/2026\/03\/IMG_8571-scaled.jpeg?resize=474%2C300 474w, https:\/\/i0.wp.com\/blogdalucianaoliveira.com.br\/blog\/wp-content\/uploads\/2026\/03\/IMG_8571-scaled.jpeg?w=1200 1200w, https:\/\/i0.wp.com\/blogdalucianaoliveira.com.br\/blog\/wp-content\/uploads\/2026\/03\/IMG_8571-scaled.jpeg?w=1800 1800w\" sizes=\"auto, (max-width: 600px) 100vw, 600px\" \/><\/p>\n<p><strong><em>A deputada \u00a0foi a \u00fanica parlamentar a prestigiar a 2\u00aa Teia Estadual dos Pontos de Cultura de Rond\u00f4nia.<\/em><\/strong><!--more--><\/p>\n<p class=\"p2\"><span class=\"s1\">Foram quatro dias de muito di\u00e1logo e troca entre gestores, coletivos, fazedores de cultura do estado e representantes do Minist\u00e9rio da Cultura.<\/span><\/p>\n<p class=\"p2\"><span class=\"s1\">Al\u00e9m de celebrar identidades, fortalecer redes e construir caminhos coletivos, o evento antecede a 6\u00aa Teia Nacional de Pontos de Cultura que acontecer\u00e1 de 24 a 29 de abril em Aracruz, no Esp\u00edrito Santo. Rond\u00f4nia participar\u00e1 com seis atra\u00e7\u00f5es.<\/span><\/p>\n<p>Para Silvia Pinheiro, Coordenadora do Escrit\u00f3rio Estadual de Cultura do MINC, \u201cRond\u00f4nia tem muito a contribuir com a pol\u00edtica nacional de cultura e a teia regional mostrou sua diversidade e for\u00e7a\u201d.<\/p>\n<p><img data-recalc-dims=\"1\" loading=\"lazy\" decoding=\"async\" data-attachment-id=\"38400\" data-permalink=\"http:\/\/blogdalucianaoliveira.com.br\/blog\/2026\/03\/02\/claudia-de-jesus-colhe-demandas-na-teia-de-cultura-em-ji-parana\/screenshot-14\/\" data-orig-file=\"https:\/\/i0.wp.com\/blogdalucianaoliveira.com.br\/blog\/wp-content\/uploads\/2026\/03\/IMG_8726.jpeg?fit=1179%2C796\" data-orig-size=\"1179,796\" data-comments-opened=\"0\" data-image-meta=\"{&quot;aperture&quot;:&quot;0&quot;,&quot;credit&quot;:&quot;&quot;,&quot;camera&quot;:&quot;&quot;,&quot;caption&quot;:&quot;Screenshot&quot;,&quot;created_timestamp&quot;:&quot;1772446621&quot;,&quot;copyright&quot;:&quot;&quot;,&quot;focal_length&quot;:&quot;0&quot;,&quot;iso&quot;:&quot;0&quot;,&quot;shutter_speed&quot;:&quot;0&quot;,&quot;title&quot;:&quot;Screenshot&quot;,&quot;orientation&quot;:&quot;1&quot;}\" data-image-title=\"Screenshot\" data-image-description=\"\" data-image-caption=\"&lt;p&gt;Screenshot&lt;\/p&gt;\n\" data-medium-file=\"https:\/\/i0.wp.com\/blogdalucianaoliveira.com.br\/blog\/wp-content\/uploads\/2026\/03\/IMG_8726.jpeg?fit=300%2C203\" data-large-file=\"https:\/\/i0.wp.com\/blogdalucianaoliveira.com.br\/blog\/wp-content\/uploads\/2026\/03\/IMG_8726.jpeg?fit=600%2C405\" class=\"size-full wp-image-38400\" src=\"https:\/\/i0.wp.com\/blogdalucianaoliveira.com.br\/blog\/wp-content\/uploads\/2026\/03\/IMG_8726.jpeg?resize=600%2C405\" alt=\"\" width=\"600\" height=\"405\" srcset=\"https:\/\/i0.wp.com\/blogdalucianaoliveira.com.br\/blog\/wp-content\/uploads\/2026\/03\/IMG_8726.jpeg?w=1179 1179w, https:\/\/i0.wp.com\/blogdalucianaoliveira.com.br\/blog\/wp-content\/uploads\/2026\/03\/IMG_8726.jpeg?resize=300%2C203 300w, https:\/\/i0.wp.com\/blogdalucianaoliveira.com.br\/blog\/wp-content\/uploads\/2026\/03\/IMG_8726.jpeg?resize=1024%2C691 1024w, https:\/\/i0.wp.com\/blogdalucianaoliveira.com.br\/blog\/wp-content\/uploads\/2026\/03\/IMG_8726.jpeg?resize=768%2C519 768w, https:\/\/i0.wp.com\/blogdalucianaoliveira.com.br\/blog\/wp-content\/uploads\/2026\/03\/IMG_8726.jpeg?resize=444%2C300 444w\" sizes=\"auto, (max-width: 600px) 100vw, 600px\" \/><\/p>\n<p class=\"p2\"><span class=\"s1\">Na teia na teia regi\u00e3o central, a<span class=\"Apple-converted-space\">\u00a0 <\/span>programa\u00e7\u00e3o teve cortejo pelas ruas da cidade, apresenta\u00e7\u00f5es art\u00edsticas, feira de artesanato, oficinas e workshops, rodas de conversa (uma sobre g\u00eaneros, diversidade e enfrentamento de viol\u00eancias; outra sobre culturas populares, rurais, afro-brasileiras e ind\u00edgenas) e di\u00e1logos sobre gest\u00e3o compartilhada e participa\u00e7\u00e3o social, entre outros temas relacionados \u00e0 PNCV.<\/span><\/p>\n<p><img data-recalc-dims=\"1\" loading=\"lazy\" decoding=\"async\" data-attachment-id=\"38404\" data-permalink=\"http:\/\/blogdalucianaoliveira.com.br\/blog\/2026\/03\/02\/claudia-de-jesus-colhe-demandas-na-teia-de-cultura-em-ji-parana\/screenshot-15\/\" data-orig-file=\"https:\/\/i0.wp.com\/blogdalucianaoliveira.com.br\/blog\/wp-content\/uploads\/2026\/03\/IMG_8727.jpeg?fit=1123%2C666\" data-orig-size=\"1123,666\" data-comments-opened=\"0\" data-image-meta=\"{&quot;aperture&quot;:&quot;0&quot;,&quot;credit&quot;:&quot;&quot;,&quot;camera&quot;:&quot;&quot;,&quot;caption&quot;:&quot;Screenshot&quot;,&quot;created_timestamp&quot;:&quot;1772447211&quot;,&quot;copyright&quot;:&quot;&quot;,&quot;focal_length&quot;:&quot;0&quot;,&quot;iso&quot;:&quot;0&quot;,&quot;shutter_speed&quot;:&quot;0&quot;,&quot;title&quot;:&quot;Screenshot&quot;,&quot;orientation&quot;:&quot;1&quot;}\" data-image-title=\"Screenshot\" data-image-description=\"\" data-image-caption=\"&lt;p&gt;Screenshot&lt;\/p&gt;\n\" data-medium-file=\"https:\/\/i0.wp.com\/blogdalucianaoliveira.com.br\/blog\/wp-content\/uploads\/2026\/03\/IMG_8727.jpeg?fit=300%2C178\" data-large-file=\"https:\/\/i0.wp.com\/blogdalucianaoliveira.com.br\/blog\/wp-content\/uploads\/2026\/03\/IMG_8727.jpeg?fit=600%2C356\" class=\"size-full wp-image-38404\" src=\"https:\/\/i0.wp.com\/blogdalucianaoliveira.com.br\/blog\/wp-content\/uploads\/2026\/03\/IMG_8727.jpeg?resize=600%2C356\" alt=\"\" width=\"600\" height=\"356\" srcset=\"https:\/\/i0.wp.com\/blogdalucianaoliveira.com.br\/blog\/wp-content\/uploads\/2026\/03\/IMG_8727.jpeg?w=1123 1123w, https:\/\/i0.wp.com\/blogdalucianaoliveira.com.br\/blog\/wp-content\/uploads\/2026\/03\/IMG_8727.jpeg?resize=300%2C178 300w, https:\/\/i0.wp.com\/blogdalucianaoliveira.com.br\/blog\/wp-content\/uploads\/2026\/03\/IMG_8727.jpeg?resize=1024%2C607 1024w, https:\/\/i0.wp.com\/blogdalucianaoliveira.com.br\/blog\/wp-content\/uploads\/2026\/03\/IMG_8727.jpeg?resize=768%2C455 768w, https:\/\/i0.wp.com\/blogdalucianaoliveira.com.br\/blog\/wp-content\/uploads\/2026\/03\/IMG_8727.jpeg?resize=506%2C300 506w\" sizes=\"auto, (max-width: 600px) 100vw, 600px\" \/><\/p>\n<p class=\"p2\"><span class=\"s1\">\u00c9 dessa atividade que sa\u00edram os delegados e delegadas que participar\u00e3o do evento nacional. <\/span><\/p>\n<p class=\"p2\"><span class=\"s1\">\u201cA gente veio para celebrar e fortalecer a nossa diversidade cultural e a Pol\u00edtica Nacional de Cultura Viva do governo federal. Estamos com olhar focado nisso, pois a cultura do nosso estado \u00e9 riqu\u00edssima e precisa ser valorizada e fomentada\u201d, salientou a deputada.<\/span><\/p>\n<p>A deputada colheu demandas, articulou apoios com os coletivos, Sejucel e MINC.<\/p>\n<p>&nbsp;<\/p>\n","protected":false},"excerpt":{"rendered":"<p>A deputada \u00a0foi a \u00fanica parlamentar a prestigiar a 2\u00aa Teia Estadual dos Pontos de Cultura de Rond\u00f4nia.<\/p>\n","protected":false},"author":1,"featured_media":0,"comment_status":"closed","ping_status":"open","sticky":false,"template":"","format":"standard","meta":{"_exactmetrics_skip_tracking":false,"_exactmetrics_sitenote_active":false,"_exactmetrics_sitenote_note":"","_exactmetrics_sitenote_category":0,"jetpack_post_was_ever_published":false,"_jetpack_newsletter_access":"","_jetpack_dont_email_post_to_subs":false,"_jetpack_newsletter_tier_id":0,"_jetpack_memberships_contains_paywalled_content":false,"_jetpack_memberships_contains_paid_content":false,"footnotes":"","jetpack_publicize_message":"","jetpack_publicize_feature_enabled":true,"jetpack_social_post_already_shared":true,"jetpack_social_options":{"image_generator_settings":{"template":"highway","enabled":false},"version":2}},"categories":[1],"tags":[77,1429,1630],"class_list":["post-38399","post","type-post","status-publish","format-standard","hentry","category-notas","tag-cultura","tag-deputada-claudia-de-jesus","tag-teia"],"jetpack_publicize_connections":[],"jetpack_sharing_enabled":true,"jetpack_featured_media_url":"","jetpack_shortlink":"https:\/\/wp.me\/p7wKYW-9Zl","jetpack-related-posts":[],"_links":{"self":[{"href":"http:\/\/blogdalucianaoliveira.com.br\/blog\/wp-json\/wp\/v2\/posts\/38399","targetHints":{"allow":["GET"]}}],"collection":[{"href":"http:\/\/blogdalucianaoliveira.com.br\/blog\/wp-json\/wp\/v2\/posts"}],"about":[{"href":"http:\/\/blogdalucianaoliveira.com.br\/blog\/wp-json\/wp\/v2\/types\/post"}],"author":[{"embeddable":true,"href":"http:\/\/blogdalucianaoliveira.com.br\/blog\/wp-json\/wp\/v2\/users\/1"}],"replies":[{"embeddable":true,"href":"http:\/\/blogdalucianaoliveira.com.br\/blog\/wp-json\/wp\/v2\/comments?post=38399"}],"version-history":[{"count":1,"href":"http:\/\/blogdalucianaoliveira.com.br\/blog\/wp-json\/wp\/v2\/posts\/38399\/revisions"}],"predecessor-version":[{"id":38405,"href":"http:\/\/blogdalucianaoliveira.com.br\/blog\/wp-json\/wp\/v2\/posts\/38399\/revisions\/38405"}],"wp:attachment":[{"href":"http:\/\/blogdalucianaoliveira.com.br\/blog\/wp-json\/wp\/v2\/media?parent=38399"}],"wp:term":[{"taxonomy":"category","embeddable":true,"href":"http:\/\/blogdalucianaoliveira.com.br\/blog\/wp-json\/wp\/v2\/categories?post=38399"},{"taxonomy":"post_tag","embeddable":true,"href":"http:\/\/blogdalucianaoliveira.com.br\/blog\/wp-json\/wp\/v2\/tags?post=38399"}],"curies":[{"name":"wp","href":"https:\/\/api.w.org\/{rel}","templated":true}]}}