{"id":38407,"date":"2026-03-02T11:04:48","date_gmt":"2026-03-02T15:04:48","guid":{"rendered":"https:\/\/blogdalucianaoliveira.com.br\/blog\/?p=38407"},"modified":"2026-03-02T11:22:40","modified_gmt":"2026-03-02T15:22:40","slug":"no-brasil-247-36","status":"publish","type":"post","link":"http:\/\/blogdalucianaoliveira.com.br\/blog\/2026\/03\/02\/no-brasil-247-36\/","title":{"rendered":"No Brasil 247"},"content":{"rendered":"<p><img data-recalc-dims=\"1\" loading=\"lazy\" decoding=\"async\" data-attachment-id=\"38408\" data-permalink=\"http:\/\/blogdalucianaoliveira.com.br\/blog\/2026\/03\/02\/no-brasil-247-36\/1a9dc95b-2f82-485e-8240-0f780cf8436d\/\" data-orig-file=\"https:\/\/i0.wp.com\/blogdalucianaoliveira.com.br\/blog\/wp-content\/uploads\/2026\/03\/1a9dc95b-2f82-485e-8240-0f780cf8436d.jpeg?fit=1600%2C900\" data-orig-size=\"1600,900\" data-comments-opened=\"0\" data-image-meta=\"{&quot;aperture&quot;:&quot;0&quot;,&quot;credit&quot;:&quot;&quot;,&quot;camera&quot;:&quot;&quot;,&quot;caption&quot;:&quot;&quot;,&quot;created_timestamp&quot;:&quot;0&quot;,&quot;copyright&quot;:&quot;&quot;,&quot;focal_length&quot;:&quot;0&quot;,&quot;iso&quot;:&quot;0&quot;,&quot;shutter_speed&quot;:&quot;0&quot;,&quot;title&quot;:&quot;&quot;,&quot;orientation&quot;:&quot;0&quot;}\" data-image-title=\"1a9dc95b-2f82-485e-8240-0f780cf8436d\" data-image-description=\"\" data-image-caption=\"\" data-medium-file=\"https:\/\/i0.wp.com\/blogdalucianaoliveira.com.br\/blog\/wp-content\/uploads\/2026\/03\/1a9dc95b-2f82-485e-8240-0f780cf8436d.jpeg?fit=300%2C169\" data-large-file=\"https:\/\/i0.wp.com\/blogdalucianaoliveira.com.br\/blog\/wp-content\/uploads\/2026\/03\/1a9dc95b-2f82-485e-8240-0f780cf8436d.jpeg?fit=600%2C338\" class=\"aligncenter size-full wp-image-38408\" src=\"https:\/\/i0.wp.com\/blogdalucianaoliveira.com.br\/blog\/wp-content\/uploads\/2026\/03\/1a9dc95b-2f82-485e-8240-0f780cf8436d.jpeg?resize=600%2C338\" alt=\"\" width=\"600\" height=\"338\" srcset=\"https:\/\/i0.wp.com\/blogdalucianaoliveira.com.br\/blog\/wp-content\/uploads\/2026\/03\/1a9dc95b-2f82-485e-8240-0f780cf8436d.jpeg?w=1600 1600w, https:\/\/i0.wp.com\/blogdalucianaoliveira.com.br\/blog\/wp-content\/uploads\/2026\/03\/1a9dc95b-2f82-485e-8240-0f780cf8436d.jpeg?resize=300%2C169 300w, https:\/\/i0.wp.com\/blogdalucianaoliveira.com.br\/blog\/wp-content\/uploads\/2026\/03\/1a9dc95b-2f82-485e-8240-0f780cf8436d.jpeg?resize=1024%2C576 1024w, https:\/\/i0.wp.com\/blogdalucianaoliveira.com.br\/blog\/wp-content\/uploads\/2026\/03\/1a9dc95b-2f82-485e-8240-0f780cf8436d.jpeg?resize=768%2C432 768w, https:\/\/i0.wp.com\/blogdalucianaoliveira.com.br\/blog\/wp-content\/uploads\/2026\/03\/1a9dc95b-2f82-485e-8240-0f780cf8436d.jpeg?resize=1536%2C864 1536w, https:\/\/i0.wp.com\/blogdalucianaoliveira.com.br\/blog\/wp-content\/uploads\/2026\/03\/1a9dc95b-2f82-485e-8240-0f780cf8436d.jpeg?resize=533%2C300 533w, https:\/\/i0.wp.com\/blogdalucianaoliveira.com.br\/blog\/wp-content\/uploads\/2026\/03\/1a9dc95b-2f82-485e-8240-0f780cf8436d.jpeg?w=1200 1200w\" sizes=\"auto, (max-width: 600px) 100vw, 600px\" \/><\/p>\n<p class=\"yiv7749155847ydp4b1ac541MsoNormal\">De bloco se sujo, \u00e0 escola de samba do grupo especial.<\/p>\n<p class=\"yiv7749155847ydp4b1ac541MsoNormal\">Hoje a Asfalt\u00e3o mais escola de samba, \u00e9 um ponto de cultura de relevante papel cultural, social e ambiental.<!--more--><\/p>\n<p>assista a reportagem:<\/p>\n<p>\ud83d\udc47\ud83c\udffc<\/p>\n<p><a href=\"https:\/\/youtu.be\/DVyCmgEyk-4?si=cLFhUIPXcW3dvF0L\">https:\/\/youtu.be\/DVyCmgEyk-4?si=cLFhUIPXcW3dvF0L<\/a><\/p>\n<p>&nbsp;<\/p>\n","protected":false},"excerpt":{"rendered":"<p>De bloco se sujo, \u00e0 escola de samba do grupo especial. Hoje a Asfalt\u00e3o mais escola de samba, \u00e9 um ponto de cultura de relevante papel cultural, social e ambiental.<\/p>\n","protected":false},"author":1,"featured_media":0,"comment_status":"closed","ping_status":"open","sticky":false,"template":"","format":"standard","meta":{"_exactmetrics_skip_tracking":false,"_exactmetrics_sitenote_active":false,"_exactmetrics_sitenote_note":"","_exactmetrics_sitenote_category":0,"jetpack_post_was_ever_published":false,"_jetpack_newsletter_access":"","_jetpack_dont_email_post_to_subs":false,"_jetpack_newsletter_tier_id":0,"_jetpack_memberships_contains_paywalled_content":false,"_jetpack_memberships_contains_paid_content":false,"footnotes":"","jetpack_publicize_message":"","jetpack_publicize_feature_enabled":true,"jetpack_social_post_already_shared":true,"jetpack_social_options":{"image_generator_settings":{"template":"highway","enabled":false},"version":2}},"categories":[1],"tags":[934,1631,8],"class_list":["post-38407","post","type-post","status-publish","format-standard","hentry","category-notas","tag-asfaltao","tag-escola-de-samba","tag-porto-velho"],"jetpack_publicize_connections":[],"jetpack_sharing_enabled":true,"jetpack_featured_media_url":"","jetpack_shortlink":"https:\/\/wp.me\/p7wKYW-9Zt","jetpack-related-posts":[],"_links":{"self":[{"href":"http:\/\/blogdalucianaoliveira.com.br\/blog\/wp-json\/wp\/v2\/posts\/38407","targetHints":{"allow":["GET"]}}],"collection":[{"href":"http:\/\/blogdalucianaoliveira.com.br\/blog\/wp-json\/wp\/v2\/posts"}],"about":[{"href":"http:\/\/blogdalucianaoliveira.com.br\/blog\/wp-json\/wp\/v2\/types\/post"}],"author":[{"embeddable":true,"href":"http:\/\/blogdalucianaoliveira.com.br\/blog\/wp-json\/wp\/v2\/users\/1"}],"replies":[{"embeddable":true,"href":"http:\/\/blogdalucianaoliveira.com.br\/blog\/wp-json\/wp\/v2\/comments?post=38407"}],"version-history":[{"count":3,"href":"http:\/\/blogdalucianaoliveira.com.br\/blog\/wp-json\/wp\/v2\/posts\/38407\/revisions"}],"predecessor-version":[{"id":38411,"href":"http:\/\/blogdalucianaoliveira.com.br\/blog\/wp-json\/wp\/v2\/posts\/38407\/revisions\/38411"}],"wp:attachment":[{"href":"http:\/\/blogdalucianaoliveira.com.br\/blog\/wp-json\/wp\/v2\/media?parent=38407"}],"wp:term":[{"taxonomy":"category","embeddable":true,"href":"http:\/\/blogdalucianaoliveira.com.br\/blog\/wp-json\/wp\/v2\/categories?post=38407"},{"taxonomy":"post_tag","embeddable":true,"href":"http:\/\/blogdalucianaoliveira.com.br\/blog\/wp-json\/wp\/v2\/tags?post=38407"}],"curies":[{"name":"wp","href":"https:\/\/api.w.org\/{rel}","templated":true}]}}