{"id":38435,"date":"2026-03-05T07:33:01","date_gmt":"2026-03-05T11:33:01","guid":{"rendered":"https:\/\/blogdalucianaoliveira.com.br\/blog\/?p=38435"},"modified":"2026-03-05T07:33:01","modified_gmt":"2026-03-05T11:33:01","slug":"e-um-sedutor-mas-nao-se-engane-e-esperto-e-frio","status":"publish","type":"post","link":"http:\/\/blogdalucianaoliveira.com.br\/blog\/2026\/03\/05\/e-um-sedutor-mas-nao-se-engane-e-esperto-e-frio\/","title":{"rendered":"\u201c\u00c9 UM SEDUTOR. MAS, N\u00c3O SE ENGANE, \u00c9 ESPERTO. \u00c9 FRIO\u201d"},"content":{"rendered":"<p><img data-recalc-dims=\"1\" loading=\"lazy\" decoding=\"async\" data-attachment-id=\"38436\" data-permalink=\"http:\/\/blogdalucianaoliveira.com.br\/blog\/2026\/03\/05\/e-um-sedutor-mas-nao-se-engane-e-esperto-e-frio\/img_8828\/\" data-orig-file=\"https:\/\/i0.wp.com\/blogdalucianaoliveira.com.br\/blog\/wp-content\/uploads\/2026\/03\/IMG_8828.jpeg?fit=1024%2C688\" data-orig-size=\"1024,688\" data-comments-opened=\"0\" data-image-meta=\"{&quot;aperture&quot;:&quot;0&quot;,&quot;credit&quot;:&quot;&quot;,&quot;camera&quot;:&quot;&quot;,&quot;caption&quot;:&quot;&quot;,&quot;created_timestamp&quot;:&quot;0&quot;,&quot;copyright&quot;:&quot;&quot;,&quot;focal_length&quot;:&quot;0&quot;,&quot;iso&quot;:&quot;0&quot;,&quot;shutter_speed&quot;:&quot;0&quot;,&quot;title&quot;:&quot;&quot;,&quot;orientation&quot;:&quot;0&quot;}\" data-image-title=\"IMG_8828\" data-image-description=\"\" data-image-caption=\"\" data-medium-file=\"https:\/\/i0.wp.com\/blogdalucianaoliveira.com.br\/blog\/wp-content\/uploads\/2026\/03\/IMG_8828.jpeg?fit=300%2C202\" data-large-file=\"https:\/\/i0.wp.com\/blogdalucianaoliveira.com.br\/blog\/wp-content\/uploads\/2026\/03\/IMG_8828.jpeg?fit=600%2C403\" class=\"aligncenter size-full wp-image-38436\" src=\"https:\/\/i0.wp.com\/blogdalucianaoliveira.com.br\/blog\/wp-content\/uploads\/2026\/03\/IMG_8828.jpeg?resize=600%2C403\" alt=\"\" width=\"600\" height=\"403\" srcset=\"https:\/\/i0.wp.com\/blogdalucianaoliveira.com.br\/blog\/wp-content\/uploads\/2026\/03\/IMG_8828.jpeg?w=1024 1024w, https:\/\/i0.wp.com\/blogdalucianaoliveira.com.br\/blog\/wp-content\/uploads\/2026\/03\/IMG_8828.jpeg?resize=300%2C202 300w, https:\/\/i0.wp.com\/blogdalucianaoliveira.com.br\/blog\/wp-content\/uploads\/2026\/03\/IMG_8828.jpeg?resize=768%2C516 768w, https:\/\/i0.wp.com\/blogdalucianaoliveira.com.br\/blog\/wp-content\/uploads\/2026\/03\/IMG_8828.jpeg?resize=447%2C300 447w\" sizes=\"auto, (max-width: 600px) 100vw, 600px\" \/><\/p>\n<div>\n<h2 class=\"main__noticia--desc noticia__header--info\">A personalidade do banqueiro Daniel Vorcaro, preso nesta quarta-feira (04) pela Pol\u00edcia Federal<\/h2>\n<p>Revista Piau\u00ed &#8211; \u00c9 uma figura t\u00e3o ador\u00e1vel no trato que voc\u00ea tem vontade de coloc\u00e1-lo no colo. \u00c9 um sedutor. Mas, n\u00e3o se engane, \u00e9 esperto. \u00c9 frio. E sabe reagir\u201d. A descri\u00e7\u00e3o, feita por um jornalista em entrevista \u00e0 rep\u00f3rter Consuelo Dieguez, diz respeito ao banqueiro Daniel Vorcaro. A pedido do ministro Andr\u00e9 Mendon\u00e7a, do STF, Vorcaro voltou a ser preso nesta quarta-feira (4), acusado de tentar obstruir as investiga\u00e7\u00f5es contra o Banco Master, monitorar desafetos e planejar a\u00e7\u00f5es violentas contra alguns deles. Foi o caso de Lauro Jardim, colunista do jornal <i>O Globo<\/i>. Mensagens obtidas pela Pol\u00edcia Federal mostram que Vorcaro planejou um assalto para intimidar o jornalista e \u201cquebrar todos os [<i>seus<\/i>] dentes\u201d.<\/p>\n<\/div>\n<p><!--more--><\/p>\n<div>\n<p>O relato sobre a frieza de Vorcaro aparece na reportagem <a href=\"https:\/\/piaui.uol.com.br\/materia\/alta-tensao-banco-master\/\"><i>Alta Tens\u00e3o<\/i><\/a>, publicada pela <b>piau\u00ed<\/b> em outubro de 2024, e ajuda a compreender a personalidade do dono do Master. \u00c0quela altura, o banco ia de vento em popa, embora j\u00e1 despertasse suspeitas em parte do mercado financeiro. A reportagem descreve como o jeito contido do ex-banqueiro, de fala mansa e sem gesticular, \u00e9 abandonado quando ele \u00e9 questionado sobre as cr\u00edticas que sofria.<\/p>\n<\/div>\n<div>\n<p>\u201cEsse outro lado do banqueiro emerge na minha conversa com ele quando lhe conto o que me disseram a respeito da emiss\u00e3o desmedida de CDBs [<i>Certificados de Dep\u00f3sito Banc\u00e1rio<\/i>]. \u2018N\u00e3o tenho medo de cr\u00edtica\u2019, rebate, demonstrando inc\u00f4modo, mas sem \u00eanfase na voz. \u2018A gente n\u00e3o acerta sempre. Por\u00e9m, a cr\u00edtica tem que ser embasada. Quando algu\u00e9m fala, eu quero saber quem falou e por que falou. Agora, boatos? Dizer que o banco est\u00e1 alavancado porque emite muito CDB? Isso \u00e9 gente sem informa\u00e7\u00e3o. \u00c9 s\u00f3 o cara ligar para o Banco Central e perguntar. Eu n\u00e3o tenho nada a temer.\u2019\u201d<\/p>\n<div>\n<p>A afirma\u00e7\u00e3o de Vorcaro difere do modo como ele lidou com as reportagens publicadas em <i>O Globo.<\/i>As amea\u00e7as contra Lauro Jardim foram encontradas em uma troca de mensagens entre o ex-banqueiro e Luiz Phillipe Machado de Moraes Mour\u00e3o, apontado pela PF como seu operador financeiro e respons\u00e1vel por obter informa\u00e7\u00f5es e monitorar pessoas de interesse de Vorcaro. Nas conversas, Mour\u00e3o chama o jornalista de \u201cescroto\u201d. O ex-banqueiro responde: \u201ctinha que colocar gente seguindo esse cara. Pra pegar tudo dele.\u201d<\/p>\n<\/div>\n<div>\n<p>Em outro di\u00e1logo, ainda referindo-se a Lauro Jardim, Vorcaro diz que quer \u201cmandar dar um pau nele. Quebrar todos os dentes. Num assalto.\u201d Mour\u00e3o, ent\u00e3o, pergunta se pode mesmo seguir com o plano e Vorcaro responde positivamente, de acordo com os documentos disponibilizados pelo STF.<\/p>\n<\/div>\n<div>\n<p>Apelidado de Sic\u00e1rio, Mour\u00e3o tamb\u00e9m foi preso nesta quarta-feira e tentou suic\u00eddio pouco depois, enquanto estava sob cust\u00f3dia na Superintend\u00eancia Regional da PF em Minas Gerais. Ele foi encaminhado ao hospital, mas n\u00e3o sobreviveu, segundo a Pol\u00edcia Federal.<\/p>\n<div>\n<p>Em nota, <i>O Globo<\/i> repudiou o plano de Vorcaro dizendo que ele visava \u201ccalar a voz da imprensa\u201d e ressaltou que seus jornalistas \u201cn\u00e3o se intimidar\u00e3o com amea\u00e7as e seguir\u00e3o acompanhando o caso e trazendo luz \u00e0s informa\u00e7\u00f5es de interesse p\u00fablico.\u201d<\/p>\n<\/div>\n<div>\n<p>As investiga\u00e7\u00f5es tamb\u00e9m mostram como Vorcaro e seu grupo s\u00e3o suspeitos de acessar os sistemas da Pol\u00edcia Federal, do Minist\u00e9rio P\u00fablico Federal e da Interpol. Segundo a corpora\u00e7\u00e3o, Mour\u00e3o acessava \u201cdados em sistemas restritos de \u00f3rg\u00e3os p\u00fablicos, incluindo bases de dados utilizadas por institui\u00e7\u00f5es de seguran\u00e7a p\u00fablica e investiga\u00e7\u00e3o policial\u201d. \u00c9 um exemplo daquilo que Dieguez descreveu em outra reportagem \u2013 <a href=\"https:\/\/piaui.uol.com.br\/materia\/o-banco-master-e-a-desmoralizacao-da-republica\/\"><i>A Contamina\u00e7\u00e3o<\/i><\/a><i> \u2013 <\/i>de fevereiro deste ano, em que narra como as estrat\u00e9gias do banqueiro levaram \u00e0 desmoraliza\u00e7\u00e3o da Rep\u00fablica.<\/p>\n<\/div>\n<\/div>\n<\/div>\n","protected":false},"excerpt":{"rendered":"<p>A personalidade do banqueiro Daniel Vorcaro, preso nesta quarta-feira (04) pela Pol\u00edcia Federal Revista Piau\u00ed &#8211; \u00c9 uma figura t\u00e3o ador\u00e1vel no trato que voc\u00ea tem vontade de coloc\u00e1-lo no colo. \u00c9 um sedutor. Mas, n\u00e3o se engane, \u00e9 esperto. \u00c9 frio. E sabe reagir\u201d. A descri\u00e7\u00e3o, feita por um jornalista em entrevista \u00e0 rep\u00f3rter&#8230;<a class=\"more-link\" href=\"http:\/\/blogdalucianaoliveira.com.br\/blog\/2026\/03\/05\/e-um-sedutor-mas-nao-se-engane-e-esperto-e-frio\/\">Continue a leitura <span class=\"meta-nav\">&raquo;<\/span><\/a><\/p>\n","protected":false},"author":1,"featured_media":0,"comment_status":"closed","ping_status":"open","sticky":false,"template":"","format":"standard","meta":{"_exactmetrics_skip_tracking":false,"_exactmetrics_sitenote_active":false,"_exactmetrics_sitenote_note":"","_exactmetrics_sitenote_category":0,"jetpack_post_was_ever_published":false,"_jetpack_newsletter_access":"","_jetpack_dont_email_post_to_subs":false,"_jetpack_newsletter_tier_id":0,"_jetpack_memberships_contains_paywalled_content":false,"_jetpack_memberships_contains_paid_content":false,"footnotes":"","jetpack_publicize_message":"","jetpack_publicize_feature_enabled":true,"jetpack_social_post_already_shared":true,"jetpack_social_options":{"image_generator_settings":{"template":"highway","enabled":false},"version":2}},"categories":[1],"tags":[],"class_list":["post-38435","post","type-post","status-publish","format-standard","hentry","category-notas"],"jetpack_publicize_connections":[],"jetpack_sharing_enabled":true,"jetpack_featured_media_url":"","jetpack_shortlink":"https:\/\/wp.me\/p7wKYW-9ZV","jetpack-related-posts":[],"_links":{"self":[{"href":"http:\/\/blogdalucianaoliveira.com.br\/blog\/wp-json\/wp\/v2\/posts\/38435","targetHints":{"allow":["GET"]}}],"collection":[{"href":"http:\/\/blogdalucianaoliveira.com.br\/blog\/wp-json\/wp\/v2\/posts"}],"about":[{"href":"http:\/\/blogdalucianaoliveira.com.br\/blog\/wp-json\/wp\/v2\/types\/post"}],"author":[{"embeddable":true,"href":"http:\/\/blogdalucianaoliveira.com.br\/blog\/wp-json\/wp\/v2\/users\/1"}],"replies":[{"embeddable":true,"href":"http:\/\/blogdalucianaoliveira.com.br\/blog\/wp-json\/wp\/v2\/comments?post=38435"}],"version-history":[{"count":1,"href":"http:\/\/blogdalucianaoliveira.com.br\/blog\/wp-json\/wp\/v2\/posts\/38435\/revisions"}],"predecessor-version":[{"id":38437,"href":"http:\/\/blogdalucianaoliveira.com.br\/blog\/wp-json\/wp\/v2\/posts\/38435\/revisions\/38437"}],"wp:attachment":[{"href":"http:\/\/blogdalucianaoliveira.com.br\/blog\/wp-json\/wp\/v2\/media?parent=38435"}],"wp:term":[{"taxonomy":"category","embeddable":true,"href":"http:\/\/blogdalucianaoliveira.com.br\/blog\/wp-json\/wp\/v2\/categories?post=38435"},{"taxonomy":"post_tag","embeddable":true,"href":"http:\/\/blogdalucianaoliveira.com.br\/blog\/wp-json\/wp\/v2\/tags?post=38435"}],"curies":[{"name":"wp","href":"https:\/\/api.w.org\/{rel}","templated":true}]}}