{"id":38441,"date":"2026-03-05T11:04:00","date_gmt":"2026-03-05T15:04:00","guid":{"rendered":"https:\/\/blogdalucianaoliveira.com.br\/blog\/?p=38441"},"modified":"2026-03-05T11:04:00","modified_gmt":"2026-03-05T15:04:00","slug":"assembleia-aprova-projeto-defendido-por-claudia-de-jesus-para-reconhecer-tempo-de-servico-durante-a-pandemia","status":"publish","type":"post","link":"http:\/\/blogdalucianaoliveira.com.br\/blog\/2026\/03\/05\/assembleia-aprova-projeto-defendido-por-claudia-de-jesus-para-reconhecer-tempo-de-servico-durante-a-pandemia\/","title":{"rendered":"Assembleia aprova projeto defendido por Cl\u00e1udia de Jesus para reconhecer tempo de servi\u00e7o durante a pandemia"},"content":{"rendered":"<p><img data-recalc-dims=\"1\" loading=\"lazy\" decoding=\"async\" data-attachment-id=\"38442\" data-permalink=\"http:\/\/blogdalucianaoliveira.com.br\/blog\/2026\/03\/05\/assembleia-aprova-projeto-defendido-por-claudia-de-jesus-para-reconhecer-tempo-de-servico-durante-a-pandemia\/img_8836\/\" data-orig-file=\"https:\/\/i0.wp.com\/blogdalucianaoliveira.com.br\/blog\/wp-content\/uploads\/2026\/03\/IMG_8836.jpeg?fit=1050%2C700\" data-orig-size=\"1050,700\" data-comments-opened=\"0\" data-image-meta=\"{&quot;aperture&quot;:&quot;0&quot;,&quot;credit&quot;:&quot;&quot;,&quot;camera&quot;:&quot;&quot;,&quot;caption&quot;:&quot;&quot;,&quot;created_timestamp&quot;:&quot;0&quot;,&quot;copyright&quot;:&quot;&quot;,&quot;focal_length&quot;:&quot;0&quot;,&quot;iso&quot;:&quot;0&quot;,&quot;shutter_speed&quot;:&quot;0&quot;,&quot;title&quot;:&quot;&quot;,&quot;orientation&quot;:&quot;1&quot;}\" data-image-title=\"IMG_8836\" data-image-description=\"\" data-image-caption=\"\" data-medium-file=\"https:\/\/i0.wp.com\/blogdalucianaoliveira.com.br\/blog\/wp-content\/uploads\/2026\/03\/IMG_8836.jpeg?fit=300%2C200\" data-large-file=\"https:\/\/i0.wp.com\/blogdalucianaoliveira.com.br\/blog\/wp-content\/uploads\/2026\/03\/IMG_8836.jpeg?fit=600%2C400\" class=\"aligncenter size-full wp-image-38442\" src=\"https:\/\/i0.wp.com\/blogdalucianaoliveira.com.br\/blog\/wp-content\/uploads\/2026\/03\/IMG_8836.jpeg?resize=600%2C400\" alt=\"\" width=\"600\" height=\"400\" srcset=\"https:\/\/i0.wp.com\/blogdalucianaoliveira.com.br\/blog\/wp-content\/uploads\/2026\/03\/IMG_8836.jpeg?w=1050 1050w, https:\/\/i0.wp.com\/blogdalucianaoliveira.com.br\/blog\/wp-content\/uploads\/2026\/03\/IMG_8836.jpeg?resize=300%2C200 300w, https:\/\/i0.wp.com\/blogdalucianaoliveira.com.br\/blog\/wp-content\/uploads\/2026\/03\/IMG_8836.jpeg?resize=1024%2C683 1024w, https:\/\/i0.wp.com\/blogdalucianaoliveira.com.br\/blog\/wp-content\/uploads\/2026\/03\/IMG_8836.jpeg?resize=768%2C512 768w, https:\/\/i0.wp.com\/blogdalucianaoliveira.com.br\/blog\/wp-content\/uploads\/2026\/03\/IMG_8836.jpeg?resize=450%2C300 450w\" sizes=\"auto, (max-width: 600px) 100vw, 600px\" \/><\/p>\n<p>&nbsp;<\/p>\n<p><i>Reconhecimento do trabalho na pandemia avan\u00e7a ap\u00f3s solicita\u00e7\u00e3o da deputada.<\/i><!--more--><\/p>\n<p>Servidores p\u00fablicos estaduais poder\u00e3o ter reconhecido o tempo de servi\u00e7o prestado durante a pandemia da Covid-19 ap\u00f3s aprova\u00e7\u00e3o do Projeto de Lei Complementar n\u00ba 176\/2026 pela Assembleia Legislativa de Rond\u00f4nia. A iniciativa foi enviada pelo Governo do Estado ap\u00f3s pedido da deputada estadual Cl\u00e1udia de Jesus (PT), que ouviu demandas de sindicatos da educa\u00e7\u00e3o, sa\u00fade e de outras \u00e1reas do servi\u00e7o p\u00fablico.<\/p>\n<p>De acordo com o texto aprovado, poder\u00e1 ser considerado o per\u00edodo entre <strong>28 de maio de 2020 e 31 de dezembro de 2021<\/strong>, intervalo que havia sido congelado pela Lei Complementar Federal n\u00ba 173\/2020 durante a pandemia. A medida beneficia servidores da administra\u00e7\u00e3o p\u00fablica direta e indireta do Estado, incluindo autarquias e funda\u00e7\u00f5es, desde que comprovada a continuidade da presta\u00e7\u00e3o do servi\u00e7o.<\/p>\n<p>Segundo a parlamentar, durante o per\u00edodo da crise sanit\u00e1ria muitos profissionais continuaram atuando em regime presencial, h\u00edbrido ou em teletrabalho, garantindo a continuidade dos servi\u00e7os p\u00fablicos essenciais \u00e0 popula\u00e7\u00e3o.<\/p>\n<p>\u201cOs servidores que permaneceram em exerc\u00edcio, mesmo em condi\u00e7\u00f5es excepcionais, n\u00e3o podem ser prejudicados. Esse tempo precisa ser reconhecido como v\u00e1lido para todos os efeitos legais, pois representa justi\u00e7a administrativa e valoriza\u00e7\u00e3o de quem manteve a m\u00e1quina p\u00fablica funcionando em plena crise\u201d, afirmou Cl\u00e1udia de Jesus.<\/p>\n","protected":false},"excerpt":{"rendered":"<p>&nbsp; Reconhecimento do trabalho na pandemia avan\u00e7a ap\u00f3s solicita\u00e7\u00e3o da deputada.<\/p>\n","protected":false},"author":1,"featured_media":0,"comment_status":"closed","ping_status":"open","sticky":false,"template":"","format":"standard","meta":{"_exactmetrics_skip_tracking":false,"_exactmetrics_sitenote_active":false,"_exactmetrics_sitenote_note":"","_exactmetrics_sitenote_category":0,"jetpack_post_was_ever_published":false,"_jetpack_newsletter_access":"","_jetpack_dont_email_post_to_subs":false,"_jetpack_newsletter_tier_id":0,"_jetpack_memberships_contains_paywalled_content":false,"_jetpack_memberships_contains_paid_content":false,"footnotes":"","jetpack_publicize_message":"","jetpack_publicize_feature_enabled":true,"jetpack_social_post_already_shared":true,"jetpack_social_options":{"image_generator_settings":{"template":"highway","enabled":false},"version":2}},"categories":[1],"tags":[1429,366,1499],"class_list":["post-38441","post","type-post","status-publish","format-standard","hentry","category-notas","tag-deputada-claudia-de-jesus","tag-pandemia","tag-servidores"],"jetpack_publicize_connections":[],"jetpack_sharing_enabled":true,"jetpack_featured_media_url":"","jetpack_shortlink":"https:\/\/wp.me\/p7wKYW-a01","jetpack-related-posts":[],"_links":{"self":[{"href":"http:\/\/blogdalucianaoliveira.com.br\/blog\/wp-json\/wp\/v2\/posts\/38441","targetHints":{"allow":["GET"]}}],"collection":[{"href":"http:\/\/blogdalucianaoliveira.com.br\/blog\/wp-json\/wp\/v2\/posts"}],"about":[{"href":"http:\/\/blogdalucianaoliveira.com.br\/blog\/wp-json\/wp\/v2\/types\/post"}],"author":[{"embeddable":true,"href":"http:\/\/blogdalucianaoliveira.com.br\/blog\/wp-json\/wp\/v2\/users\/1"}],"replies":[{"embeddable":true,"href":"http:\/\/blogdalucianaoliveira.com.br\/blog\/wp-json\/wp\/v2\/comments?post=38441"}],"version-history":[{"count":1,"href":"http:\/\/blogdalucianaoliveira.com.br\/blog\/wp-json\/wp\/v2\/posts\/38441\/revisions"}],"predecessor-version":[{"id":38443,"href":"http:\/\/blogdalucianaoliveira.com.br\/blog\/wp-json\/wp\/v2\/posts\/38441\/revisions\/38443"}],"wp:attachment":[{"href":"http:\/\/blogdalucianaoliveira.com.br\/blog\/wp-json\/wp\/v2\/media?parent=38441"}],"wp:term":[{"taxonomy":"category","embeddable":true,"href":"http:\/\/blogdalucianaoliveira.com.br\/blog\/wp-json\/wp\/v2\/categories?post=38441"},{"taxonomy":"post_tag","embeddable":true,"href":"http:\/\/blogdalucianaoliveira.com.br\/blog\/wp-json\/wp\/v2\/tags?post=38441"}],"curies":[{"name":"wp","href":"https:\/\/api.w.org\/{rel}","templated":true}]}}