{"id":38448,"date":"2026-03-09T15:17:31","date_gmt":"2026-03-09T19:17:31","guid":{"rendered":"https:\/\/blogdalucianaoliveira.com.br\/blog\/?p=38448"},"modified":"2026-03-09T15:17:31","modified_gmt":"2026-03-09T19:17:31","slug":"rio-madeira-as-mudancas-climaticas-e-os-grandes-empreendimentos-sera-tema-de-audiencia-publica-em-porto-velho-ro","status":"publish","type":"post","link":"http:\/\/blogdalucianaoliveira.com.br\/blog\/2026\/03\/09\/rio-madeira-as-mudancas-climaticas-e-os-grandes-empreendimentos-sera-tema-de-audiencia-publica-em-porto-velho-ro\/","title":{"rendered":"\u2018Rio Madeira, as mudan\u00e7as clim\u00e1ticas e os grandes empreendimentos\u2019 ser\u00e1 tema de audi\u00eancia p\u00fablica em Porto Velho (RO)"},"content":{"rendered":"<p><img data-recalc-dims=\"1\" loading=\"lazy\" decoding=\"async\" data-attachment-id=\"38449\" data-permalink=\"http:\/\/blogdalucianaoliveira.com.br\/blog\/2026\/03\/09\/rio-madeira-as-mudancas-climaticas-e-os-grandes-empreendimentos-sera-tema-de-audiencia-publica-em-porto-velho-ro\/img_9031\/\" data-orig-file=\"https:\/\/i0.wp.com\/blogdalucianaoliveira.com.br\/blog\/wp-content\/uploads\/2026\/03\/IMG_9031.jpeg?fit=980%2C760\" data-orig-size=\"980,760\" data-comments-opened=\"0\" data-image-meta=\"{&quot;aperture&quot;:&quot;0&quot;,&quot;credit&quot;:&quot;&quot;,&quot;camera&quot;:&quot;&quot;,&quot;caption&quot;:&quot;&quot;,&quot;created_timestamp&quot;:&quot;1726507660&quot;,&quot;copyright&quot;:&quot;&quot;,&quot;focal_length&quot;:&quot;0&quot;,&quot;iso&quot;:&quot;0&quot;,&quot;shutter_speed&quot;:&quot;0&quot;,&quot;title&quot;:&quot;&quot;,&quot;orientation&quot;:&quot;1&quot;}\" data-image-title=\"IMG_9031\" data-image-description=\"\" data-image-caption=\"\" data-medium-file=\"https:\/\/i0.wp.com\/blogdalucianaoliveira.com.br\/blog\/wp-content\/uploads\/2026\/03\/IMG_9031.jpeg?fit=300%2C233\" data-large-file=\"https:\/\/i0.wp.com\/blogdalucianaoliveira.com.br\/blog\/wp-content\/uploads\/2026\/03\/IMG_9031.jpeg?fit=600%2C465\" class=\"aligncenter size-full wp-image-38449\" src=\"https:\/\/i0.wp.com\/blogdalucianaoliveira.com.br\/blog\/wp-content\/uploads\/2026\/03\/IMG_9031.jpeg?resize=600%2C465\" alt=\"\" width=\"600\" height=\"465\" srcset=\"https:\/\/i0.wp.com\/blogdalucianaoliveira.com.br\/blog\/wp-content\/uploads\/2026\/03\/IMG_9031.jpeg?w=980 980w, https:\/\/i0.wp.com\/blogdalucianaoliveira.com.br\/blog\/wp-content\/uploads\/2026\/03\/IMG_9031.jpeg?resize=300%2C233 300w, https:\/\/i0.wp.com\/blogdalucianaoliveira.com.br\/blog\/wp-content\/uploads\/2026\/03\/IMG_9031.jpeg?resize=768%2C596 768w, https:\/\/i0.wp.com\/blogdalucianaoliveira.com.br\/blog\/wp-content\/uploads\/2026\/03\/IMG_9031.jpeg?resize=387%2C300 387w\" sizes=\"auto, (max-width: 600px) 100vw, 600px\" \/><\/p>\n<p>Da assessoria &#8211; A comunidade ribeirinha do Baixo Madeira e a popula\u00e7\u00e3o em geral de Rond\u00f4nia est\u00e3o convidadas a participar da audi\u00eancia p\u00fablica \u2018Rio Madeira, as mudan\u00e7as clim\u00e1ticas e os grandes empreendimentos\u2019.<!--more--><\/p>\n<p>O evento ser\u00e1 no dia 18 de mar\u00e7o, \u00e0s 8h, na sede do Minist\u00e9rio P\u00fablico do Trabalho (MPT) em Porto Velho. O objetivo \u00e9 promover um debate p\u00fablico sobre os eventos clim\u00e1ticos extremos, como grandes enchentes e secas severas no Rio Madeira, seus impactos socioambientais e a governan\u00e7a da bacia hidrogr\u00e1fica. O evento vai reunir \u00f3rg\u00e3os p\u00fablicos e a popula\u00e7\u00e3o em geral, em especial, a comunidade ribeirinha do Baixo Madeira.<\/p>\n<p>A audi\u00eancia p\u00fablica \u00e9 organizada pelo Minist\u00e9rio P\u00fablico Federal (MPF), pelo MPT e pela Defensoria P\u00fablica da Uni\u00e3o (DPU). A ocasi\u00e3o tamb\u00e9m servir\u00e1 para a realiza\u00e7\u00e3o da primeira reuni\u00e3o do F\u00f3rum do Rio Madeira, com a participa\u00e7\u00e3o de lideran\u00e7as da comunidade ribeirinha, com o prop\u00f3sito de ser espa\u00e7o permanente de articula\u00e7\u00e3o social e institucional voltado para a prote\u00e7\u00e3o do Rio Madeira e para o fortalecimento da governan\u00e7a h\u00eddrica da bacia.<\/p>\n<p>O procurador da Rep\u00fablica Gabriel de Amorim, representante do MPF, explica que \u201co Rio Madeira \u00e9 um rio milenar, que merece todo o nosso respeito. Ele n\u00e3o \u00e9 apenas um corredor log\u00edstico. Ele \u00e9 fonte de alimenta\u00e7\u00e3o, com\u00e9rcio e ambiente para diversas popula\u00e7\u00f5es, fauna e flora\u201d. Segundo o procurador, \u00e9 preciso estabelecer medidas de mitiga\u00e7\u00e3o e de compensa\u00e7\u00e3o dos impactos causados pelos grandes empreendimentos \u2013 como hidrel\u00e9tricas, hidrovias e dragagem no ecossistema.<\/p>\n<p><b>Audi\u00eancia p\u00fablica \u2018Rio Madeira, as mudan\u00e7as clim\u00e1ticas e os grandes empreendimentos\u2019<br \/>\n<\/b><b>Quando:<\/b> 18 de mar\u00e7o de 2026, \u00e0s 8h<br \/>\n<b>Onde:<\/b> Sede do MPT \u2013 Avenida Presidente Dutra, 4055, Olaria, Porto Velho (RO)<br \/>\n<a href=\"https:\/\/www.mpf.mp.br\/o-mpf\/unidades\/pr-ro\/noticias\/edital-de-convocacao-de-audiencia-publica-01-2026.pdf\">Edital de convoca\u00e7\u00e3o da audi\u00eancia p\u00fablica<\/a><\/p>\n","protected":false},"excerpt":{"rendered":"<p>Da assessoria &#8211; A comunidade ribeirinha do Baixo Madeira e a popula\u00e7\u00e3o em geral de Rond\u00f4nia est\u00e3o convidadas a participar da audi\u00eancia p\u00fablica \u2018Rio Madeira, as mudan\u00e7as clim\u00e1ticas e os grandes empreendimentos\u2019.<\/p>\n","protected":false},"author":1,"featured_media":0,"comment_status":"closed","ping_status":"open","sticky":false,"template":"","format":"standard","meta":{"_exactmetrics_skip_tracking":false,"_exactmetrics_sitenote_active":false,"_exactmetrics_sitenote_note":"","_exactmetrics_sitenote_category":0,"jetpack_post_was_ever_published":false,"_jetpack_newsletter_access":"","_jetpack_dont_email_post_to_subs":false,"_jetpack_newsletter_tier_id":0,"_jetpack_memberships_contains_paywalled_content":false,"_jetpack_memberships_contains_paid_content":false,"footnotes":"","jetpack_publicize_message":"","jetpack_publicize_feature_enabled":true,"jetpack_social_post_already_shared":true,"jetpack_social_options":{"image_generator_settings":{"template":"highway","enabled":false},"version":2}},"categories":[1],"tags":[],"class_list":["post-38448","post","type-post","status-publish","format-standard","hentry","category-notas"],"jetpack_publicize_connections":[],"jetpack_sharing_enabled":true,"jetpack_featured_media_url":"","jetpack_shortlink":"https:\/\/wp.me\/p7wKYW-a08","jetpack-related-posts":[],"_links":{"self":[{"href":"http:\/\/blogdalucianaoliveira.com.br\/blog\/wp-json\/wp\/v2\/posts\/38448","targetHints":{"allow":["GET"]}}],"collection":[{"href":"http:\/\/blogdalucianaoliveira.com.br\/blog\/wp-json\/wp\/v2\/posts"}],"about":[{"href":"http:\/\/blogdalucianaoliveira.com.br\/blog\/wp-json\/wp\/v2\/types\/post"}],"author":[{"embeddable":true,"href":"http:\/\/blogdalucianaoliveira.com.br\/blog\/wp-json\/wp\/v2\/users\/1"}],"replies":[{"embeddable":true,"href":"http:\/\/blogdalucianaoliveira.com.br\/blog\/wp-json\/wp\/v2\/comments?post=38448"}],"version-history":[{"count":1,"href":"http:\/\/blogdalucianaoliveira.com.br\/blog\/wp-json\/wp\/v2\/posts\/38448\/revisions"}],"predecessor-version":[{"id":38450,"href":"http:\/\/blogdalucianaoliveira.com.br\/blog\/wp-json\/wp\/v2\/posts\/38448\/revisions\/38450"}],"wp:attachment":[{"href":"http:\/\/blogdalucianaoliveira.com.br\/blog\/wp-json\/wp\/v2\/media?parent=38448"}],"wp:term":[{"taxonomy":"category","embeddable":true,"href":"http:\/\/blogdalucianaoliveira.com.br\/blog\/wp-json\/wp\/v2\/categories?post=38448"},{"taxonomy":"post_tag","embeddable":true,"href":"http:\/\/blogdalucianaoliveira.com.br\/blog\/wp-json\/wp\/v2\/tags?post=38448"}],"curies":[{"name":"wp","href":"https:\/\/api.w.org\/{rel}","templated":true}]}}