{"id":38451,"date":"2026-03-09T20:07:16","date_gmt":"2026-03-10T00:07:16","guid":{"rendered":"https:\/\/blogdalucianaoliveira.com.br\/blog\/?p=38451"},"modified":"2026-03-09T20:07:16","modified_gmt":"2026-03-10T00:07:16","slug":"mulheres-estao-perdendo-o-direito-de-ir-e-vir-diz-amelinha-teles","status":"publish","type":"post","link":"http:\/\/blogdalucianaoliveira.com.br\/blog\/2026\/03\/09\/mulheres-estao-perdendo-o-direito-de-ir-e-vir-diz-amelinha-teles\/","title":{"rendered":"Mulheres est\u00e3o perdendo o direito de ir e vir, diz Amelinha Teles"},"content":{"rendered":"<p><img data-recalc-dims=\"1\" loading=\"lazy\" decoding=\"async\" data-attachment-id=\"38453\" data-permalink=\"http:\/\/blogdalucianaoliveira.com.br\/blog\/2026\/03\/09\/mulheres-estao-perdendo-o-direito-de-ir-e-vir-diz-amelinha-teles\/img_9103-2\/\" data-orig-file=\"https:\/\/i0.wp.com\/blogdalucianaoliveira.com.br\/blog\/wp-content\/uploads\/2026\/03\/IMG_9103.webp?fit=1170%2C700\" data-orig-size=\"1170,700\" data-comments-opened=\"0\" data-image-meta=\"{&quot;aperture&quot;:&quot;0&quot;,&quot;credit&quot;:&quot;&quot;,&quot;camera&quot;:&quot;&quot;,&quot;caption&quot;:&quot;&quot;,&quot;created_timestamp&quot;:&quot;0&quot;,&quot;copyright&quot;:&quot;&quot;,&quot;focal_length&quot;:&quot;0&quot;,&quot;iso&quot;:&quot;0&quot;,&quot;shutter_speed&quot;:&quot;0&quot;,&quot;title&quot;:&quot;&quot;,&quot;orientation&quot;:&quot;0&quot;}\" data-image-title=\"IMG_9103\" data-image-description=\"\" data-image-caption=\"\" data-medium-file=\"https:\/\/i0.wp.com\/blogdalucianaoliveira.com.br\/blog\/wp-content\/uploads\/2026\/03\/IMG_9103.webp?fit=300%2C179\" data-large-file=\"https:\/\/i0.wp.com\/blogdalucianaoliveira.com.br\/blog\/wp-content\/uploads\/2026\/03\/IMG_9103.webp?fit=600%2C359\" class=\"aligncenter size-full wp-image-38453\" src=\"https:\/\/i0.wp.com\/blogdalucianaoliveira.com.br\/blog\/wp-content\/uploads\/2026\/03\/IMG_9103.webp?resize=600%2C359\" alt=\"\" width=\"600\" height=\"359\" srcset=\"https:\/\/i0.wp.com\/blogdalucianaoliveira.com.br\/blog\/wp-content\/uploads\/2026\/03\/IMG_9103.webp?w=1170 1170w, https:\/\/i0.wp.com\/blogdalucianaoliveira.com.br\/blog\/wp-content\/uploads\/2026\/03\/IMG_9103.webp?resize=300%2C179 300w, https:\/\/i0.wp.com\/blogdalucianaoliveira.com.br\/blog\/wp-content\/uploads\/2026\/03\/IMG_9103.webp?resize=1024%2C613 1024w, https:\/\/i0.wp.com\/blogdalucianaoliveira.com.br\/blog\/wp-content\/uploads\/2026\/03\/IMG_9103.webp?resize=768%2C459 768w, https:\/\/i0.wp.com\/blogdalucianaoliveira.com.br\/blog\/wp-content\/uploads\/2026\/03\/IMG_9103.webp?resize=501%2C300 501w\" sizes=\"auto, (max-width: 600px) 100vw, 600px\" \/><\/p>\n<p>Viol\u00eancia crescente causa medo e desafia medidas protetivas<!--more--><\/p>\n<p>Ag\u00eancia Brasil &#8211; \u201cN\u00f3s estamos perdendo o direito de ir e vir, esse direito fundamental que est\u00e1 l\u00e1 na Constitui\u00e7\u00e3o\u201d. A declara\u00e7\u00e3o da jornalista e escritora Maria Am\u00e9lia de Almeida Teles, militante feminista da Uni\u00e3o de Mulheres de S\u00e3o Paulo, denuncia a inseguran\u00e7a gerada pela atual viol\u00eancia contra mulheres no pa\u00eds, especialmente no estado de S\u00e3o Paulo, que tem batido recordes de feminic\u00eddio.<img data-recalc-dims=\"1\" decoding=\"async\" src=\"https:\/\/i0.wp.com\/agenciabrasil.ebc.com.br\/ebc.png?w=600&#038;ssl=1\" \/><img data-recalc-dims=\"1\" decoding=\"async\" src=\"https:\/\/i0.wp.com\/agenciabrasil.ebc.com.br\/ebc.gif?w=600&#038;ssl=1\" \/><\/p>\n<p><a href=\"https:\/\/agenciabrasil.ebc.com.br\/geral\/noticia\/2026-01\/estado-de-sao-paulo-registra-recorde-de-feminicidios-em-2025\" target=\"_blank\" rel=\"noopener\">Em 2025, o estado registrou o maior n\u00famero de v\u00edtimas de feminic\u00eddio desde o in\u00edcio da s\u00e9rie hist\u00f3rica, em 2018<\/a>. <strong>Foram\u00a0270 assassinatos contra mulheres por viol\u00eancia de g\u00eanero, o que representa um aumento de 6,7% em rela\u00e7\u00e3o a 2024, quando foram\u00a0253 casos.\u00a0<\/strong><\/p>\n<blockquote><p>\u201cFicamos com medo de sair. Estamos at\u00e9 fazendo grupos para sair, porque, sozinha, est\u00e1 dif\u00edcil\u201d, acrescentou.<\/p><\/blockquote>\n<p>Amelinha, como \u00e9\u00a0conhecida, participou, na \u00faltima sexta-feira (6), da Audi\u00eancia P\u00fablica Viol\u00eancia Dom\u00e9stica e Familiar contra a Mulher, realizada pela Promotoria de Justi\u00e7a de Enfrentamento \u00e0 Viol\u00eancia Dom\u00e9stica da Capital, do Minist\u00e9rio P\u00fablico de S\u00e3o Paulo (MPSP).<\/p>\n<p>Ela citou a pesquisa <em>Viver nas Cidades: Mulheres<\/em>, realizada em dez capitais brasileiras pelo Instituto Cidades Sustent\u00e1veis e pela Ipsos-Ipec. <a href=\"https:\/\/agenciabrasil.ebc.com.br\/direitos-humanos\/noticia\/2026-03\/sete-em-cada-dez-mulheres-relatam-ja-terem-sofrido-assedio-diz-estudo\" target=\"_blank\" rel=\"noopener\">O resultado mostrou que sete em cada dez mulheres relataram que j\u00e1 sofreram algum tipo de ass\u00e9dio\u00a0moral ou sexual<\/a>.<\/p>\n<p>\u201cLembro que, h\u00e1 20 anos, \u2500 a Lei Maria da Penha est\u00e1 fazendo 20 anos \u2500 a gente falava assim: agora a mulher\u00a0que denunciar, que procurar os servi\u00e7os,\u00a0n\u00e3o vai ser morta, porque vai ter prote\u00e7\u00e3o, tem medidas concretas para evitar essa morte\u201d, relatou Amelinha. No entanto, ela lamenta que esse n\u00e3o \u00e9 o cen\u00e1rio atual no contexto da viol\u00eancia contra a mulher.<\/p>\n<h2>Prote\u00e7\u00e3o insuficiente<\/h2>\n<p>A ativista\u00a0aponta que\u00a0mesmo as mulheres que t\u00eam medidas protetivas deferidas pela Justi\u00e7a\u00a0est\u00e3o morrendo. <strong>Uma em cada cinco v\u00edtimas de feminic\u00eddio na cidade de S\u00e3o Paulo (21,7%) tinha medida protetiva<\/strong>, segundo levantamento do F\u00f3rum Brasileiro de Seguran\u00e7a P\u00fablica (FBSP), divulgado na semana passada.<\/p>\n<p>De setembro de 2023 a mar\u00e7o de 2025, foram registradas 83 v\u00edtimas na capital paulista, das quais 18 tinham obtido medida protetiva urgente (MPU).<\/p>\n<p><a href=\"https:\/\/agenciabrasil.ebc.com.br\/direitos-humanos\/noticia\/2026-03\/vitimas-de-feminicidio-em-sp-aumentaram-96-no-estado-em-quatro-anos\" target=\"_blank\" rel=\"noopener\">Considerando o total de 1.127 feminic\u00eddios analisados pelo FBSP\u00a0em 16 unidades da federa\u00e7\u00e3o, 148 mulheres (13,1%) foram mortas apesar da MPU vigente<\/a>.<\/p>\n<p>\u201cEst\u00e1 faltando fiscaliza\u00e7\u00e3o, acompanhamento.\u00a0Tem que ter um servi\u00e7o qualificado, com pessoal qualificado para poder atender a essa mulher e acompanhar cada caso\u201d, disse Amelinha.<\/p>\n<p>A jornalista denunciou ainda o isolamento do movimento feminista pelo poder p\u00fablico no contexto do combate \u00e0 viol\u00eancia de g\u00eanero. \u201cEst\u00e1 faltando democracia nesse estado e nessa cidade\u201d, disse.<\/p>\n<p>\u201cAs mulheres est\u00e3o com medo de procurar os servi\u00e7os.\u00a0Elas falam pra gente, porque os servi\u00e7os est\u00e3o sucateados, com pouqu\u00edssimos funcion\u00e1rios frente \u00e0 demanda. Eu sou militante do movimento social, eu trago aqui essas preocupa\u00e7\u00f5es para fazer coer\u00eancia com o objetivo dessa audi\u00eancia, que \u00e9 ouvir a sociedade civil organizada\u201d, ressaltou.<\/p>\n<p>A<strong> Ag\u00eancia Brasil<\/strong> pediu posicionamento ao governo de S\u00e3o Paulo e n\u00e3o teve retorno at\u00e9 o fechamento desta reportagem.<\/p>\n","protected":false},"excerpt":{"rendered":"<p>Viol\u00eancia crescente causa medo e desafia medidas protetivas<\/p>\n","protected":false},"author":1,"featured_media":0,"comment_status":"closed","ping_status":"open","sticky":false,"template":"","format":"standard","meta":{"_exactmetrics_skip_tracking":false,"_exactmetrics_sitenote_active":false,"_exactmetrics_sitenote_note":"","_exactmetrics_sitenote_category":0,"jetpack_post_was_ever_published":false,"_jetpack_newsletter_access":"","_jetpack_dont_email_post_to_subs":false,"_jetpack_newsletter_tier_id":0,"_jetpack_memberships_contains_paywalled_content":false,"_jetpack_memberships_contains_paid_content":false,"footnotes":"","jetpack_publicize_message":"","jetpack_publicize_feature_enabled":true,"jetpack_social_post_already_shared":true,"jetpack_social_options":{"image_generator_settings":{"template":"highway","enabled":false},"version":2}},"categories":[1],"tags":[],"class_list":["post-38451","post","type-post","status-publish","format-standard","hentry","category-notas"],"jetpack_publicize_connections":[],"jetpack_sharing_enabled":true,"jetpack_featured_media_url":"","jetpack_shortlink":"https:\/\/wp.me\/p7wKYW-a0b","jetpack-related-posts":[],"_links":{"self":[{"href":"http:\/\/blogdalucianaoliveira.com.br\/blog\/wp-json\/wp\/v2\/posts\/38451","targetHints":{"allow":["GET"]}}],"collection":[{"href":"http:\/\/blogdalucianaoliveira.com.br\/blog\/wp-json\/wp\/v2\/posts"}],"about":[{"href":"http:\/\/blogdalucianaoliveira.com.br\/blog\/wp-json\/wp\/v2\/types\/post"}],"author":[{"embeddable":true,"href":"http:\/\/blogdalucianaoliveira.com.br\/blog\/wp-json\/wp\/v2\/users\/1"}],"replies":[{"embeddable":true,"href":"http:\/\/blogdalucianaoliveira.com.br\/blog\/wp-json\/wp\/v2\/comments?post=38451"}],"version-history":[{"count":2,"href":"http:\/\/blogdalucianaoliveira.com.br\/blog\/wp-json\/wp\/v2\/posts\/38451\/revisions"}],"predecessor-version":[{"id":38454,"href":"http:\/\/blogdalucianaoliveira.com.br\/blog\/wp-json\/wp\/v2\/posts\/38451\/revisions\/38454"}],"wp:attachment":[{"href":"http:\/\/blogdalucianaoliveira.com.br\/blog\/wp-json\/wp\/v2\/media?parent=38451"}],"wp:term":[{"taxonomy":"category","embeddable":true,"href":"http:\/\/blogdalucianaoliveira.com.br\/blog\/wp-json\/wp\/v2\/categories?post=38451"},{"taxonomy":"post_tag","embeddable":true,"href":"http:\/\/blogdalucianaoliveira.com.br\/blog\/wp-json\/wp\/v2\/tags?post=38451"}],"curies":[{"name":"wp","href":"https:\/\/api.w.org\/{rel}","templated":true}]}}