{"id":38455,"date":"2026-03-09T20:12:40","date_gmt":"2026-03-10T00:12:40","guid":{"rendered":"https:\/\/blogdalucianaoliveira.com.br\/blog\/?p=38455"},"modified":"2026-03-09T20:12:40","modified_gmt":"2026-03-10T00:12:40","slug":"quanta-agua-e-consumida-pelas-ia-pesquisadora-alerta-que-dados-ainda-sao-vagos","status":"publish","type":"post","link":"http:\/\/blogdalucianaoliveira.com.br\/blog\/2026\/03\/09\/quanta-agua-e-consumida-pelas-ia-pesquisadora-alerta-que-dados-ainda-sao-vagos\/","title":{"rendered":"Quanta \u00e1gua \u00e9 consumida pelas IA? Pesquisadora alerta que dados ainda s\u00e3o vagos"},"content":{"rendered":"<p><img data-recalc-dims=\"1\" loading=\"lazy\" decoding=\"async\" data-attachment-id=\"38456\" data-permalink=\"http:\/\/blogdalucianaoliveira.com.br\/blog\/2026\/03\/09\/quanta-agua-e-consumida-pelas-ia-pesquisadora-alerta-que-dados-ainda-sao-vagos\/img_9104-2\/\" data-orig-file=\"https:\/\/i0.wp.com\/blogdalucianaoliveira.com.br\/blog\/wp-content\/uploads\/2026\/03\/IMG_9104.webp?fit=1170%2C700\" data-orig-size=\"1170,700\" data-comments-opened=\"0\" data-image-meta=\"{&quot;aperture&quot;:&quot;0&quot;,&quot;credit&quot;:&quot;&quot;,&quot;camera&quot;:&quot;&quot;,&quot;caption&quot;:&quot;&quot;,&quot;created_timestamp&quot;:&quot;0&quot;,&quot;copyright&quot;:&quot;&quot;,&quot;focal_length&quot;:&quot;0&quot;,&quot;iso&quot;:&quot;0&quot;,&quot;shutter_speed&quot;:&quot;0&quot;,&quot;title&quot;:&quot;&quot;,&quot;orientation&quot;:&quot;0&quot;}\" data-image-title=\"IMG_9104\" data-image-description=\"\" data-image-caption=\"\" data-medium-file=\"https:\/\/i0.wp.com\/blogdalucianaoliveira.com.br\/blog\/wp-content\/uploads\/2026\/03\/IMG_9104.webp?fit=300%2C179\" data-large-file=\"https:\/\/i0.wp.com\/blogdalucianaoliveira.com.br\/blog\/wp-content\/uploads\/2026\/03\/IMG_9104.webp?fit=600%2C359\" class=\"aligncenter size-full wp-image-38456\" src=\"https:\/\/i0.wp.com\/blogdalucianaoliveira.com.br\/blog\/wp-content\/uploads\/2026\/03\/IMG_9104.webp?resize=600%2C359\" alt=\"\" width=\"600\" height=\"359\" srcset=\"https:\/\/i0.wp.com\/blogdalucianaoliveira.com.br\/blog\/wp-content\/uploads\/2026\/03\/IMG_9104.webp?w=1170 1170w, https:\/\/i0.wp.com\/blogdalucianaoliveira.com.br\/blog\/wp-content\/uploads\/2026\/03\/IMG_9104.webp?resize=300%2C179 300w, https:\/\/i0.wp.com\/blogdalucianaoliveira.com.br\/blog\/wp-content\/uploads\/2026\/03\/IMG_9104.webp?resize=1024%2C613 1024w, https:\/\/i0.wp.com\/blogdalucianaoliveira.com.br\/blog\/wp-content\/uploads\/2026\/03\/IMG_9104.webp?resize=768%2C459 768w, https:\/\/i0.wp.com\/blogdalucianaoliveira.com.br\/blog\/wp-content\/uploads\/2026\/03\/IMG_9104.webp?resize=501%2C300 501w\" sizes=\"auto, (max-width: 600px) 100vw, 600px\" \/><\/p>\n<h2 class=\"elementor-heading-title elementor-size-default\">Empresas n\u00e3o divulgam dados muito precisos sobre o consumo de recursos naturais em data centers, diz Lilian Berton<\/h2>\n<p><!--more-->Brasil de Fato &#8211; As informa\u00e7\u00f5es sobre o volume de \u00e1gua que \u00e9 utilizado no uso de ferramentas de <a href=\"https:\/\/www.brasildefato.com.br\/2026\/02\/26\/vamos-falar-de-inteligencia-artificial\/\" data-type=\"link\" data-id=\"https:\/\/www.brasildefato.com.br\/2026\/02\/26\/vamos-falar-de-inteligencia-artificial\/\">Intelig\u00eancia Artificial <\/a>deveria ser feito de forma mais transparente por parte das empresas donas dos data centers que armazenam fisicamente este tipo de servi\u00e7o. \u00c9 o que defende Lilian Berton, professora adjunta no Instituto de Ci\u00eancia e Tecnologia (ICT) da Universidade Federal de S\u00e3o Paulo (Unifesp).<\/p>\n<p>Em entrevista ao <a href=\"https:\/\/www.brasildefato.com.br\/programas\/bem-viver\/\" data-type=\"link\" data-id=\"https:\/\/www.brasildefato.com.br\/programas\/bem-viver\/\"><em>Conversa Bem Viver<\/em><\/a>, a pesquisadora na \u00e1rea de tecnologia falou sobre os impactos da utiliza\u00e7\u00e3o de recursos naturais, como a \u00e1gua, para a manuten\u00e7\u00e3o de grandes infraestruturas de empresas de IA.\u00a0Para ela, mais que saber a quantidade de \u00e1gua que serve para o resfriamento do sistema de m\u00e1quinas que operam a IA, \u00e9 importante tamb\u00e9m pensar na forma de tratamento qu\u00edmico dessa \u00e1gua, que em dado momento \u00e9 reintroduzida ao meio ambiente e pode n\u00e3o estar pr\u00f3pria para consumo.<\/p>\n<p>Segundo a pesquisadora, um dos caminhos mais vi\u00e1veis para termos menos impactos ambientais da tecnologia, seria a cria\u00e7\u00e3o de <a href=\"https:\/\/www.brasildefato.com.br\/2025\/06\/12\/a-inteligencia-artificial-ja-e-regulada-so-que-nao-por-voce\/\" data-type=\"link\" data-id=\"https:\/\/www.brasildefato.com.br\/2025\/06\/12\/a-inteligencia-artificial-ja-e-regulada-so-que-nao-por-voce\/\">regulamenta\u00e7\u00f5es<\/a>, Para isso ela entende que a mobiliza\u00e7\u00e3o social \u00e9 importante. \u201cCabe \u00e0 popula\u00e7\u00e3o cobrar a cria\u00e7\u00e3o de leis. No Brasil, a gente n\u00e3o tem quase nenhuma regulamenta\u00e7\u00e3o de uso de software de IA. A gente precisa disso para trazer uma tranquilidade de saber que os recursos e essas novas tecnologias est\u00e3o sendo usadas adequadamente no nosso pa\u00eds\u201d, disse Berton.<\/p>\n<h4 class=\"wp-block-heading\">Confira a entrevista na \u00edntegra<\/h4>\n<p><strong>Brasil de Fato: No contexto da Intelig\u00eancia Artificial, gostaria que voc\u00ea pudesse come\u00e7ar explicando o que s\u00e3o os data centers e por que dependemos deles?<\/strong><\/p>\n<p><strong>Lilian Berton:<\/strong> Um data center \u00e9 um pr\u00e9dio, uma constru\u00e7\u00e3o f\u00edsica em um local, e ele possui uma infraestrutura de gerenciamento de equipamentos de hardware, software e redes. Nesses data centers, tanto do Brasil quanto dos outros pa\u00edses, costuma ter v\u00e1rios servidores, armazenados l\u00e1 dentro. E o que que \u00e9 um servidor? \u00c9 como se fosse um computador mais potente do que esses que a gente tem nas nossas casas. Ele tem uma capacidade de processamento maior, ele tem mais mem\u00f3ria e placas de v\u00eddeo. Ent\u00e3o ele tem todos os componentes mais elaborados ou com mais poder computacional do que um simples computador que a gente tem na nossa casa.<\/p>\n<p>E esses data centers v\u00e3o ter centenas ou milhares desses computadores. E a estrutura f\u00edsica pode ser na forma de rack, como se fosse gavetas, onde voc\u00ea vai colocando todos os computadores, torres, que a\u00ed lembra um pouco esses desktop antigos, ent\u00e3o tem v\u00e1rios formatos.<\/p>\n<p>E eles precisam ter toda uma infraestrutura para conservar isso da melhor forma poss\u00edvel. E o que que essa infraestrutura precisa ter? O resfriamento, porque os computadores aquecem bastante,<\/p>\n<p>Al\u00e9m disso, uma infraestrutura energ\u00e9tica muito bem organizada. Eles tamb\u00e9m consomem energia e precisa ter tamb\u00e9m geradores, porque eles nunca podem desligar. Eles funcionam 24 horas por dia, sete dias por semana, a todo momento. Ent\u00e3o, voc\u00ea precisa garantir energia 100% do tempo. E voc\u00ea tamb\u00e9m precisa de uma estrutura de rede.<\/p>\n<p>Porque todos esses computadores est\u00e3o conectados por cabos de redes que v\u00e3o conectar a todos n\u00f3s usu\u00e1rios desses servi\u00e7os. Basicamente, um data center \u00e9 composto por esses componentes principais a\u00ed que eu mencionei.<\/p>\n<p><strong>O consumo de \u00e1gua exacerbado que vem sendo pautado \u00e9 para resfriar todas essas m\u00e1quinas, \u00e9 isso?<\/strong><\/p>\n<p>Grande parte sim, \u00e9 para resfriar as m\u00e1quinas. \u00c9 poss\u00edvel resfriar as m\u00e1quinas de duas maneiras, por meio de ventiladores movidos por energia el\u00e9trica ou ent\u00e3o por meio de \u00e1gua. Mas de qualquer forma vai usar um recurso, seja eletricidade ou \u00e1gua.<\/p>\n<p>Muitos data centers est\u00e3o optando por fazer a maior parte do resfriamento por meio de \u00e1gua, Por isso que est\u00e1 sendo discutido esse consumo nos data centers tamb\u00e9m.<\/p>\n<p>Como \u00e9 que funciona esse resfriamento de \u00e1gua? Nos data centers passa um l\u00edquido especial, que vai circulando por eles, para tentar absorver o calor gerado. Esse l\u00edquido vai ser deslocado para uma outra regi\u00e3o, como se fosse uma cisterna, que vai resfriar esse l\u00edquido para que ele volte a circular. Boa parte dessa \u00e1gua que \u00e9 usada no resfriamento, evapora e retorna para o meio ambiente. Em alguns locais falam que cerca de 70%, 80% da \u00e1gua \u00e9 evaporada, s\u00f3 n\u00e3o se sabe exatamente quando.<\/p>\n<p>E aquele exato momento pode ser que essa \u00e1gua pudesse estar sendo necess\u00e1ria para abastecer uma cidade, no entanto, est\u00e1 abastecendo o data center, e at\u00e9 ela fazer todo o ciclo e voltar, pode ser que demore um tempo. No entanto, o problema maior n\u00e3o \u00e9 essa \u00e1gua que \u00e9 evaporada. Uma parte \u00e9 evaporada, uma parte se mant\u00e9m ali no reservat\u00f3rio. Essa parte que \u00e9 mantida come\u00e7a a concentrar muito mais minerais, e vai ficando mais pesada. Depois, essa \u00e1gua que fica \u00e9 reintroduzida tamb\u00e9m no ambiente e pode n\u00e3o estar t\u00e3o pr\u00f3pria para consumo, na forma que ela vai ser reintroduzida.<\/p>\n<p>Pode ser que as empresas coloquem alguns\u00a0 aditivos qu\u00edmicos nessa \u00e1gua para evitar a prolifera\u00e7\u00e3o de algas, de microorganismos, ent\u00e3o at\u00e9 que ponto esses aditivos qu\u00edmicos podem estar interferindo no consumo da \u00e1gua? Parte dela ficaria invi\u00e1vel ou precisaria de um certo tratamento para voltar a ser consumido pelas pessoas.<\/p>\n<p><strong>Porque essa \u00e1gua para o resfriamento precisa ser uma \u00e1gua pot\u00e1vel?<\/strong><\/p>\n<p>N\u00e3o precisa necessariamente ser \u00e1gua pot\u00e1vel. As empresas\u00a0 poderiam fazer um\u00a0 sistema de uso de \u00e1gua de chuva. No caso de utilizar uma \u00e1gua n\u00e3o pot\u00e1vel, elas teriam um custo de n\u00e3o deixar a \u00e1gua t\u00e3o polu\u00edda ou suja, porque pode danificar o pr\u00f3prio sistema. Essa \u00e1gua pode ter alguns componentes que tamb\u00e9m v\u00e3o danificar as tubula\u00e7\u00f5es. E \u00e9 como funciona o mundo capitalista, voc\u00ea quer minimizar seus custos, Ent\u00e3o \u00e9 mais f\u00e1cil pegar \u00e1gua que t\u00e1 vindo tratada l\u00e1 da torneira. Ent\u00e3o nem todas [as empresas] podem estar dispostas a fazer um sistema para captura, tratamento de \u00e1gua n\u00e3o pot\u00e1vel. Mas seria vi\u00e1vel, com certeza.<\/p>\n<p><strong>No Brasil com esses 160 data centers, j\u00e1 se tem uma ideia de quanto de \u00e1gua se utiliza fazendo o resfriamento e a manuten\u00e7\u00e3o desses equipamentos?\u00a0<\/strong><\/p>\n<p>N\u00e3o, n\u00e3o temos uma resposta precisa sobre isso. A maioria das empresas n\u00e3o divulgam dados muito precisos sobre o consumo. \u00c0s vezes elas divulgam alguns dados vagos.<\/p>\n<p>Sam Altman, que \u00e9 o CEO da OpenAI, j\u00e1 foi questionado sobre quanto o ChatGPT consome. \u00c0s vezes, ele responde que para cada quest\u00e3o que um usu\u00e1rio faz, consome uma gota. Mas pesquisadores de universidades que fizeram tamb\u00e9m aproxima\u00e7\u00f5es de consumo e acham que n\u00e3o \u00e9 ver\u00eddico esse consumo relatado pelo CEO da OpenAI. E que o consumo \u00e9 muito maior. J\u00e1 tiveram outras estimativas que falam que para cerca de 10 perguntas que voc\u00ea faz para uma LLM [Large Language Model], se consome meio litro de \u00e1gua.<\/p>\n<p>Mesmo por meio dessas aproxima\u00e7\u00f5es, a ideia que se tem \u00e9 que \u00e9 um consumo alto. N\u00e3o \u00e9 muito claro tamb\u00e9m o consumo por cada tipo de servi\u00e7o. Nesses data centers, h\u00e1 tanto a parte de IA sendo processada, como por exemplo essas LLM, tem tamb\u00e9m s\u00f3 hospedagem de sites e dados.<\/p>\n<p>Seria interessante discriminar o servi\u00e7o e como cada servi\u00e7o consome mais ou menos recurso. Mas eu acredito que provavelmente as ferramentas que usam IA s\u00e3o as que mais consomem, porque elas t\u00eam um custo computacional muito mais alto. Deveria ter mais transpar\u00eancia por parte das empresas para com a popula\u00e7\u00e3o.<\/p>\n<p><strong>N\u00f3s, como sociedade, precisamos de um desenvolvimento t\u00e3o acelerado de intelig\u00eancia artificial ou talvez a solu\u00e7\u00e3o seja entender que a gente n\u00e3o consegue acelerar tanto esse desenvolvimento, se ele significar o uso exacerbado dos nossos recursos minerais?<\/strong><\/p>\n<p>\u00c9 muito dif\u00edcil a gente frear o desenvolvimento. Voc\u00eas podem ver, por todas as tecnologias que foram sendo desenvolvidas, desde as primeiras revolu\u00e7\u00f5es industriais, o desenvolvimento do autom\u00f3vel, dos avi\u00f5es, tudo consome recursos naturais de alguma forma. E sempre tem algumas pessoas que v\u00e3o criticar, v\u00e3o falar que deveria ser tomado alguma medida, s\u00f3 que no mundo que a gente vive hoje \u00e9 muito dif\u00edcil controlar isso.<\/p>\n<p>Em parte, por causa das pol\u00edticas, de como a sociedade hoje funciona e parte tamb\u00e9m pela comodidade que as tecnologias trazem para as pessoas. Ent\u00e3o, \u00e9 dif\u00edcil as pessoas quererem abrir m\u00e3o da comodidade que elas t\u00eam, mesmo sabendo que essa comodidade tem consequ\u00eancias. E assim \u00e9 com a intelig\u00eancia artificial e com essas ferramentas computacionais. Elas trazem comodidade para as pessoas, elas come\u00e7am a fazer tanto parte do seu dia a dia, que voc\u00ea nem se d\u00e1 conta, e quando voc\u00ea percebe toda sua vida est\u00e1 girando em torno desses servi\u00e7os, dos algoritmos e de tudo que ela t\u00e1 realizando.<\/p>\n<p>O que deveria ser buscado, debatido, cobrado, s\u00e3o leis, regulamenta\u00e7\u00f5es, cobrar dos pol\u00edticos que regulamentem ou que cobrem das empresas o controle dos recursos naturais. Acho que isso \u00e9 mais vi\u00e1vel de lutar do que \u201cvamos parar de usar tecnologia\u201d.<\/p>\n<p><strong>De uma maneira mais direta: quais medidas a gente precisa cobrar? E aproveitando, queria que trouxesse se h\u00e1 algum pa\u00eds que j\u00e1 tem avan\u00e7os nesse sistema de regulamenta\u00e7\u00e3o de IA.O Brasil tem condi\u00e7\u00f5es de ser pioneiro nesse sentido?<\/strong><\/p>\n<p>O Brasil, ele tem um certo interesse, de instala\u00e7\u00e3o de data centers,\u00a0 por essa promessa de energia renov\u00e1vel que o Brasil tem.\u00a0 N\u00f3s temos bastante energia e\u00f3lica, energia solar e mesmo essas energias renov\u00e1veis, elas tamb\u00e9m tem um certo impacto ambiental, mas muitos data center s\u00e3o instalados com essa promessa que est\u00e3o usando essas fontes renov\u00e1veis.<\/p>\n<p>Na Europa, onde \u00e9 um ambiente mais frio, o calor que \u00e9 gerado nos data centers, eles n\u00e3o necessariamente tentam resfriar como aqui, mas eles canalizam esse calor pro aquecimento das resid\u00eancias. Achei uma solu\u00e7\u00e3o interessante. Em vez de voc\u00ea tentar resfriar, voc\u00ea distribui o calor gerado para aquecer as resid\u00eancias e poupar energia de aquecimento.<\/p>\n<p>Acredito que tem que ser pensado alguma solu\u00e7\u00e3o que seja seja fact\u00edvel para o nosso pa\u00eds. Certamente aqui aproveitar o calor, n\u00e3o sei se faz sentido, porque o nosso pa\u00eds \u00e9 tropical, mas talvez pensar mais o uso da \u00e1gua, usar \u00e1gua de chuva ou pensar uma forma de tratar da \u00e1gua que \u00e9 utilizada. Ou ainda, essas pr\u00f3prias empresas instalarem sistemas pr\u00f3prios de energia el\u00e9trica, para n\u00e3o usarem recursos do pa\u00eds, terem uma planta de energia solar pr\u00f3pria, por exemplo. Isso tudo j\u00e1 iria reduzir os impactos, para popula\u00e7\u00e3o do Brasil, j\u00e1 que n\u00f3s ter\u00edamos que dividir a nossa energia com essas empresas ou a \u00e1gua de consumo das cidades com essas empresas.<\/p>\n<p>O Brasil n\u00e3o costuma ser muito pioneiro nessas leis de regulamenta\u00e7\u00e3o, mas n\u00f3s j\u00e1 estamos come\u00e7ando a ver algumas. Tem um PL [projeto de lei] que j\u00e1 passou no Senado, acho que ano passado, de regulamenta\u00e7\u00e3o de IA no Brasil e agora ela seguiu para outra inst\u00e2ncia e precisa ser votada. Tamb\u00e9m cabe a popula\u00e7\u00e3o, cobrar a cria\u00e7\u00e3o de leis. No Brasil a gente n\u00e3o tem quase nenhuma regulamenta\u00e7\u00e3o de uso de software de IA. A gente precisa disso para trazer uma tranquilidade de saber que os recursos e essas novas tecnologias est\u00e3o sendo usadas adequadamente no nosso pa\u00eds.<\/p>\n","protected":false},"excerpt":{"rendered":"<p>Empresas n\u00e3o divulgam dados muito precisos sobre o consumo de recursos naturais em data centers, diz Lilian Berton<\/p>\n","protected":false},"author":1,"featured_media":0,"comment_status":"closed","ping_status":"open","sticky":false,"template":"","format":"standard","meta":{"_exactmetrics_skip_tracking":false,"_exactmetrics_sitenote_active":false,"_exactmetrics_sitenote_note":"","_exactmetrics_sitenote_category":0,"jetpack_post_was_ever_published":false,"_jetpack_newsletter_access":"","_jetpack_dont_email_post_to_subs":false,"_jetpack_newsletter_tier_id":0,"_jetpack_memberships_contains_paywalled_content":false,"_jetpack_memberships_contains_paid_content":false,"footnotes":"","jetpack_publicize_message":"","jetpack_publicize_feature_enabled":true,"jetpack_social_post_already_shared":true,"jetpack_social_options":{"image_generator_settings":{"template":"highway","enabled":false},"version":2}},"categories":[1],"tags":[],"class_list":["post-38455","post","type-post","status-publish","format-standard","hentry","category-notas"],"jetpack_publicize_connections":[],"jetpack_sharing_enabled":true,"jetpack_featured_media_url":"","jetpack_shortlink":"https:\/\/wp.me\/p7wKYW-a0f","jetpack-related-posts":[],"_links":{"self":[{"href":"http:\/\/blogdalucianaoliveira.com.br\/blog\/wp-json\/wp\/v2\/posts\/38455","targetHints":{"allow":["GET"]}}],"collection":[{"href":"http:\/\/blogdalucianaoliveira.com.br\/blog\/wp-json\/wp\/v2\/posts"}],"about":[{"href":"http:\/\/blogdalucianaoliveira.com.br\/blog\/wp-json\/wp\/v2\/types\/post"}],"author":[{"embeddable":true,"href":"http:\/\/blogdalucianaoliveira.com.br\/blog\/wp-json\/wp\/v2\/users\/1"}],"replies":[{"embeddable":true,"href":"http:\/\/blogdalucianaoliveira.com.br\/blog\/wp-json\/wp\/v2\/comments?post=38455"}],"version-history":[{"count":1,"href":"http:\/\/blogdalucianaoliveira.com.br\/blog\/wp-json\/wp\/v2\/posts\/38455\/revisions"}],"predecessor-version":[{"id":38457,"href":"http:\/\/blogdalucianaoliveira.com.br\/blog\/wp-json\/wp\/v2\/posts\/38455\/revisions\/38457"}],"wp:attachment":[{"href":"http:\/\/blogdalucianaoliveira.com.br\/blog\/wp-json\/wp\/v2\/media?parent=38455"}],"wp:term":[{"taxonomy":"category","embeddable":true,"href":"http:\/\/blogdalucianaoliveira.com.br\/blog\/wp-json\/wp\/v2\/categories?post=38455"},{"taxonomy":"post_tag","embeddable":true,"href":"http:\/\/blogdalucianaoliveira.com.br\/blog\/wp-json\/wp\/v2\/tags?post=38455"}],"curies":[{"name":"wp","href":"https:\/\/api.w.org\/{rel}","templated":true}]}}