{"id":38458,"date":"2026-03-09T20:17:10","date_gmt":"2026-03-10T00:17:10","guid":{"rendered":"https:\/\/blogdalucianaoliveira.com.br\/blog\/?p=38458"},"modified":"2026-03-09T20:17:10","modified_gmt":"2026-03-10T00:17:10","slug":"brasil-bate-recorde-com-298-mil-empresas-exportadoras","status":"publish","type":"post","link":"http:\/\/blogdalucianaoliveira.com.br\/blog\/2026\/03\/09\/brasil-bate-recorde-com-298-mil-empresas-exportadoras\/","title":{"rendered":"Brasil bate recorde com 29,8 mil empresas exportadoras"},"content":{"rendered":"<p><img data-recalc-dims=\"1\" loading=\"lazy\" decoding=\"async\" data-attachment-id=\"38459\" data-permalink=\"http:\/\/blogdalucianaoliveira.com.br\/blog\/2026\/03\/09\/brasil-bate-recorde-com-298-mil-empresas-exportadoras\/img_9105-2\/\" data-orig-file=\"https:\/\/i0.wp.com\/blogdalucianaoliveira.com.br\/blog\/wp-content\/uploads\/2026\/03\/IMG_9105.webp?fit=500%2C240\" data-orig-size=\"500,240\" data-comments-opened=\"0\" data-image-meta=\"{&quot;aperture&quot;:&quot;0&quot;,&quot;credit&quot;:&quot;&quot;,&quot;camera&quot;:&quot;&quot;,&quot;caption&quot;:&quot;&quot;,&quot;created_timestamp&quot;:&quot;0&quot;,&quot;copyright&quot;:&quot;&quot;,&quot;focal_length&quot;:&quot;0&quot;,&quot;iso&quot;:&quot;0&quot;,&quot;shutter_speed&quot;:&quot;0&quot;,&quot;title&quot;:&quot;&quot;,&quot;orientation&quot;:&quot;0&quot;}\" data-image-title=\"IMG_9105\" data-image-description=\"\" data-image-caption=\"\" data-medium-file=\"https:\/\/i0.wp.com\/blogdalucianaoliveira.com.br\/blog\/wp-content\/uploads\/2026\/03\/IMG_9105.webp?fit=300%2C144\" data-large-file=\"https:\/\/i0.wp.com\/blogdalucianaoliveira.com.br\/blog\/wp-content\/uploads\/2026\/03\/IMG_9105.webp?fit=500%2C240\" class=\"aligncenter size-full wp-image-38459\" src=\"https:\/\/i0.wp.com\/blogdalucianaoliveira.com.br\/blog\/wp-content\/uploads\/2026\/03\/IMG_9105.webp?resize=500%2C240\" alt=\"\" width=\"500\" height=\"240\" srcset=\"https:\/\/i0.wp.com\/blogdalucianaoliveira.com.br\/blog\/wp-content\/uploads\/2026\/03\/IMG_9105.webp?w=500 500w, https:\/\/i0.wp.com\/blogdalucianaoliveira.com.br\/blog\/wp-content\/uploads\/2026\/03\/IMG_9105.webp?resize=300%2C144 300w\" sizes=\"auto, (max-width: 500px) 100vw, 500px\" \/><\/p>\n<h2 class=\"article__lead\">Relat\u00f3rio do MDIC aponta aumento de 3,4% no n\u00famero de empresas exportadoras e crescimento em todas as regi\u00f5es do pa\u00eds em 2025<\/h2>\n<p><!--more--><b>247 &#8211;<\/b> O Brasil alcan\u00e7ou, em 2025, o maior n\u00famero de empresas exportadoras desde o in\u00edcio da s\u00e9rie hist\u00f3rica iniciada em 2008. Ao todo, o pa\u00eds passou a contar com 29.818 companhias vendendo produtos ao exterior, um avan\u00e7o de 971 empresas em rela\u00e7\u00e3o ao ano anterior, o que representa crescimento de 3,4%.<\/p>\n<p>De acordo com o Relat\u00f3rio Anual de Com\u00e9rcio Exterior por Porte de Empresas, elaborado pelo Minist\u00e9rio do Desenvolvimento, Ind\u00fastria, Com\u00e9rcio e Servi\u00e7os (MDIC), o aumento ocorreu em todos os portes empresariais e em todas as regi\u00f5es do pa\u00eds.<\/p>\n<h2>Recorde hist\u00f3rico de empresas exportadoras<\/h2>\n<p>Entre as 971 novas empresas exportadoras registradas em 2025, a maioria pertence ao grupo de companhias m\u00e9dias e grandes. Ao todo, 592 empresas desse porte passaram a exportar, representando 59,6% do total de novos participantes no com\u00e9rcio exterior.<\/p>\n<p>Com isso, o n\u00famero de empresas m\u00e9dias e grandes exportadoras chegou a 17.764 no pa\u00eds.<\/p>\n<p>No grupo formado por microempresas, pequenas empresas e microempreendedores individuais (MEIs), outras 390 companhias passaram a atuar no com\u00e9rcio exterior entre 2024 e 2025. Esse segmento soma atualmente 11.822 exportadoras.<\/p>\n<p>Dentro desse conjunto, o crescimento das microempresas chamou aten\u00e7\u00e3o. Foram 242 novas exportadoras desse porte, elevando o total para cerca de 6 mil empresas.<\/p>\n<p>O vice-presidente e ministro do Desenvolvimento, Ind\u00fastria, Com\u00e9rcio e Servi\u00e7os, Geraldo Alckmin, destacou o resultado obtido pelo pa\u00eds mesmo diante de desafios no cen\u00e1rio internacional.<\/p>\n<p>&#8220;Apesar de um cen\u00e1rio internacional desafiador, o Brasil alcan\u00e7ou, em 2025, recorde hist\u00f3rico nas exporta\u00e7\u00f5es e na corrente de com\u00e9rcio. Agora anunciamos mais um marco: o maior n\u00famero de empresas exportadoras da s\u00e9rie hist\u00f3rica. Esse resultado demonstra que a agenda de com\u00e9rcio exterior conduzida pelo governo tem gerado bons resultados&#8221;, afirmou.<\/p>\n<h2>Ind\u00fastria lidera base exportadora brasileira<\/h2>\n<p>A ind\u00fastria de transforma\u00e7\u00e3o segue concentrando o maior n\u00famero de empresas exportadoras no pa\u00eds. Em 2025, o setor reuniu 27.013 empresas vendendo ao exterior, n\u00famero 838 superior ao registrado no ano anterior.<\/p>\n<p>Dentro da ind\u00fastria, tanto empresas de maior porte quanto neg\u00f3cios menores ampliaram sua presen\u00e7a no com\u00e9rcio internacional. O n\u00famero de companhias m\u00e9dias e grandes cresceu em 517, enquanto as empresas de menor porte registraram aumento de 321.<\/p>\n<h2>Expans\u00e3o ocorre em todas as regi\u00f5es do pa\u00eds<\/h2>\n<p>O levantamento mostra ainda que todas as regi\u00f5es brasileiras ampliaram sua base exportadora ao longo de 2025.<\/p>\n<p>O Sudeste liderou o crescimento, com a entrada de 549 novas empresas exportadoras. Em seguida aparece o Sul, que registrou aumento de 394 empresas.<\/p>\n<p>As demais regi\u00f5es tamb\u00e9m apresentaram expans\u00e3o: Centro-Oeste (+33), Nordeste (+31) e Norte (+23).<\/p>\n<p>Considerando apenas as empresas de menor porte, o Centro-Oeste apresentou o maior crescimento relativo, com alta de 8,6%. O n\u00famero de exportadoras passou de 395 para 429 empresas.<\/p>\n<p>Em termos absolutos, por\u00e9m, o maior avan\u00e7o ocorreu no Sudeste, que ganhou 178 novas empresas desse porte.<\/p>\n<h2>Importa\u00e7\u00f5es tamb\u00e9m avan\u00e7am em 2025<\/h2>\n<p>Al\u00e9m do crescimento das exporta\u00e7\u00f5es, o n\u00famero de empresas importadoras tamb\u00e9m aumentou no pa\u00eds. Em 2025, o Brasil registrou 60.115 companhias realizando importa\u00e7\u00f5es, um avan\u00e7o de 7,6% em rela\u00e7\u00e3o ao ano anterior.<\/p>\n<p>Isso representa a entrada de 4.238 novas empresas no com\u00e9rcio exterior pelo lado das compras internacionais.<\/p>\n<p>Entre as empresas m\u00e9dias e grandes, o aumento foi de 5,5%, com 1.517 novas importadoras. J\u00e1 entre as empresas de menor porte, o crescimento chegou a 9,5%, com a entrada de 2.624 novos neg\u00f3cios.<\/p>\n<h2>Pol\u00edticas p\u00fablicas buscam ampliar cultura exportadora<\/h2>\n<p>O governo federal atribui o desempenho das exporta\u00e7\u00f5es brasileiras a uma agenda voltada ao fortalecimento da competitividade das empresas e \u00e0 amplia\u00e7\u00e3o da base exportadora.<\/p>\n<p>Entre as iniciativas destacadas est\u00e3o a negocia\u00e7\u00e3o de acordos comerciais, a abertura de novos mercados, o aprimoramento de instrumentos de financiamento e garantia, al\u00e9m da oferta de intelig\u00eancia comercial para empresas interessadas em exportar.<\/p>\n<p>Nesse contexto, uma das principais pol\u00edticas \u00e9 a Pol\u00edtica Nacional de Cultura Exportadora (PNCE), criada pelo Decreto n\u00ba 11.593\/2023. A iniciativa articula Uni\u00e3o, estados, munic\u00edpios e entidades privadas com o objetivo de ampliar a participa\u00e7\u00e3o das empresas brasileiras no com\u00e9rcio internacional.<\/p>\n<p>Outra a\u00e7\u00e3o \u00e9 o programa Elas Exportam, desenvolvido em parceria entre o Minist\u00e9rio do Desenvolvimento, Ind\u00fastria, Com\u00e9rcio e Servi\u00e7os e a ApexBrasil, voltado \u00e0 amplia\u00e7\u00e3o da presen\u00e7a feminina nas atividades de com\u00e9rcio exterior e \u00e0 diversifica\u00e7\u00e3o da base exportadora brasileira.<\/p>\n","protected":false},"excerpt":{"rendered":"<p>Relat\u00f3rio do MDIC aponta aumento de 3,4% no n\u00famero de empresas exportadoras e crescimento em todas as regi\u00f5es do pa\u00eds em 2025<\/p>\n","protected":false},"author":1,"featured_media":0,"comment_status":"closed","ping_status":"open","sticky":false,"template":"","format":"standard","meta":{"_exactmetrics_skip_tracking":false,"_exactmetrics_sitenote_active":false,"_exactmetrics_sitenote_note":"","_exactmetrics_sitenote_category":0,"jetpack_post_was_ever_published":false,"_jetpack_newsletter_access":"","_jetpack_dont_email_post_to_subs":false,"_jetpack_newsletter_tier_id":0,"_jetpack_memberships_contains_paywalled_content":false,"_jetpack_memberships_contains_paid_content":false,"footnotes":"","jetpack_publicize_message":"","jetpack_publicize_feature_enabled":true,"jetpack_social_post_already_shared":true,"jetpack_social_options":{"image_generator_settings":{"template":"highway","enabled":false},"version":2}},"categories":[1],"tags":[],"class_list":["post-38458","post","type-post","status-publish","format-standard","hentry","category-notas"],"jetpack_publicize_connections":[],"jetpack_sharing_enabled":true,"jetpack_featured_media_url":"","jetpack_shortlink":"https:\/\/wp.me\/p7wKYW-a0i","jetpack-related-posts":[],"_links":{"self":[{"href":"http:\/\/blogdalucianaoliveira.com.br\/blog\/wp-json\/wp\/v2\/posts\/38458","targetHints":{"allow":["GET"]}}],"collection":[{"href":"http:\/\/blogdalucianaoliveira.com.br\/blog\/wp-json\/wp\/v2\/posts"}],"about":[{"href":"http:\/\/blogdalucianaoliveira.com.br\/blog\/wp-json\/wp\/v2\/types\/post"}],"author":[{"embeddable":true,"href":"http:\/\/blogdalucianaoliveira.com.br\/blog\/wp-json\/wp\/v2\/users\/1"}],"replies":[{"embeddable":true,"href":"http:\/\/blogdalucianaoliveira.com.br\/blog\/wp-json\/wp\/v2\/comments?post=38458"}],"version-history":[{"count":1,"href":"http:\/\/blogdalucianaoliveira.com.br\/blog\/wp-json\/wp\/v2\/posts\/38458\/revisions"}],"predecessor-version":[{"id":38460,"href":"http:\/\/blogdalucianaoliveira.com.br\/blog\/wp-json\/wp\/v2\/posts\/38458\/revisions\/38460"}],"wp:attachment":[{"href":"http:\/\/blogdalucianaoliveira.com.br\/blog\/wp-json\/wp\/v2\/media?parent=38458"}],"wp:term":[{"taxonomy":"category","embeddable":true,"href":"http:\/\/blogdalucianaoliveira.com.br\/blog\/wp-json\/wp\/v2\/categories?post=38458"},{"taxonomy":"post_tag","embeddable":true,"href":"http:\/\/blogdalucianaoliveira.com.br\/blog\/wp-json\/wp\/v2\/tags?post=38458"}],"curies":[{"name":"wp","href":"https:\/\/api.w.org\/{rel}","templated":true}]}}