{"id":38461,"date":"2026-03-09T20:26:06","date_gmt":"2026-03-10T00:26:06","guid":{"rendered":"https:\/\/blogdalucianaoliveira.com.br\/blog\/?p=38461"},"modified":"2026-03-09T20:26:06","modified_gmt":"2026-03-10T00:26:06","slug":"10-de-marco-dia-de-lembrar-que-8-de-marco-sao-todos-os-dias","status":"publish","type":"post","link":"http:\/\/blogdalucianaoliveira.com.br\/blog\/2026\/03\/09\/10-de-marco-dia-de-lembrar-que-8-de-marco-sao-todos-os-dias\/","title":{"rendered":"10 de mar\u00e7o: dia de lembrar que 8 de mar\u00e7o s\u00e3o todos os dias"},"content":{"rendered":"<p><img data-recalc-dims=\"1\" loading=\"lazy\" decoding=\"async\" data-attachment-id=\"38462\" data-permalink=\"http:\/\/blogdalucianaoliveira.com.br\/blog\/2026\/03\/09\/10-de-marco-dia-de-lembrar-que-8-de-marco-sao-todos-os-dias\/img_9106-2\/\" data-orig-file=\"https:\/\/i0.wp.com\/blogdalucianaoliveira.com.br\/blog\/wp-content\/uploads\/2026\/03\/IMG_9106.webp?fit=610%2C380\" data-orig-size=\"610,380\" data-comments-opened=\"0\" data-image-meta=\"{&quot;aperture&quot;:&quot;0&quot;,&quot;credit&quot;:&quot;&quot;,&quot;camera&quot;:&quot;&quot;,&quot;caption&quot;:&quot;&quot;,&quot;created_timestamp&quot;:&quot;0&quot;,&quot;copyright&quot;:&quot;&quot;,&quot;focal_length&quot;:&quot;0&quot;,&quot;iso&quot;:&quot;0&quot;,&quot;shutter_speed&quot;:&quot;0&quot;,&quot;title&quot;:&quot;&quot;,&quot;orientation&quot;:&quot;0&quot;}\" data-image-title=\"IMG_9106\" data-image-description=\"\" data-image-caption=\"\" data-medium-file=\"https:\/\/i0.wp.com\/blogdalucianaoliveira.com.br\/blog\/wp-content\/uploads\/2026\/03\/IMG_9106.webp?fit=300%2C187\" data-large-file=\"https:\/\/i0.wp.com\/blogdalucianaoliveira.com.br\/blog\/wp-content\/uploads\/2026\/03\/IMG_9106.webp?fit=600%2C374\" class=\"aligncenter size-full wp-image-38462\" src=\"https:\/\/i0.wp.com\/blogdalucianaoliveira.com.br\/blog\/wp-content\/uploads\/2026\/03\/IMG_9106.webp?resize=600%2C374\" alt=\"\" width=\"600\" height=\"374\" srcset=\"https:\/\/i0.wp.com\/blogdalucianaoliveira.com.br\/blog\/wp-content\/uploads\/2026\/03\/IMG_9106.webp?w=610 610w, https:\/\/i0.wp.com\/blogdalucianaoliveira.com.br\/blog\/wp-content\/uploads\/2026\/03\/IMG_9106.webp?resize=300%2C187 300w, https:\/\/i0.wp.com\/blogdalucianaoliveira.com.br\/blog\/wp-content\/uploads\/2026\/03\/IMG_9106.webp?resize=482%2C300 482w\" sizes=\"auto, (max-width: 600px) 100vw, 600px\" \/><\/p>\n<h2 class=\"article__lead\">A luta contra o machismo e a misoginia n\u00e3o pode ficar restrita a um dia simb\u00f3lico<\/h2>\n<p><!--more-->247, por Oliveiros Marques &#8211; Hoje \u00e9 10 de mar\u00e7o. O 8 de mar\u00e7o passou. Ontem, dia 9, a imprensa ainda dedicou alguns espa\u00e7os &#8211; pequenos, diga-se &#8211; para repercutir os atos ocorridos no \u00faltimo domingo em v\u00e1rias cidades do pa\u00eds. Mulheres e homens foram \u00e0s ruas para lembrar que o Dia Internacional da Mulher n\u00e3o \u00e9 apenas uma data no calend\u00e1rio, mas um marco de luta por igualdade, respeito e dignidade.<\/p>\n<p>Passado o fim de semana de mobiliza\u00e7\u00f5es, \u00e9 hora de lembrar algo essencial: o 8 de Mar\u00e7o precisa existir todos os dias.<\/p>\n<p>A luta contra o machismo e a misoginia n\u00e3o pode ficar restrita a um dia simb\u00f3lico. Ela precisa acontecer nas ruas, nas redes sociais e, principalmente, dentro de cada um de n\u00f3s &#8211; especialmente entre n\u00f3s, homens. Porque a cultura machista n\u00e3o \u00e9 apenas um problema externo. Ela est\u00e1 entranhada em pr\u00e1ticas cotidianas, em piadas que repetimos, em coment\u00e1rios aparentemente inofensivos, em atitudes que naturalizam a inferioriza\u00e7\u00e3o das mulheres.<\/p>\n<p>\u00c9 nesse ambiente que se constr\u00f3i o caldo cultural que sustenta a viol\u00eancia contra a mulher.<\/p>\n<p>Quando mulheres s\u00e3o tratadas como objetos, quando suas vozes s\u00e3o diminu\u00eddas, quando situa\u00e7\u00f5es de ass\u00e9dio s\u00e3o relativizadas ou ridicularizadas, cria-se um terreno f\u00e9rtil para algo muito mais grave: a viol\u00eancia f\u00edsica e, em seu extremo mais brutal, o feminic\u00eddio.<\/p>\n<p>Os n\u00fameros brasileiros s\u00e3o alarmantes. Segundo o F\u00f3rum Brasileiro de Seguran\u00e7a P\u00fablica, mais de 1.400 mulheres s\u00e3o v\u00edtimas de feminic\u00eddio por ano no pa\u00eds &#8211; quase quatro por dia. E esses s\u00e3o apenas os casos que chegam \u00e0s estat\u00edsticas oficiais. Todos os dias, milhares de mulheres sofrem agress\u00f5es f\u00edsicas, psicol\u00f3gicas e sexuais dentro de casa, no trabalho, no transporte p\u00fablico ou nas ruas.<\/p>\n<p>Esse cen\u00e1rio n\u00e3o se combate apenas com leis. Ele tamb\u00e9m depende do ambiente pol\u00edtico e cultural que se constr\u00f3i a partir da lideran\u00e7a de um pa\u00eds.<\/p>\n<p>Durante o governo Jair Bolsonaro, infelizmente, vimos repetidas demonstra\u00e7\u00f5es p\u00fablicas de machismo e desrespeito \u00e0s mulheres. O ent\u00e3o presidente afirmou, por exemplo, que uma deputada \u201cn\u00e3o merecia ser estuprada\u201d porque era \u201cmuito feia\u201d. Disse que teve uma filha mulher porque deu uma \u201cfraquejada\u201d. Em outro momento, afirmou que as mulheres deveriam ganhar menos porque engravidam. Houve ainda ataques constantes a jornalistas mulheres, coment\u00e1rios depreciativos sobre lideran\u00e7as femininas e um ambiente de desprezo que legitimava discursos de \u00f3dio.<\/p>\n<p>Quando um governante normaliza esse tipo de postura, ele envia um sinal perigoso para a sociedade: o de que o machismo \u00e9 toler\u00e1vel.<\/p>\n<p>Felizmente, o pa\u00eds come\u00e7ou a trilhar um caminho diferente. O governo do presidente Lula recolocou o combate \u00e0 viol\u00eancia contra a mulher no centro da agenda p\u00fablica. Foi lan\u00e7ado o Pacto Nacional de Preven\u00e7\u00e3o aos Feminic\u00eddios, envolvendo os tr\u00eas poderes da Rep\u00fablica. O Minist\u00e9rio da Justi\u00e7a e as for\u00e7as de seguran\u00e7a tamb\u00e9m realizaram uma megaopera\u00e7\u00e3o nacional que resultou na pris\u00e3o de mais de 5 mil fugitivos acusados de agress\u00e3o ou homic\u00eddio contra mulheres.<\/p>\n<p>S\u00e3o iniciativas importantes, que mostram que o Estado precisa agir com firmeza para proteger as mulheres.<\/p>\n<p>Mas nenhuma pol\u00edtica p\u00fablica ser\u00e1 suficiente se n\u00e3o houver mudan\u00e7a cultural. Essa transforma\u00e7\u00e3o come\u00e7a nas conversas entre amigos, nas atitudes dentro de casa, na forma como educamos nossos filhos e no compromisso de cada homem em n\u00e3o reproduzir comportamentos machistas.<\/p>\n<p>A luta contra o feminic\u00eddio \u00e9 permanente. Ela n\u00e3o termina no 8 de Mar\u00e7o. Ela precisa continuar todos os dias &#8211; nas ruas, nas redes e dentro das nossas pr\u00f3prias cabe\u00e7as.<\/p>\n<p>E tamb\u00e9m precisa chegar \u00e0s urnas.<\/p>\n<p>Porque quando um governante sinaliza que o machismo \u00e9 aceit\u00e1vel, abre-se uma porteira perigosa. Uma porteira por onde os monstros do machismo que ainda habitam muitos homens se sentem autorizados a ganhar as ruas. Defender a vida das mulheres \u00e9 tamb\u00e9m escolher lideran\u00e7as que n\u00e3o alimentem essa cultura, mas que ajudem a transform\u00e1-la.<\/p>\n","protected":false},"excerpt":{"rendered":"<p>A luta contra o machismo e a misoginia n\u00e3o pode ficar restrita a um dia simb\u00f3lico<\/p>\n","protected":false},"author":1,"featured_media":0,"comment_status":"closed","ping_status":"open","sticky":false,"template":"","format":"standard","meta":{"_exactmetrics_skip_tracking":false,"_exactmetrics_sitenote_active":false,"_exactmetrics_sitenote_note":"","_exactmetrics_sitenote_category":0,"jetpack_post_was_ever_published":false,"_jetpack_newsletter_access":"","_jetpack_dont_email_post_to_subs":false,"_jetpack_newsletter_tier_id":0,"_jetpack_memberships_contains_paywalled_content":false,"_jetpack_memberships_contains_paid_content":false,"footnotes":"","jetpack_publicize_message":"","jetpack_publicize_feature_enabled":true,"jetpack_social_post_already_shared":true,"jetpack_social_options":{"image_generator_settings":{"template":"highway","enabled":false},"version":2}},"categories":[1],"tags":[],"class_list":["post-38461","post","type-post","status-publish","format-standard","hentry","category-notas"],"jetpack_publicize_connections":[],"jetpack_sharing_enabled":true,"jetpack_featured_media_url":"","jetpack_shortlink":"https:\/\/wp.me\/p7wKYW-a0l","jetpack-related-posts":[],"_links":{"self":[{"href":"http:\/\/blogdalucianaoliveira.com.br\/blog\/wp-json\/wp\/v2\/posts\/38461","targetHints":{"allow":["GET"]}}],"collection":[{"href":"http:\/\/blogdalucianaoliveira.com.br\/blog\/wp-json\/wp\/v2\/posts"}],"about":[{"href":"http:\/\/blogdalucianaoliveira.com.br\/blog\/wp-json\/wp\/v2\/types\/post"}],"author":[{"embeddable":true,"href":"http:\/\/blogdalucianaoliveira.com.br\/blog\/wp-json\/wp\/v2\/users\/1"}],"replies":[{"embeddable":true,"href":"http:\/\/blogdalucianaoliveira.com.br\/blog\/wp-json\/wp\/v2\/comments?post=38461"}],"version-history":[{"count":1,"href":"http:\/\/blogdalucianaoliveira.com.br\/blog\/wp-json\/wp\/v2\/posts\/38461\/revisions"}],"predecessor-version":[{"id":38463,"href":"http:\/\/blogdalucianaoliveira.com.br\/blog\/wp-json\/wp\/v2\/posts\/38461\/revisions\/38463"}],"wp:attachment":[{"href":"http:\/\/blogdalucianaoliveira.com.br\/blog\/wp-json\/wp\/v2\/media?parent=38461"}],"wp:term":[{"taxonomy":"category","embeddable":true,"href":"http:\/\/blogdalucianaoliveira.com.br\/blog\/wp-json\/wp\/v2\/categories?post=38461"},{"taxonomy":"post_tag","embeddable":true,"href":"http:\/\/blogdalucianaoliveira.com.br\/blog\/wp-json\/wp\/v2\/tags?post=38461"}],"curies":[{"name":"wp","href":"https:\/\/api.w.org\/{rel}","templated":true}]}}