{"id":38471,"date":"2026-03-12T15:58:27","date_gmt":"2026-03-12T19:58:27","guid":{"rendered":"https:\/\/blogdalucianaoliveira.com.br\/blog\/?p=38471"},"modified":"2026-03-12T15:58:27","modified_gmt":"2026-03-12T19:58:27","slug":"as-armas-do-elenco-de-o-agente-secreto-para-conquistar-o-oscar","status":"publish","type":"post","link":"http:\/\/blogdalucianaoliveira.com.br\/blog\/2026\/03\/12\/as-armas-do-elenco-de-o-agente-secreto-para-conquistar-o-oscar\/","title":{"rendered":"As armas do elenco de &#8216;O Agente Secreto&#8217; para conquistar o Oscar"},"content":{"rendered":"<p><img data-recalc-dims=\"1\" loading=\"lazy\" decoding=\"async\" data-attachment-id=\"38472\" data-permalink=\"http:\/\/blogdalucianaoliveira.com.br\/blog\/2026\/03\/12\/as-armas-do-elenco-de-o-agente-secreto-para-conquistar-o-oscar\/img_9286-2\/\" data-orig-file=\"https:\/\/i0.wp.com\/blogdalucianaoliveira.com.br\/blog\/wp-content\/uploads\/2026\/03\/IMG_9286.webp?fit=800%2C335\" data-orig-size=\"800,335\" data-comments-opened=\"0\" data-image-meta=\"{&quot;aperture&quot;:&quot;0&quot;,&quot;credit&quot;:&quot;&quot;,&quot;camera&quot;:&quot;&quot;,&quot;caption&quot;:&quot;&quot;,&quot;created_timestamp&quot;:&quot;0&quot;,&quot;copyright&quot;:&quot;&quot;,&quot;focal_length&quot;:&quot;0&quot;,&quot;iso&quot;:&quot;0&quot;,&quot;shutter_speed&quot;:&quot;0&quot;,&quot;title&quot;:&quot;&quot;,&quot;orientation&quot;:&quot;0&quot;}\" data-image-title=\"IMG_9286\" data-image-description=\"\" data-image-caption=\"\" data-medium-file=\"https:\/\/i0.wp.com\/blogdalucianaoliveira.com.br\/blog\/wp-content\/uploads\/2026\/03\/IMG_9286.webp?fit=300%2C126\" data-large-file=\"https:\/\/i0.wp.com\/blogdalucianaoliveira.com.br\/blog\/wp-content\/uploads\/2026\/03\/IMG_9286.webp?fit=600%2C251\" class=\"aligncenter size-full wp-image-38472\" src=\"https:\/\/i0.wp.com\/blogdalucianaoliveira.com.br\/blog\/wp-content\/uploads\/2026\/03\/IMG_9286.webp?resize=600%2C251\" alt=\"\" width=\"600\" height=\"251\" srcset=\"https:\/\/i0.wp.com\/blogdalucianaoliveira.com.br\/blog\/wp-content\/uploads\/2026\/03\/IMG_9286.webp?w=800 800w, https:\/\/i0.wp.com\/blogdalucianaoliveira.com.br\/blog\/wp-content\/uploads\/2026\/03\/IMG_9286.webp?resize=300%2C126 300w, https:\/\/i0.wp.com\/blogdalucianaoliveira.com.br\/blog\/wp-content\/uploads\/2026\/03\/IMG_9286.webp?resize=768%2C322 768w, https:\/\/i0.wp.com\/blogdalucianaoliveira.com.br\/blog\/wp-content\/uploads\/2026\/03\/IMG_9286.webp?resize=716%2C300 716w\" sizes=\"auto, (max-width: 600px) 100vw, 600px\" \/><\/p>\n<div class=\"css-1k9op6x e17x9cvu0\" dir=\"ltr\">\n<p class=\"css-s4cjt0 eea635z0\" dir=\"ltr\">BBC, por Pedro Martins &#8211; Gabriel Domingues est\u00e1 tendo sonhos de que vai ganhar o <a class=\"focusIndicatorReducedWidth css-n8oauk e1h2ur550\" href=\"https:\/\/www.bbc.com\/portuguese\/topics\/cz74k75p646t\">Oscar<\/a>. Ele \u00e9 o diretor de elenco de <a class=\"focusIndicatorReducedWidth css-n8oauk e1h2ur550\" href=\"https:\/\/www.bbc.com\/portuguese\/articles\/c4geld2gk1go\"><i class=\"css-6whwaq ezrtjzf0\">O Agente Secreto<\/i><\/a>, respons\u00e1vel pela escala\u00e7\u00e3o n\u00e3o s\u00f3 de <a class=\"focusIndicatorReducedWidth css-n8oauk e1h2ur550\" href=\"https:\/\/www.bbc.com\/portuguese\/articles\/c93vgjzlk0xo\">Wagner Moura<\/a>, que tamb\u00e9m concorre \u00e0 estatueta dourada, mas tamb\u00e9m de novos fen\u00f4menos, como <a class=\"focusIndicatorReducedWidth css-n8oauk e1h2ur550\" href=\"https:\/\/www.bbc.com\/portuguese\/articles\/cgqzppvvxy8o\">T\u00e2nia Maria<\/a>, uma costureira que come\u00e7ou a atuar aos 72 anos e hoje gera fasc\u00ednio entre cr\u00edticos estrangeiros.<\/p>\n<\/div>\n<p><!--more--><\/p>\n<div class=\"css-1k9op6x e17x9cvu0\" dir=\"ltr\">\n<p class=\"css-s4cjt0 eea635z0\" dir=\"ltr\">Desde que o Oscar foi criado, h\u00e1 98 anos, esta ser\u00e1 a primeira vez que a Academia de Artes e Ci\u00eancias Cinematogr\u00e1ficas premiar\u00e1 a dire\u00e7\u00e3o de elenco de um filme \u2014 at\u00e9 ent\u00e3o, s\u00f3 atores, atrizes e coadjuvantes eram reconhecidos.<\/p>\n<\/div>\n<div class=\"css-1k9op6x e17x9cvu0\" dir=\"ltr\">\n<p class=\"css-s4cjt0 eea635z0\" dir=\"ltr\">A concorr\u00eancia \u00e9 grande: nesta categoria, <i class=\"css-6whwaq ezrtjzf0\">O Agente Secreto<\/i> disputa com <a class=\"focusIndicatorReducedWidth css-n8oauk e1h2ur550\" href=\"https:\/\/www.bbc.com\/portuguese\/articles\/cwyggpljgdxo\"><i class=\"css-6whwaq ezrtjzf0\">Pecadores<\/i><\/a>, estrelado por Michael B. Jordan; <a class=\"focusIndicatorReducedWidth css-n8oauk e1h2ur550\" href=\"https:\/\/www.bbc.com\/portuguese\/articles\/c0kpgglnxn4o\"><i class=\"css-6whwaq ezrtjzf0\">Uma Batalha Ap\u00f3s a Outra<\/i><\/a>, aposta do ano de Leonardo DiCaprio; <i class=\"css-6whwaq ezrtjzf0\">Marty Supreme<\/i>, com <a class=\"focusIndicatorReducedWidth css-n8oauk e1h2ur550\" href=\"https:\/\/www.bbc.com\/portuguese\/articles\/cvgp919lyneo\">Timoth\u00e9e Chalamet<\/a>; e <a class=\"focusIndicatorReducedWidth css-n8oauk e1h2ur550\" href=\"https:\/\/www.bbc.com\/portuguese\/articles\/crrn7xgj105o\"><i class=\"css-6whwaq ezrtjzf0\">Hamnet<\/i><\/a>, que tem <a class=\"focusIndicatorReducedWidth css-n8oauk e1h2ur550\" href=\"https:\/\/www.bbc.com\/portuguese\/articles\/c14x8r3vnemo\">Paul Mescal<\/a> no papel de um jovem <a class=\"focusIndicatorReducedWidth css-n8oauk e1h2ur550\" href=\"https:\/\/www.bbc.com\/portuguese\/noticias\/2015\/04\/150423_vert_cul_shakespeare_frases_ml\">William Shakespeare<\/a>.<\/p>\n<\/div>\n<div class=\"css-1k9op6x e17x9cvu0\" dir=\"ltr\">\n<p class=\"css-s4cjt0 eea635z0\" dir=\"ltr\">Mas Domingues est\u00e1 confiante. &#8220;Acho muito que vou ganhar&#8221;, ele diz, em entrevista por videoconfer\u00eancia \u00e0 BBC News Brasil, antes de embarcar para <a class=\"focusIndicatorReducedWidth css-n8oauk e1h2ur550\" href=\"https:\/\/www.bbc.com\/portuguese\/articles\/cj6r4p5jk25o\">Los Angeles<\/a> para a cerim\u00f4nia de entrega do pr\u00eamio, neste domingo (15\/2).<\/p>\n<\/div>\n<div class=\"css-1k9op6x e17x9cvu0\" dir=\"ltr\">\n<p class=\"css-s4cjt0 eea635z0\" dir=\"ltr\">&#8220;Estou preparando o discurso. A cada dia abro o Word e vou fazendo uma revis\u00e3o baseada nos meus sonhos.&#8221;<\/p>\n<div class=\"css-1k9op6x e17x9cvu0\" dir=\"ltr\">\n<p class=\"css-s4cjt0 eea635z0\" dir=\"ltr\">Parte do entusiasmo est\u00e1 ligada \u00e0s previs\u00f5es de ve\u00edculos especializados na cobertura do pr\u00eamio. Na disputa de Melhor Dire\u00e7\u00e3o de Elenco, <i class=\"css-6whwaq ezrtjzf0\">O Agente Secreto<\/i> j\u00e1 apareceu na segunda coloca\u00e7\u00e3o na lista da <i class=\"css-6whwaq ezrtjzf0\">Variety<\/i>, uma das revistas mais relevantes de cinema nos <a class=\"focusIndicatorReducedWidth css-n8oauk e1h2ur550\" href=\"https:\/\/www.bbc.com\/portuguese\/topics\/cdr56r2r88wt\">Estados Unidos<\/a>.<\/p>\n<\/div>\n<div class=\"css-1k9op6x e17x9cvu0\" dir=\"ltr\">\n<p class=\"css-s4cjt0 eea635z0\" dir=\"ltr\">O longa-metragem brasileiro est\u00e1 atr\u00e1s de <i class=\"css-6whwaq ezrtjzf0\">Pecadores<\/i>, que v\u00ea nos vampiros uma met\u00e1fora do racismo no sul dos Estados Unidos nos anos 1930. O filme tem se destacado por ter Michael B. Jordan no papel de dois personagens ao mesmo tempo, j\u00e1 que ele interpreta irm\u00e3os g\u00eameos.<\/p>\n<\/div>\n<div class=\"css-1k9op6x e17x9cvu0\" dir=\"ltr\">\n<p class=\"css-s4cjt0 eea635z0\" dir=\"ltr\">Nos chamados &#8220;anonymous ballots&#8221; \u2014 as tradicionais entrevistas em que integrantes da Academia revelam seus votos sob anonimato \u2014, <i class=\"css-6whwaq ezrtjzf0\">Pecadores<\/i> vem se destacando tamb\u00e9m na categoria de Melhor Ator, assim como <i class=\"css-6whwaq ezrtjzf0\">Marty Supreme<\/i>.<\/p>\n<h2 class=\"css-jtxtr9 emoh99e1\" tabindex=\"-1\">Os &#8216;brasis&#8217; dentro do Brasil<\/h2>\n<div class=\"css-1k9op6x e17x9cvu0\" dir=\"ltr\">\n<p class=\"css-s4cjt0 eea635z0\" dir=\"ltr\">Gabriel Domingues, no entanto, v\u00ea na diversidade de g\u00eanero, ra\u00e7a e origem geogr\u00e1fica do elenco de <i class=\"css-6whwaq ezrtjzf0\">O Agente Secreto<\/i>um fator que diferencia o longa-metragem brasileiro dos demais, filmados em geral nos Estados Unidos ou na <a class=\"focusIndicatorReducedWidth css-n8oauk e1h2ur550\" href=\"https:\/\/www.bbc.com\/portuguese\/topics\/cdr56rdg522t\">Inglaterra<\/a>.<\/p>\n<\/div>\n<div class=\"css-1k9op6x e17x9cvu0\" dir=\"ltr\">\n<p class=\"css-s4cjt0 eea635z0\" dir=\"ltr\">Em outras palavras, na vis\u00e3o n\u00e3o s\u00f3 do diretor, mas tamb\u00e9m da cr\u00edtica, o filme funciona como um caleidosc\u00f3pio dos muitos &#8220;pa\u00edses&#8221; que coexistem dentro do Brasil.<\/p>\n<div class=\"css-1k9op6x e17x9cvu0\" dir=\"ltr\">\n<p class=\"css-s4cjt0 eea635z0\" dir=\"ltr\">Essa diversidade, diz ele, se cristaliza justamente no elenco, com seus sotaques, cabelos, olhos e tons de pele que n\u00e3o se limitam \u00e0 cor preta ou branca, mas exploram as grada\u00e7\u00f5es entre elas \u2014 uma discuss\u00e3o conhecida como colorismo, cada vez mais presente na academia, mas ainda pouco explorada em Hollywood.<\/p>\n<\/div>\n<div class=\"css-1k9op6x e17x9cvu0\" dir=\"ltr\">\n<p class=\"css-s4cjt0 eea635z0\" dir=\"ltr\">&#8220;Tem um n\u00edvel de complexidade na escala\u00e7\u00e3o que, para os brasileiros, j\u00e1 \u00e9 dif\u00edcil de entender. L\u00e1 fora, ficam muito impressionados, porque n\u00e3o conhecem o Brasil em sua totalidade. Eles t\u00eam uma ideia de que &#8216;o Brasil \u00e9 assim&#8217;, &#8216;o brasileiro \u00e9 assim&#8217;. N\u00e3o sabem que o Brasil \u00e9 mil coisas diferentes. Eles ficam surpresos vendo este filme porque n\u00e3o entendem isso racionalmente, mas sentem essa pot\u00eancia.&#8221;<\/p>\n<\/div>\n<div class=\"css-1k9op6x e17x9cvu0\" dir=\"ltr\">\n<p class=\"css-s4cjt0 eea635z0\" dir=\"ltr\">Nascido e criado no <a class=\"focusIndicatorReducedWidth css-n8oauk e1h2ur550\" href=\"https:\/\/www.bbc.com\/portuguese\/topics\/c06gq6krk66t\">Rio de Janeiro<\/a>, Domingues diz ter sentido essa ignor\u00e2ncia do p\u00fablico estrangeiro, sobretudo americano, na viagem que fez a Los Angeles em janeiro para participar de encontros com os outros indicados.<\/p>\n<\/div>\n<div class=\"css-1k9op6x e17x9cvu0\" dir=\"ltr\">\n<p class=\"css-s4cjt0 eea635z0\" dir=\"ltr\">&#8220;Os gar\u00e7ons no almo\u00e7o do Oscar eram mexicanos. Eles falavam com todo mundo em ingl\u00eas, a\u00ed chegava na minha mesa e falavam em espanhol, me chamavam de primo. Eles se confundem muito&#8221;, conta. &#8220;Mas sinto uma curiosidade, um interesse e um respeito, porque eles viram que a gente fez <i class=\"css-6whwaq ezrtjzf0\">Ainda Estou Aqui<\/i> no ano passado e <i class=\"css-6whwaq ezrtjzf0\">O Agente Secreto<\/i> neste ano.&#8221;<\/p>\n<p dir=\"ltr\"><img data-recalc-dims=\"1\" loading=\"lazy\" decoding=\"async\" data-attachment-id=\"38473\" data-permalink=\"http:\/\/blogdalucianaoliveira.com.br\/blog\/2026\/03\/12\/as-armas-do-elenco-de-o-agente-secreto-para-conquistar-o-oscar\/img_9287-2\/\" data-orig-file=\"https:\/\/i0.wp.com\/blogdalucianaoliveira.com.br\/blog\/wp-content\/uploads\/2026\/03\/IMG_9287.webp?fit=800%2C335\" data-orig-size=\"800,335\" data-comments-opened=\"0\" data-image-meta=\"{&quot;aperture&quot;:&quot;0&quot;,&quot;credit&quot;:&quot;&quot;,&quot;camera&quot;:&quot;&quot;,&quot;caption&quot;:&quot;&quot;,&quot;created_timestamp&quot;:&quot;0&quot;,&quot;copyright&quot;:&quot;&quot;,&quot;focal_length&quot;:&quot;0&quot;,&quot;iso&quot;:&quot;0&quot;,&quot;shutter_speed&quot;:&quot;0&quot;,&quot;title&quot;:&quot;&quot;,&quot;orientation&quot;:&quot;0&quot;}\" data-image-title=\"IMG_9287\" data-image-description=\"\" data-image-caption=\"\" data-medium-file=\"https:\/\/i0.wp.com\/blogdalucianaoliveira.com.br\/blog\/wp-content\/uploads\/2026\/03\/IMG_9287.webp?fit=300%2C126\" data-large-file=\"https:\/\/i0.wp.com\/blogdalucianaoliveira.com.br\/blog\/wp-content\/uploads\/2026\/03\/IMG_9287.webp?fit=600%2C251\" class=\"aligncenter size-full wp-image-38473\" src=\"https:\/\/i0.wp.com\/blogdalucianaoliveira.com.br\/blog\/wp-content\/uploads\/2026\/03\/IMG_9287.webp?resize=600%2C251\" alt=\"\" width=\"600\" height=\"251\" srcset=\"https:\/\/i0.wp.com\/blogdalucianaoliveira.com.br\/blog\/wp-content\/uploads\/2026\/03\/IMG_9287.webp?w=800 800w, https:\/\/i0.wp.com\/blogdalucianaoliveira.com.br\/blog\/wp-content\/uploads\/2026\/03\/IMG_9287.webp?resize=300%2C126 300w, https:\/\/i0.wp.com\/blogdalucianaoliveira.com.br\/blog\/wp-content\/uploads\/2026\/03\/IMG_9287.webp?resize=768%2C322 768w, https:\/\/i0.wp.com\/blogdalucianaoliveira.com.br\/blog\/wp-content\/uploads\/2026\/03\/IMG_9287.webp?resize=716%2C300 716w\" sizes=\"auto, (max-width: 600px) 100vw, 600px\" \/><\/p>\n<div class=\"css-1k9op6x e17x9cvu0\" dir=\"ltr\">\n<p class=\"css-s4cjt0 eea635z0\" dir=\"ltr\">Outro diferencial de <i class=\"css-6whwaq ezrtjzf0\">O Agente Secreto<\/i> \u00e9 a aposta na coletividade, ele afirma, explicando que, depois de Wagner Moura, os coadjuvantes t\u00eam, em sua maioria, quase o mesmo tempo de tela para brilhar.<\/p>\n<\/div>\n<div class=\"css-1k9op6x e17x9cvu0\" dir=\"ltr\">\n<p class=\"css-s4cjt0 eea635z0\" dir=\"ltr\">Esse \u00e9 o motivo pelo qual, diz, \u00e9 dif\u00edcil citar um ou dois artistas que tenham se destacado, embora reconhe\u00e7a a popularidade conquistada por T\u00e2nia Maria \u2014 em uma brincadeira que a projetou para o mundo, o New York Times destacou a naturalidade com que a atriz fuma diante da c\u00e2mera e a &#8220;premiou&#8221; na categoria &#8220;best cigarette acting&#8221;, algo como melhor atua\u00e7\u00e3o com cigarro.<\/p>\n<\/div>\n<div class=\"css-1k9op6x e17x9cvu0\" dir=\"ltr\">\n<p class=\"css-s4cjt0 eea635z0\" dir=\"ltr\">A franqueza e o alto astral de sua personagem, Sebastiana, mesmo durante a ditadura militar \u2014 per\u00edodo em que o filme se passa \u2014, despertaram simpatia do p\u00fablico.<\/p>\n<\/div>\n<div class=\"css-1k9op6x e17x9cvu0\" dir=\"ltr\">\n<p class=\"css-s4cjt0 eea635z0\" dir=\"ltr\">Os espectadores ainda se encantaram com sua trajet\u00f3ria como costureira em Parelhas, no Rio Grande do Norte, at\u00e9 ser descoberta pela equipe do diretor Kleber Mendon\u00e7a Filho durante as filmagens de <a class=\"focusIndicatorReducedWidth css-n8oauk e1h2ur550\" href=\"https:\/\/www.bbc.com\/portuguese\/geral-51777892\"><i class=\"css-6whwaq ezrtjzf0\">Bacurau<\/i><\/a>, feito antes de <i class=\"css-6whwaq ezrtjzf0\">O Agente Secreto<\/i>.<\/p>\n<\/div>\n<div class=\"css-1k9op6x e17x9cvu0\" dir=\"ltr\">\n<p class=\"css-s4cjt0 eea635z0\" dir=\"ltr\">&#8220;\u00c9 claro que, quando voc\u00ea v\u00ea algu\u00e9m com esse n\u00edvel de originalidade e autenticidade da T\u00e2nia, chama aten\u00e7\u00e3o&#8221;, diz Domingues. &#8220;Mas, quando estava nos Estados Unidos, toda hora algu\u00e9m vinha falar comigo e dizia que seu personagem favorito era um ou outro. Cada um se apega a uma figura. \u00c9 dif\u00edcil avaliar em uma escala hier\u00e1rquica quem chama mais aten\u00e7\u00e3o.&#8221;<\/p>\n<div class=\"css-1k9op6x e17x9cvu0\" dir=\"ltr\">\n<h2 id=\"Do-circo-\u00e0-novela-as-origens-diversas-dos-atores\" class=\"css-jtxtr9 emoh99e1\" tabindex=\"-1\">Do circo \u00e0 novela: as origens diversas dos atores<\/h2>\n<\/div>\n<div class=\"css-1k9op6x e17x9cvu0\" dir=\"ltr\">\n<p class=\"css-s4cjt0 eea635z0\" dir=\"ltr\">O diretor conta que, em Los Angeles, teve a oportunidade de dar uma aula magna para jovens atores a convite do Screen Actors Guild, o sindicato dos atores americanos, e notou as diferen\u00e7as que separam os profissionais americanos dos brasileiros \u2014 para o bem e para o mal.<\/p>\n<\/div>\n<div class=\"css-1k9op6x e17x9cvu0\" dir=\"ltr\">\n<p class=\"css-s4cjt0 eea635z0\" dir=\"ltr\">Os artistas lhe apresentaram uma cena, e ele diz ter tido dificuldade para avaliar o trabalho n\u00e3o s\u00f3 pelas barreiras lingu\u00edsticas e estil\u00edsticas, mas tamb\u00e9m por n\u00e3o ter conseguido &#8220;enxergar uma particularidade, uma verdade pr\u00f3pria de cada ator&#8221;.<\/p>\n<\/div>\n<div class=\"css-1k9op6x e17x9cvu0\" dir=\"ltr\">\n<p class=\"css-s4cjt0 eea635z0\" dir=\"ltr\">Ele explica: &#8220;L\u00e1 o n\u00edvel de educa\u00e7\u00e3o art\u00edstica e dram\u00e1tica \u00e9 muito mais alto, porque eles t\u00eam milh\u00f5es de faculdades e escolas de teatro e cinema. T\u00eam uma boa t\u00e9cnica, mais do que no Brasil, mas t\u00eam t\u00e9cnica demais, e isso acaba nivelando e deixando tudo indistingu\u00edvel&#8221;.<\/p>\n<\/div>\n<div class=\"css-1k9op6x e17x9cvu0\" dir=\"ltr\">\n<p class=\"css-s4cjt0 eea635z0\" dir=\"ltr\">Essa caracter\u00edstica, avalia Domingues, ultrapassa a sala de aula e, de certa forma, tamb\u00e9m se projeta nos filmes que disputam o Oscar, diferentemente do concorrente brasileiro, com um elenco formado por &#8220;um ator que vem do circo, outro do teatro, outra que \u00e9 costureira, outro que fez 50 novelas&#8221;.<\/p>\n<\/div>\n<div class=\"css-1k9op6x e17x9cvu0\" dir=\"ltr\">\n<p class=\"css-s4cjt0 eea635z0\" dir=\"ltr\">&#8220;<i class=\"css-6whwaq ezrtjzf0\">Pecadores<\/i> tem muito mais atores profissionais do que <i class=\"css-6whwaq ezrtjzf0\">O Agente Secreto<\/i>. N\u00e3o \u00e9 que nossos atores n\u00e3o sejam gabaritados, mas eles t\u00eam trajet\u00f3rias muito diferentes e espec\u00edficas&#8221;, ele diz. &#8220;Os outros filmes n\u00e3o surpreendem nesse quesito. \u00c9 \u00f3bvio que Paul Mescal e Jessie Buckley s\u00e3o geniais. Aquele monte de ator brit\u00e2nico fazendo Shakespeare \u00e9 \u00f3bvio que vai ser bom, mas n\u00e3o surpreende como a gente.&#8221;<\/p>\n<div class=\"css-1k9op6x e17x9cvu0\" dir=\"ltr\">\n<h2 id=\"A-velha-cr\u00edtica-\u00e0-atua\u00e7\u00e3o-brasileira\" class=\"css-jtxtr9 emoh99e1\" tabindex=\"-1\"><img data-recalc-dims=\"1\" loading=\"lazy\" decoding=\"async\" data-attachment-id=\"38472\" data-permalink=\"http:\/\/blogdalucianaoliveira.com.br\/blog\/2026\/03\/12\/as-armas-do-elenco-de-o-agente-secreto-para-conquistar-o-oscar\/img_9286-2\/\" data-orig-file=\"https:\/\/i0.wp.com\/blogdalucianaoliveira.com.br\/blog\/wp-content\/uploads\/2026\/03\/IMG_9286.webp?fit=800%2C335\" data-orig-size=\"800,335\" data-comments-opened=\"0\" data-image-meta=\"{&quot;aperture&quot;:&quot;0&quot;,&quot;credit&quot;:&quot;&quot;,&quot;camera&quot;:&quot;&quot;,&quot;caption&quot;:&quot;&quot;,&quot;created_timestamp&quot;:&quot;0&quot;,&quot;copyright&quot;:&quot;&quot;,&quot;focal_length&quot;:&quot;0&quot;,&quot;iso&quot;:&quot;0&quot;,&quot;shutter_speed&quot;:&quot;0&quot;,&quot;title&quot;:&quot;&quot;,&quot;orientation&quot;:&quot;0&quot;}\" data-image-title=\"IMG_9286\" data-image-description=\"\" data-image-caption=\"\" data-medium-file=\"https:\/\/i0.wp.com\/blogdalucianaoliveira.com.br\/blog\/wp-content\/uploads\/2026\/03\/IMG_9286.webp?fit=300%2C126\" data-large-file=\"https:\/\/i0.wp.com\/blogdalucianaoliveira.com.br\/blog\/wp-content\/uploads\/2026\/03\/IMG_9286.webp?fit=600%2C251\" class=\"aligncenter size-full wp-image-38472\" src=\"https:\/\/i0.wp.com\/blogdalucianaoliveira.com.br\/blog\/wp-content\/uploads\/2026\/03\/IMG_9286.webp?resize=600%2C251\" alt=\"\" width=\"600\" height=\"251\" srcset=\"https:\/\/i0.wp.com\/blogdalucianaoliveira.com.br\/blog\/wp-content\/uploads\/2026\/03\/IMG_9286.webp?w=800 800w, https:\/\/i0.wp.com\/blogdalucianaoliveira.com.br\/blog\/wp-content\/uploads\/2026\/03\/IMG_9286.webp?resize=300%2C126 300w, https:\/\/i0.wp.com\/blogdalucianaoliveira.com.br\/blog\/wp-content\/uploads\/2026\/03\/IMG_9286.webp?resize=768%2C322 768w, https:\/\/i0.wp.com\/blogdalucianaoliveira.com.br\/blog\/wp-content\/uploads\/2026\/03\/IMG_9286.webp?resize=716%2C300 716w\" sizes=\"auto, (max-width: 600px) 100vw, 600px\" \/><br \/>\nA velha cr\u00edtica \u00e0 atua\u00e7\u00e3o brasileira<\/h2>\n<\/div>\n<div class=\"css-1k9op6x e17x9cvu0\" dir=\"ltr\">\n<p class=\"css-s4cjt0 eea635z0\" dir=\"ltr\">Ao ser questionado se os atores brasileiros ainda sofrem com maneirismos de uma atua\u00e7\u00e3o considerada exagerada \u2014 cr\u00edtica recorrente na imprensa especializada, associada \u00e0 dramaturgia do teatro e das telenovelas \u2014, Domingues refuta a ideia.<\/p>\n<\/div>\n<div class=\"css-1k9op6x e17x9cvu0\" dir=\"ltr\">\n<p class=\"css-s4cjt0 eea635z0\" dir=\"ltr\">Aos 36 anos, ele diz que, desde que come\u00e7ou a trabalhar, h\u00e1 pouco mais de uma d\u00e9cada, essa p\u00e1gina j\u00e1 havia sido virada. &#8220;Essa cr\u00edtica \u00e9 antiga, de um momento em que o cinema brasileiro n\u00e3o tinha uma produ\u00e7\u00e3o t\u00e3o diversa e profunda como hoje. \u00c9 \u00f3bvio, a novela \u00e9 uma constante muito est\u00e1vel e presente na cultura brasileira&#8221;, ele diz.<\/p>\n<\/div>\n<div class=\"css-1k9op6x e17x9cvu0\" dir=\"ltr\">\n<p class=\"css-s4cjt0 eea635z0\" dir=\"ltr\">&#8220;Mas a gente sempre teve filmes com uma interpreta\u00e7\u00e3o que vai para um realismo que n\u00e3o est\u00e1 nem um pouco aqu\u00e9m do trabalho dos atores norte-americanos em Hollywood&#8221;, acrescenta.<\/p>\n<\/div>\n<div class=\"css-1k9op6x e17x9cvu0\" dir=\"ltr\">\n<p class=\"css-s4cjt0 eea635z0\" dir=\"ltr\">A indica\u00e7\u00e3o em anos consecutivos de <a class=\"focusIndicatorReducedWidth css-n8oauk e1h2ur550\" href=\"https:\/\/www.bbc.com\/portuguese\/articles\/cqx945372gro\">Fernanda Torres<\/a> e Wagner Moura \u00e0 maior l\u00e1urea do cinema \u00e9, em sua vis\u00e3o, uma evid\u00eancia da capacidade dos artistas do Brasil.<\/p>\n<\/div>\n<div class=\"css-1k9op6x e17x9cvu0\" dir=\"ltr\">\n<p class=\"css-s4cjt0 eea635z0\" dir=\"ltr\">Suas trajet\u00f3rias, ali\u00e1s, s\u00e3o a prova de que os brasileiros n\u00e3o se restringem mais \u00e0 televis\u00e3o \u2014 Moura fez apenas duas novelas em mais de 30 anos de carreira, e Torres abandonou os folhetins ainda no fim dos anos 1980, depois de fazer <i class=\"css-6whwaq ezrtjzf0\">Selva de Pedra<\/i>, da Globo, e n\u00e3o se encontrar no formato.<\/p>\n<\/div>\n<div class=\"css-1k9op6x e17x9cvu0\" dir=\"ltr\">\n<p class=\"css-s4cjt0 eea635z0\" dir=\"ltr\">&#8220;A novela \u00e9 b\u00e1sica, n\u00e9? Os atores precisam dizer muita coisa. \u00c9 muito calcado na palavra e no texto. Os personagens precisam comentar tudo, dizer o que sentem, enquanto no cinema a gente tem uma tradi\u00e7\u00e3o de linguagem de corpo, de emo\u00e7\u00e3o, que \u00e9 muito s\u00f3lida.&#8221;<\/p>\n<\/div>\n<div class=\"css-1k9op6x e17x9cvu0\" dir=\"ltr\">\n<p class=\"css-s4cjt0 eea635z0\" dir=\"ltr\">Um Oscar para dire\u00e7\u00e3o de elenco de <i class=\"css-6whwaq ezrtjzf0\">O Agente Secreto<\/i>, por fim, poderia &#8220;referendar a qualidade t\u00e9cnica dos nossos atores&#8221;, afirma Domingues. &#8220;Seria um pr\u00eamio para mim, que escolhi os atores, mas tamb\u00e9m para todos os que estavam l\u00e1 representando e fazendo um bom trabalho.&#8221;<\/p>\n<\/div>\n<\/div>\n<\/div>\n<\/div>\n<\/div>\n<\/div>\n<\/div>\n","protected":false},"excerpt":{"rendered":"<p>BBC, por Pedro Martins &#8211; Gabriel Domingues est\u00e1 tendo sonhos de que vai ganhar o Oscar. Ele \u00e9 o diretor de elenco de O Agente Secreto, respons\u00e1vel pela escala\u00e7\u00e3o n\u00e3o s\u00f3 de Wagner Moura, que tamb\u00e9m concorre \u00e0 estatueta dourada, mas tamb\u00e9m de novos fen\u00f4menos, como T\u00e2nia Maria, uma costureira que come\u00e7ou a atuar aos&#8230;<a class=\"more-link\" href=\"http:\/\/blogdalucianaoliveira.com.br\/blog\/2026\/03\/12\/as-armas-do-elenco-de-o-agente-secreto-para-conquistar-o-oscar\/\">Continue a leitura <span class=\"meta-nav\">&raquo;<\/span><\/a><\/p>\n","protected":false},"author":1,"featured_media":0,"comment_status":"closed","ping_status":"open","sticky":false,"template":"","format":"standard","meta":{"_exactmetrics_skip_tracking":false,"_exactmetrics_sitenote_active":false,"_exactmetrics_sitenote_note":"","_exactmetrics_sitenote_category":0,"jetpack_post_was_ever_published":false,"_jetpack_newsletter_access":"","_jetpack_dont_email_post_to_subs":false,"_jetpack_newsletter_tier_id":0,"_jetpack_memberships_contains_paywalled_content":false,"_jetpack_memberships_contains_paid_content":false,"footnotes":"","jetpack_publicize_message":"","jetpack_publicize_feature_enabled":true,"jetpack_social_post_already_shared":true,"jetpack_social_options":{"image_generator_settings":{"template":"highway","enabled":false},"version":2}},"categories":[1],"tags":[],"class_list":["post-38471","post","type-post","status-publish","format-standard","hentry","category-notas"],"jetpack_publicize_connections":[],"jetpack_sharing_enabled":true,"jetpack_featured_media_url":"","jetpack_shortlink":"https:\/\/wp.me\/p7wKYW-a0v","jetpack-related-posts":[],"_links":{"self":[{"href":"http:\/\/blogdalucianaoliveira.com.br\/blog\/wp-json\/wp\/v2\/posts\/38471","targetHints":{"allow":["GET"]}}],"collection":[{"href":"http:\/\/blogdalucianaoliveira.com.br\/blog\/wp-json\/wp\/v2\/posts"}],"about":[{"href":"http:\/\/blogdalucianaoliveira.com.br\/blog\/wp-json\/wp\/v2\/types\/post"}],"author":[{"embeddable":true,"href":"http:\/\/blogdalucianaoliveira.com.br\/blog\/wp-json\/wp\/v2\/users\/1"}],"replies":[{"embeddable":true,"href":"http:\/\/blogdalucianaoliveira.com.br\/blog\/wp-json\/wp\/v2\/comments?post=38471"}],"version-history":[{"count":1,"href":"http:\/\/blogdalucianaoliveira.com.br\/blog\/wp-json\/wp\/v2\/posts\/38471\/revisions"}],"predecessor-version":[{"id":38475,"href":"http:\/\/blogdalucianaoliveira.com.br\/blog\/wp-json\/wp\/v2\/posts\/38471\/revisions\/38475"}],"wp:attachment":[{"href":"http:\/\/blogdalucianaoliveira.com.br\/blog\/wp-json\/wp\/v2\/media?parent=38471"}],"wp:term":[{"taxonomy":"category","embeddable":true,"href":"http:\/\/blogdalucianaoliveira.com.br\/blog\/wp-json\/wp\/v2\/categories?post=38471"},{"taxonomy":"post_tag","embeddable":true,"href":"http:\/\/blogdalucianaoliveira.com.br\/blog\/wp-json\/wp\/v2\/tags?post=38471"}],"curies":[{"name":"wp","href":"https:\/\/api.w.org\/{rel}","templated":true}]}}