{"id":38479,"date":"2026-03-12T16:17:20","date_gmt":"2026-03-12T20:17:20","guid":{"rendered":"https:\/\/blogdalucianaoliveira.com.br\/blog\/?p=38479"},"modified":"2026-03-12T16:17:20","modified_gmt":"2026-03-12T20:17:20","slug":"claudia-de-jesus-entrega-veiculo-e-acompanha-construcao-de-muro-na-efa-em-novo-horizonte","status":"publish","type":"post","link":"http:\/\/blogdalucianaoliveira.com.br\/blog\/2026\/03\/12\/claudia-de-jesus-entrega-veiculo-e-acompanha-construcao-de-muro-na-efa-em-novo-horizonte\/","title":{"rendered":"Cl\u00e1udia de Jesus entrega ve\u00edculo e acompanha constru\u00e7\u00e3o de muro na Efa em Novo Horizonte"},"content":{"rendered":"<p><img data-recalc-dims=\"1\" loading=\"lazy\" decoding=\"async\" data-attachment-id=\"38482\" data-permalink=\"http:\/\/blogdalucianaoliveira.com.br\/blog\/2026\/03\/12\/claudia-de-jesus-entrega-veiculo-e-acompanha-construcao-de-muro-na-efa-em-novo-horizonte\/img_9289-2\/\" data-orig-file=\"https:\/\/i0.wp.com\/blogdalucianaoliveira.com.br\/blog\/wp-content\/uploads\/2026\/03\/IMG_9289-1-scaled.jpeg?fit=2560%2C1920\" data-orig-size=\"2560,1920\" data-comments-opened=\"0\" data-image-meta=\"{&quot;aperture&quot;:&quot;1.6&quot;,&quot;credit&quot;:&quot;&quot;,&quot;camera&quot;:&quot;iPhone 16&quot;,&quot;caption&quot;:&quot;&quot;,&quot;created_timestamp&quot;:&quot;0&quot;,&quot;copyright&quot;:&quot;&quot;,&quot;focal_length&quot;:&quot;5.960000038147&quot;,&quot;iso&quot;:&quot;64&quot;,&quot;shutter_speed&quot;:&quot;0.003968253968254&quot;,&quot;title&quot;:&quot;&quot;,&quot;orientation&quot;:&quot;1&quot;}\" data-image-title=\"IMG_9289\" data-image-description=\"\" data-image-caption=\"\" data-medium-file=\"https:\/\/i0.wp.com\/blogdalucianaoliveira.com.br\/blog\/wp-content\/uploads\/2026\/03\/IMG_9289-1-scaled.jpeg?fit=300%2C225\" data-large-file=\"https:\/\/i0.wp.com\/blogdalucianaoliveira.com.br\/blog\/wp-content\/uploads\/2026\/03\/IMG_9289-1-scaled.jpeg?fit=600%2C450\" class=\"aligncenter size-full wp-image-38482\" src=\"https:\/\/i0.wp.com\/blogdalucianaoliveira.com.br\/blog\/wp-content\/uploads\/2026\/03\/IMG_9289-1-scaled.jpeg?resize=600%2C450\" alt=\"\" width=\"600\" height=\"450\" srcset=\"https:\/\/i0.wp.com\/blogdalucianaoliveira.com.br\/blog\/wp-content\/uploads\/2026\/03\/IMG_9289-1-scaled.jpeg?w=2560 2560w, https:\/\/i0.wp.com\/blogdalucianaoliveira.com.br\/blog\/wp-content\/uploads\/2026\/03\/IMG_9289-1-scaled.jpeg?resize=300%2C225 300w, https:\/\/i0.wp.com\/blogdalucianaoliveira.com.br\/blog\/wp-content\/uploads\/2026\/03\/IMG_9289-1-scaled.jpeg?resize=1024%2C768 1024w, https:\/\/i0.wp.com\/blogdalucianaoliveira.com.br\/blog\/wp-content\/uploads\/2026\/03\/IMG_9289-1-scaled.jpeg?resize=768%2C576 768w, https:\/\/i0.wp.com\/blogdalucianaoliveira.com.br\/blog\/wp-content\/uploads\/2026\/03\/IMG_9289-1-scaled.jpeg?resize=1536%2C1152 1536w, https:\/\/i0.wp.com\/blogdalucianaoliveira.com.br\/blog\/wp-content\/uploads\/2026\/03\/IMG_9289-1-scaled.jpeg?resize=2048%2C1536 2048w, https:\/\/i0.wp.com\/blogdalucianaoliveira.com.br\/blog\/wp-content\/uploads\/2026\/03\/IMG_9289-1-scaled.jpeg?resize=400%2C300 400w, https:\/\/i0.wp.com\/blogdalucianaoliveira.com.br\/blog\/wp-content\/uploads\/2026\/03\/IMG_9289-1-scaled.jpeg?w=1200 1200w, https:\/\/i0.wp.com\/blogdalucianaoliveira.com.br\/blog\/wp-content\/uploads\/2026\/03\/IMG_9289-1-scaled.jpeg?w=1800 1800w\" sizes=\"auto, (max-width: 600px) 100vw, 600px\" \/><\/p>\n<p>Escola que atende estudantes de 15 munic\u00edpios recebe melhorias para fortalecer a educa\u00e7\u00e3o.<!--more--><\/p>\n<p>A deputada estadual Cl\u00e1udia de Jesus (PT) visitou, na \u00faltima quarta-feira (11), a Escola Fam\u00edlia Agr\u00edcola Chico Mendes (EFA), em Novo Horizonte do Oeste, onde realizou a entrega de um ve\u00edculo destinado \u00e0 institui\u00e7\u00e3o e acompanhou o andamento das obras de constru\u00e7\u00e3o do muro da escola. O investimento, destinado no \u00faltimo ano, soma R$ 233.886,28 e tem como objetivo fortalecer a estrutura da unidade de ensino voltada \u00e0 educa\u00e7\u00e3o no campo.<\/p>\n<p>Durante a visita, a deputada destacou a import\u00e2ncia de apoiar iniciativas que fortalecem a educa\u00e7\u00e3o no campo. \u201cMeus investimentos continuar\u00e3o chegando \u00e0s Escolas Fam\u00edlias Agr\u00edcolas em todo o estado. Acredito que a pedagogia da altern\u00e2ncia \u00e9 uma metodologia que atende as fam\u00edlias do campo e fortalece a perman\u00eancia dos jovens na atividade rural\u201d, afirmou. Mantida por uma associa\u00e7\u00e3o, a escola funciona h\u00e1 32 anos, atende 118 estudantes de 15 munic\u00edpios de Rond\u00f4nia e j\u00e1 formou mais de 455 alunos no ensino m\u00e9dio t\u00e9cnico em agropecu\u00e1ria.<\/p>\n<p>Os recursos est\u00e3o sendo utilizados para a constru\u00e7\u00e3o de um muro com\u00a0296,13 metros de extens\u00e3o, em uma \u00e1rea de\u00a031 hectares, garantindo mais seguran\u00e7a para os estudantes, al\u00e9m de impedir a entrada de animais e proteger o patrim\u00f4nio da institui\u00e7\u00e3o. A EFA atende principalmente filhos de fam\u00edlias de baixa renda e produtores rurais, contribuindo para a forma\u00e7\u00e3o de jovens no meio rural por meio da pedagogia da altern\u00e2ncia.<\/p>\n","protected":false},"excerpt":{"rendered":"<p>Escola que atende estudantes de 15 munic\u00edpios recebe melhorias para fortalecer a educa\u00e7\u00e3o.<\/p>\n","protected":false},"author":1,"featured_media":0,"comment_status":"closed","ping_status":"open","sticky":false,"template":"","format":"standard","meta":{"_exactmetrics_skip_tracking":false,"_exactmetrics_sitenote_active":false,"_exactmetrics_sitenote_note":"","_exactmetrics_sitenote_category":0,"jetpack_post_was_ever_published":false,"_jetpack_newsletter_access":"","_jetpack_dont_email_post_to_subs":false,"_jetpack_newsletter_tier_id":0,"_jetpack_memberships_contains_paywalled_content":false,"_jetpack_memberships_contains_paid_content":false,"footnotes":"","jetpack_publicize_message":"","jetpack_publicize_feature_enabled":true,"jetpack_social_post_already_shared":true,"jetpack_social_options":{"image_generator_settings":{"template":"highway","enabled":false},"version":2}},"categories":[1],"tags":[1429,1635,1460],"class_list":["post-38479","post","type-post","status-publish","format-standard","hentry","category-notas","tag-deputada-claudia-de-jesus","tag-efa","tag-trator"],"jetpack_publicize_connections":[],"jetpack_sharing_enabled":true,"jetpack_featured_media_url":"","jetpack_shortlink":"https:\/\/wp.me\/p7wKYW-a0D","jetpack-related-posts":[],"_links":{"self":[{"href":"http:\/\/blogdalucianaoliveira.com.br\/blog\/wp-json\/wp\/v2\/posts\/38479","targetHints":{"allow":["GET"]}}],"collection":[{"href":"http:\/\/blogdalucianaoliveira.com.br\/blog\/wp-json\/wp\/v2\/posts"}],"about":[{"href":"http:\/\/blogdalucianaoliveira.com.br\/blog\/wp-json\/wp\/v2\/types\/post"}],"author":[{"embeddable":true,"href":"http:\/\/blogdalucianaoliveira.com.br\/blog\/wp-json\/wp\/v2\/users\/1"}],"replies":[{"embeddable":true,"href":"http:\/\/blogdalucianaoliveira.com.br\/blog\/wp-json\/wp\/v2\/comments?post=38479"}],"version-history":[{"count":1,"href":"http:\/\/blogdalucianaoliveira.com.br\/blog\/wp-json\/wp\/v2\/posts\/38479\/revisions"}],"predecessor-version":[{"id":38483,"href":"http:\/\/blogdalucianaoliveira.com.br\/blog\/wp-json\/wp\/v2\/posts\/38479\/revisions\/38483"}],"wp:attachment":[{"href":"http:\/\/blogdalucianaoliveira.com.br\/blog\/wp-json\/wp\/v2\/media?parent=38479"}],"wp:term":[{"taxonomy":"category","embeddable":true,"href":"http:\/\/blogdalucianaoliveira.com.br\/blog\/wp-json\/wp\/v2\/categories?post=38479"},{"taxonomy":"post_tag","embeddable":true,"href":"http:\/\/blogdalucianaoliveira.com.br\/blog\/wp-json\/wp\/v2\/tags?post=38479"}],"curies":[{"name":"wp","href":"https:\/\/api.w.org\/{rel}","templated":true}]}}