{"id":38484,"date":"2026-03-16T13:38:43","date_gmt":"2026-03-16T17:38:43","guid":{"rendered":"https:\/\/blogdalucianaoliveira.com.br\/blog\/?p=38484"},"modified":"2026-03-16T13:38:43","modified_gmt":"2026-03-16T17:38:43","slug":"bndes-aprova-r-105-bi-para-energia-em-tres-estados","status":"publish","type":"post","link":"http:\/\/blogdalucianaoliveira.com.br\/blog\/2026\/03\/16\/bndes-aprova-r-105-bi-para-energia-em-tres-estados\/","title":{"rendered":"BNDES aprova R$ 1,05 bi para energia em tr\u00eas estados"},"content":{"rendered":"<p><img data-recalc-dims=\"1\" loading=\"lazy\" decoding=\"async\" data-attachment-id=\"38485\" data-permalink=\"http:\/\/blogdalucianaoliveira.com.br\/blog\/2026\/03\/16\/bndes-aprova-r-105-bi-para-energia-em-tres-estados\/img_9617\/\" data-orig-file=\"https:\/\/i0.wp.com\/blogdalucianaoliveira.com.br\/blog\/wp-content\/uploads\/2026\/03\/IMG_9617.webp?fit=500%2C240\" data-orig-size=\"500,240\" data-comments-opened=\"0\" data-image-meta=\"{&quot;aperture&quot;:&quot;0&quot;,&quot;credit&quot;:&quot;&quot;,&quot;camera&quot;:&quot;&quot;,&quot;caption&quot;:&quot;&quot;,&quot;created_timestamp&quot;:&quot;0&quot;,&quot;copyright&quot;:&quot;&quot;,&quot;focal_length&quot;:&quot;0&quot;,&quot;iso&quot;:&quot;0&quot;,&quot;shutter_speed&quot;:&quot;0&quot;,&quot;title&quot;:&quot;&quot;,&quot;orientation&quot;:&quot;0&quot;}\" data-image-title=\"IMG_9617\" data-image-description=\"\" data-image-caption=\"\" data-medium-file=\"https:\/\/i0.wp.com\/blogdalucianaoliveira.com.br\/blog\/wp-content\/uploads\/2026\/03\/IMG_9617.webp?fit=300%2C144\" data-large-file=\"https:\/\/i0.wp.com\/blogdalucianaoliveira.com.br\/blog\/wp-content\/uploads\/2026\/03\/IMG_9617.webp?fit=500%2C240\" class=\"aligncenter size-full wp-image-38485\" src=\"https:\/\/i0.wp.com\/blogdalucianaoliveira.com.br\/blog\/wp-content\/uploads\/2026\/03\/IMG_9617.webp?resize=500%2C240\" alt=\"\" width=\"500\" height=\"240\" srcset=\"https:\/\/i0.wp.com\/blogdalucianaoliveira.com.br\/blog\/wp-content\/uploads\/2026\/03\/IMG_9617.webp?w=500 500w, https:\/\/i0.wp.com\/blogdalucianaoliveira.com.br\/blog\/wp-content\/uploads\/2026\/03\/IMG_9617.webp?resize=300%2C144 300w\" sizes=\"auto, (max-width: 500px) 100vw, 500px\" \/><\/p>\n<h2 class=\"article__lead\">Recursos financiar\u00e3o expans\u00e3o da rede, moderniza\u00e7\u00e3o e atendimento a novos consumidores em AC, TO e MT<\/h2>\n<p><!--more--><b>247 &#8211; <\/b>O Banco Nacional de Desenvolvimento Econ\u00f4mico e Social (BNDES) aprovou financiamento de R$ 1,05 bilh\u00e3o para apoiar investimentos em distribuidoras de energia el\u00e9trica que operam no Acre, Tocantins e Mato Grosso. Os recursos ser\u00e3o destinados \u00e0 moderniza\u00e7\u00e3o do sistema, \u00e0 expans\u00e3o da rede e \u00e0 amplia\u00e7\u00e3o do atendimento a novos consumidores nesses estados.<\/p>\n<p>Segundo o banco, o apoio financeiro foi estruturado por meio de tr\u00eas emiss\u00f5es de deb\u00eantures coordenadas pela institui\u00e7\u00e3o para financiar os planos de investimento das empresas Energisa Acre Distribuidora de Energia S.A., Energisa Tocantins Distribuidora de Energia S.A. e Energisa Mato Grosso Distribuidora de Energia S.A. A integraliza\u00e7\u00e3o dos t\u00edtulos ocorreu em 20 de fevereiro.<\/p>\n<div class=\"marginBottom30\">\n<div class=\"ad ad--center marginBottom0\">\n<div id=\"b247-multipage-video-1\" data-google-query-id=\"CJTVs4_6pJMDFQk8HgAdeiQstQ\">\n<div id=\"google_ads_iframe_\/55115104\/b247-multipage-video-1_0__container__\"><\/div>\n<div id=\"notsy_container_46033190\" class=\"B24_VIDEO_GAM\" data-notsy-container-index=\"1\" data-notsy-mapped-container=\"1\"><\/div>\n<\/div>\n<\/div>\n<\/div>\n<h2>Investimentos para ampliar rede el\u00e9trica<\/h2>\n<p>Os recursos aprovados permitir\u00e3o investimentos em diversas frentes do sistema de distribui\u00e7\u00e3o de energia. Entre as a\u00e7\u00f5es previstas est\u00e3o a substitui\u00e7\u00e3o de equipamentos, a conex\u00e3o de novas unidades consumidoras \u00e0 rede el\u00e9trica e a instala\u00e7\u00e3o de novos sistemas de medi\u00e7\u00e3o.<\/p>\n<p>O plano tamb\u00e9m inclui a adequa\u00e7\u00e3o de tens\u00e3o e carga das liga\u00e7\u00f5es, al\u00e9m da regulariza\u00e7\u00e3o de consumidores clandestinos. Est\u00e3o previstas ainda a constru\u00e7\u00e3o de novas subesta\u00e7\u00f5es, a amplia\u00e7\u00e3o e moderniza\u00e7\u00e3o das unidades existentes e a implanta\u00e7\u00e3o de novas linhas de distribui\u00e7\u00e3o.<\/p>\n<p>Al\u00e9m disso, parte dos investimentos ser\u00e1 destinada \u00e0 aquisi\u00e7\u00e3o de equipamentos de rede para acompanhar o crescimento da demanda por energia el\u00e9trica nas regi\u00f5es atendidas.<\/p>\n<h2>Opera\u00e7\u00e3o via deb\u00eantures incentivadas<\/h2>\n<p>De acordo com o presidente do BNDES, Aloizio Mercadante, o financiamento busca refor\u00e7ar a infraestrutura do setor el\u00e9trico e ampliar a qualidade do servi\u00e7o prestado \u00e0 popula\u00e7\u00e3o.<\/p>\n<p>\u201cO setor de distribui\u00e7\u00e3o de energia el\u00e9trica demanda investimentos intensivos de moderniza\u00e7\u00e3o, expans\u00e3o e adequa\u00e7\u00e3o constante de sua capacidade instalada, para garantir a qualidade do servi\u00e7o de distribui\u00e7\u00e3o e o atendimento \u00e0 demanda por energia el\u00e9trica dos atuais e de novos clientes. O apoio do BNDES utiliza instrumentos mais modernos, como as deb\u00eantures incentivadas, atuando como fonte complementar ao mercado de capitais e diversificando a base de investidores. Com disso, contribui para a expans\u00e3o e a melhoria da qualidade para atender as necessidades dos brasileiros que vivem no Acre, em Tocantins e no Mato Grosso, conforme a determina\u00e7\u00e3o do presidente Lula\u201d, afirmou.<\/p>\n<p>O diretor de Finan\u00e7as Corporativas do Grupo Energisa, Marcus Albernaz, destacou o impacto da opera\u00e7\u00e3o para a infraestrutura el\u00e9trica da regi\u00e3o.<\/p>\n<p>\u201cEssa opera\u00e7\u00e3o representa um avan\u00e7o relevante ao viabilizar aportes estruturantes que ampliam a capacidade, a confiabilidade e a qualidade do fornecimento de energia para mais de 300 munic\u00edpios, beneficiando diretamente mais de 6 milh\u00f5es de pessoas. Nosso objetivo \u00e9 oferecer um servi\u00e7o cada vez mais eficiente, resiliente e alinhado \u00e0s necessidades atuais e futuras dos nossos clientes\u201d, declarou.<\/p>\n<p>Albernaz tamb\u00e9m ressaltou as condi\u00e7\u00f5es financeiras obtidas com a opera\u00e7\u00e3o. \u201cAl\u00e9m disso, as deb\u00eantures possuem condi\u00e7\u00f5es de taxas de juros e prazos bastante competitivos. Aqui na Energisa atuamos com elevada efici\u00eancia operacional e gest\u00e3o rigorosa dos recursos, combinando disciplina financeira, planejamento t\u00e9cnico e inova\u00e7\u00e3o para maximizar resultados, reduzir custos e gerar valor sustent\u00e1vel\u201d, completou.<\/p>\n<h2>Energisa amplia atua\u00e7\u00e3o no setor energ\u00e9tico<\/h2>\n<p>Fundado em 1905 na Zona da Mata mineira, o Grupo Energisa tornou-se um dos maiores grupos privados do setor el\u00e9trico brasileiro. Atualmente, a empresa possui nove distribuidoras de energia el\u00e9trica, 13 concess\u00f5es de transmiss\u00e3o e uma usina de gera\u00e7\u00e3o fotovoltaica centralizada.<\/p>\n<p>O portf\u00f3lio tamb\u00e9m inclui a marca (re)energisa, voltada a solu\u00e7\u00f5es energ\u00e9ticas, que re\u00fane um dos maiores parques de gera\u00e7\u00e3o distribu\u00edda fotovoltaica do pa\u00eds, al\u00e9m de atividades de comercializa\u00e7\u00e3o de energia no mercado livre e servi\u00e7os de valor agregado.<\/p>\n<p>Nos \u00faltimos anos, o grupo expandiu sua atua\u00e7\u00e3o para novos segmentos do setor energ\u00e9tico. Em julho de 2023, passou a atuar na distribui\u00e7\u00e3o e comercializa\u00e7\u00e3o de g\u00e1s natural ap\u00f3s adquirir a ES G\u00e1s. J\u00e1 em novembro de 2024, a empresa adquiriu participa\u00e7\u00e3o nos ativos das companhias Ceg\u00e1s, Coperg\u00e1s, Alg\u00e1s e Potig\u00e1s.<\/p>\n<p>A companhia tamb\u00e9m atua na produ\u00e7\u00e3o e comercializa\u00e7\u00e3o de biossolu\u00e7\u00f5es voltadas ao tratamento de res\u00edduos do setor agroindustrial, produ\u00e7\u00e3o de biometano e biofertilizantes, por meio das usinas da Agric, em Santa Catarina, e da Lurean, no Paran\u00e1.<\/p>\n<p>Atualmente, o Grupo Energisa atende mais de 20 milh\u00f5es de pessoas em 939 munic\u00edpios brasileiros e gera mais de 20 mil empregos diretos e indiretos.<\/p>\n","protected":false},"excerpt":{"rendered":"<p>Recursos financiar\u00e3o expans\u00e3o da rede, moderniza\u00e7\u00e3o e atendimento a novos consumidores em AC, TO e MT<\/p>\n","protected":false},"author":1,"featured_media":0,"comment_status":"closed","ping_status":"open","sticky":false,"template":"","format":"standard","meta":{"_exactmetrics_skip_tracking":false,"_exactmetrics_sitenote_active":false,"_exactmetrics_sitenote_note":"","_exactmetrics_sitenote_category":0,"jetpack_post_was_ever_published":false,"_jetpack_newsletter_access":"","_jetpack_dont_email_post_to_subs":false,"_jetpack_newsletter_tier_id":0,"_jetpack_memberships_contains_paywalled_content":false,"_jetpack_memberships_contains_paid_content":false,"footnotes":"","jetpack_publicize_message":"","jetpack_publicize_feature_enabled":true,"jetpack_social_post_already_shared":true,"jetpack_social_options":{"image_generator_settings":{"template":"highway","enabled":false},"version":2}},"categories":[1],"tags":[],"class_list":["post-38484","post","type-post","status-publish","format-standard","hentry","category-notas"],"jetpack_publicize_connections":[],"jetpack_sharing_enabled":true,"jetpack_featured_media_url":"","jetpack_shortlink":"https:\/\/wp.me\/p7wKYW-a0I","jetpack-related-posts":[],"_links":{"self":[{"href":"http:\/\/blogdalucianaoliveira.com.br\/blog\/wp-json\/wp\/v2\/posts\/38484","targetHints":{"allow":["GET"]}}],"collection":[{"href":"http:\/\/blogdalucianaoliveira.com.br\/blog\/wp-json\/wp\/v2\/posts"}],"about":[{"href":"http:\/\/blogdalucianaoliveira.com.br\/blog\/wp-json\/wp\/v2\/types\/post"}],"author":[{"embeddable":true,"href":"http:\/\/blogdalucianaoliveira.com.br\/blog\/wp-json\/wp\/v2\/users\/1"}],"replies":[{"embeddable":true,"href":"http:\/\/blogdalucianaoliveira.com.br\/blog\/wp-json\/wp\/v2\/comments?post=38484"}],"version-history":[{"count":1,"href":"http:\/\/blogdalucianaoliveira.com.br\/blog\/wp-json\/wp\/v2\/posts\/38484\/revisions"}],"predecessor-version":[{"id":38486,"href":"http:\/\/blogdalucianaoliveira.com.br\/blog\/wp-json\/wp\/v2\/posts\/38484\/revisions\/38486"}],"wp:attachment":[{"href":"http:\/\/blogdalucianaoliveira.com.br\/blog\/wp-json\/wp\/v2\/media?parent=38484"}],"wp:term":[{"taxonomy":"category","embeddable":true,"href":"http:\/\/blogdalucianaoliveira.com.br\/blog\/wp-json\/wp\/v2\/categories?post=38484"},{"taxonomy":"post_tag","embeddable":true,"href":"http:\/\/blogdalucianaoliveira.com.br\/blog\/wp-json\/wp\/v2\/tags?post=38484"}],"curies":[{"name":"wp","href":"https:\/\/api.w.org\/{rel}","templated":true}]}}