{"id":38487,"date":"2026-03-16T13:47:04","date_gmt":"2026-03-16T17:47:04","guid":{"rendered":"https:\/\/blogdalucianaoliveira.com.br\/blog\/?p=38487"},"modified":"2026-03-16T13:47:04","modified_gmt":"2026-03-16T17:47:04","slug":"brasil-fecha-oscar-2026-sem-estatuetas-enquanto-uma-batalha-apos-a-outra-lidera-a-noite-a-gente-ja-fez-historia-com-essas-indicacoes","status":"publish","type":"post","link":"http:\/\/blogdalucianaoliveira.com.br\/blog\/2026\/03\/16\/brasil-fecha-oscar-2026-sem-estatuetas-enquanto-uma-batalha-apos-a-outra-lidera-a-noite-a-gente-ja-fez-historia-com-essas-indicacoes\/","title":{"rendered":"Brasil fecha Oscar 2026 sem estatuetas, enquanto Uma Batalha Ap\u00f3s a Outra lidera a noite: \u2018A gente j\u00e1 fez hist\u00f3ria com essas indica\u00e7\u00f5es\u2019"},"content":{"rendered":"<p><img data-recalc-dims=\"1\" loading=\"lazy\" decoding=\"async\" data-attachment-id=\"38490\" data-permalink=\"http:\/\/blogdalucianaoliveira.com.br\/blog\/2026\/03\/16\/brasil-fecha-oscar-2026-sem-estatuetas-enquanto-uma-batalha-apos-a-outra-lidera-a-noite-a-gente-ja-fez-historia-com-essas-indicacoes\/img_9618\/\" data-orig-file=\"https:\/\/i0.wp.com\/blogdalucianaoliveira.com.br\/blog\/wp-content\/uploads\/2026\/03\/IMG_9618.webp?fit=1200%2C800\" data-orig-size=\"1200,800\" data-comments-opened=\"0\" data-image-meta=\"{&quot;aperture&quot;:&quot;0&quot;,&quot;credit&quot;:&quot;&quot;,&quot;camera&quot;:&quot;&quot;,&quot;caption&quot;:&quot;&quot;,&quot;created_timestamp&quot;:&quot;0&quot;,&quot;copyright&quot;:&quot;&quot;,&quot;focal_length&quot;:&quot;0&quot;,&quot;iso&quot;:&quot;0&quot;,&quot;shutter_speed&quot;:&quot;0&quot;,&quot;title&quot;:&quot;&quot;,&quot;orientation&quot;:&quot;0&quot;}\" data-image-title=\"IMG_9618\" data-image-description=\"\" data-image-caption=\"\" data-medium-file=\"https:\/\/i0.wp.com\/blogdalucianaoliveira.com.br\/blog\/wp-content\/uploads\/2026\/03\/IMG_9618.webp?fit=300%2C200\" data-large-file=\"https:\/\/i0.wp.com\/blogdalucianaoliveira.com.br\/blog\/wp-content\/uploads\/2026\/03\/IMG_9618.webp?fit=600%2C400\" class=\"aligncenter size-full wp-image-38490\" src=\"https:\/\/i0.wp.com\/blogdalucianaoliveira.com.br\/blog\/wp-content\/uploads\/2026\/03\/IMG_9618.webp?resize=600%2C400\" alt=\"\" width=\"600\" height=\"400\" srcset=\"https:\/\/i0.wp.com\/blogdalucianaoliveira.com.br\/blog\/wp-content\/uploads\/2026\/03\/IMG_9618.webp?w=1200 1200w, https:\/\/i0.wp.com\/blogdalucianaoliveira.com.br\/blog\/wp-content\/uploads\/2026\/03\/IMG_9618.webp?resize=300%2C200 300w, https:\/\/i0.wp.com\/blogdalucianaoliveira.com.br\/blog\/wp-content\/uploads\/2026\/03\/IMG_9618.webp?resize=1024%2C683 1024w, https:\/\/i0.wp.com\/blogdalucianaoliveira.com.br\/blog\/wp-content\/uploads\/2026\/03\/IMG_9618.webp?resize=768%2C512 768w, https:\/\/i0.wp.com\/blogdalucianaoliveira.com.br\/blog\/wp-content\/uploads\/2026\/03\/IMG_9618.webp?resize=450%2C300 450w\" sizes=\"auto, (max-width: 600px) 100vw, 600px\" \/><\/p>\n<h2 class=\"elementor-heading-title elementor-size-default\">Entre os momentos mais marcantes, Autumn Durald Arkapaw se tornou a primeira mulher a vencer o Oscar de fotografia<\/h2>\n<p><!--more-->Brasil de Fato &#8211; O <a href=\"https:\/\/www.brasildefato.com.br\/2026\/03\/15\/oscar-2026-o-agente-secreto-e-derrotado-por-uma-batalha-apos-a-outra-filme-que-expoe-autoritarismo-e-supremacismo-nos-eua\/\">Brasil encerrou o Oscar 2026 sem estatuetas<\/a>, apesar de ter chegado \u00e0 cerim\u00f4nia com cinco indica\u00e7\u00f5es, quatro delas por <em><a href=\"https:\/\/www.brasildefato.com.br\/2026\/03\/14\/14-e-bv-gabriel-leone-celebra-reconexao-do-publico-com-cinema-nacional-e-clima-de-copa-com-o-agente-secreto-no-oscar\/\">O Agente Secreto<\/a><\/em> e uma por Adolpho Veloso, indicado a melhor fotografia por <em>Sonhos de Trem<\/em>. Ao mesmo tempo, <a href=\"https:\/\/www.brasildefato.com.br\/2026\/03\/15\/oscar-2026-o-agente-secreto-e-derrotado-por-uma-batalha-apos-a-outra-filme-que-expoe-autoritarismo-e-supremacismo-nos-eua\/\"><em>Uma Batalha Ap\u00f3s a Outra<\/em><\/a> foi o principal vencedor da noite, com seis pr\u00eamios, incluindo melhor filme e dire\u00e7\u00e3o. Para a cr\u00edtica de cinema, roteirista e curadora Lorenna Montenegro, o saldo brasileiro n\u00e3o deve ser lido apenas pela aus\u00eancia de vit\u00f3rias. \u201cA gente j\u00e1 fez hist\u00f3ria tamb\u00e9m com essas indica\u00e7\u00f5es, com esse reconhecimento que o filme teve na temporada\u201d, afirmou ao <strong>Brasil de Fato<\/strong>.<\/p>\n<p>Na avalia\u00e7\u00e3o dela, o longa \u201csai como Cidade de Deus, sem nenhum Oscar mediante quatro indica\u00e7\u00f5es\u201d, numa refer\u00eancia ao longa de Fernando Meirelles, que tamb\u00e9m terminou sua passagem pela Academia sem vit\u00f3rias apesar de m\u00faltiplas nomea\u00e7\u00f5es.<\/p>\n<p><em>O Agente Secreto<\/em> foi indicado em quatro categorias: de melhor filme, melhor ator, melhor sele\u00e7\u00e3o de elenco e melhor filme internacional. Na categoria internacional, o longa de Kleber Mendon\u00e7a Filho foi derrotado por <em>Valor Sentimental<\/em>, da Noruega.<\/p>\n<p>Para a cr\u00edtica, o desempenho da produ\u00e7\u00e3o norueguesa na corrida pode ter pesado na vota\u00e7\u00e3o de filme internacional. \u201c<em>Valor Sentimental<\/em>tinha nove indica\u00e7\u00f5es. Isso, no final das contas, fez a diferen\u00e7a pelo menos perante o corpo votante\u201d, afirma. Ela pondera, por\u00e9m, que o encerramento da campanha n\u00e3o deve ser tratado em chave de frustra\u00e7\u00e3o simples. \u201cHoje \u00e9 um dia para celebrar esses nove meses de campanha.\u201d<br \/>\nO balan\u00e7o, diz Lorenna, tamb\u00e9m passa por pensar no que fazer com a visibilidade conquistada por <em>O Agente Secreto<\/em>. Em vez de reduzir a temporada ao resultado final do Oscar, ela defende que a circula\u00e7\u00e3o do longa seja lida como parte de um processo mais amplo de fortalecimento do cinema brasileiro.<\/p>\n<p>\u201cA gente precisa realmente capitalizar isso para que o cinema brasileiro seja cada vez mais pulsante e potente\u201d, afirma. Na leitura da cr\u00edtica, o caso do filme de <a href=\"https:\/\/www.brasildefato.com.br\/2026\/01\/23\/conheca-as-politicas-publicas-que-abriram-os-caminhos-de-o-agente-secreto-e-kleber-mendonca-ao-oscar\/\">Kleber Mendon\u00e7a Filho<\/a> ajuda a refor\u00e7ar a necessidade de ampliar esse espa\u00e7o para al\u00e9m de nomes j\u00e1 consolidados no circuito internacional.<\/p>\n<p>Ela diz ainda que o mais importante \u00e9 observar o que a temporada deixa como ac\u00famulo para os pr\u00f3ximos anos. \u201cO que importa \u00e9 que, no final das contas, a gente consiga olhar para esses momentos como uma temporada de premia\u00e7\u00f5es e extrair o melhor que \u00e9 poss\u00edvel\u201d, afirma. E completa: \u201cQue bom que a gente tem um <em>Agente Secreto<\/em>, <em>Ainda Estou Aqui<\/em> e tantos outros filmes formid\u00e1veis.\u201d<\/p>\n<p><img data-recalc-dims=\"1\" loading=\"lazy\" decoding=\"async\" data-attachment-id=\"38488\" data-permalink=\"http:\/\/blogdalucianaoliveira.com.br\/blog\/2026\/03\/16\/brasil-fecha-oscar-2026-sem-estatuetas-enquanto-uma-batalha-apos-a-outra-lidera-a-noite-a-gente-ja-fez-historia-com-essas-indicacoes\/img_9619\/\" data-orig-file=\"https:\/\/i0.wp.com\/blogdalucianaoliveira.com.br\/blog\/wp-content\/uploads\/2026\/03\/IMG_9619.webp?fit=1200%2C800\" data-orig-size=\"1200,800\" data-comments-opened=\"0\" data-image-meta=\"{&quot;aperture&quot;:&quot;0&quot;,&quot;credit&quot;:&quot;&quot;,&quot;camera&quot;:&quot;&quot;,&quot;caption&quot;:&quot;&quot;,&quot;created_timestamp&quot;:&quot;0&quot;,&quot;copyright&quot;:&quot;&quot;,&quot;focal_length&quot;:&quot;0&quot;,&quot;iso&quot;:&quot;0&quot;,&quot;shutter_speed&quot;:&quot;0&quot;,&quot;title&quot;:&quot;&quot;,&quot;orientation&quot;:&quot;0&quot;}\" data-image-title=\"IMG_9619\" data-image-description=\"\" data-image-caption=\"\" data-medium-file=\"https:\/\/i0.wp.com\/blogdalucianaoliveira.com.br\/blog\/wp-content\/uploads\/2026\/03\/IMG_9619.webp?fit=300%2C200\" data-large-file=\"https:\/\/i0.wp.com\/blogdalucianaoliveira.com.br\/blog\/wp-content\/uploads\/2026\/03\/IMG_9619.webp?fit=600%2C400\" class=\"aligncenter size-full wp-image-38488\" src=\"https:\/\/i0.wp.com\/blogdalucianaoliveira.com.br\/blog\/wp-content\/uploads\/2026\/03\/IMG_9619.webp?resize=600%2C400\" alt=\"\" width=\"600\" height=\"400\" srcset=\"https:\/\/i0.wp.com\/blogdalucianaoliveira.com.br\/blog\/wp-content\/uploads\/2026\/03\/IMG_9619.webp?w=1200 1200w, https:\/\/i0.wp.com\/blogdalucianaoliveira.com.br\/blog\/wp-content\/uploads\/2026\/03\/IMG_9619.webp?resize=300%2C200 300w, https:\/\/i0.wp.com\/blogdalucianaoliveira.com.br\/blog\/wp-content\/uploads\/2026\/03\/IMG_9619.webp?resize=1024%2C683 1024w, https:\/\/i0.wp.com\/blogdalucianaoliveira.com.br\/blog\/wp-content\/uploads\/2026\/03\/IMG_9619.webp?resize=768%2C512 768w, https:\/\/i0.wp.com\/blogdalucianaoliveira.com.br\/blog\/wp-content\/uploads\/2026\/03\/IMG_9619.webp?resize=450%2C300 450w\" sizes=\"auto, (max-width: 600px) 100vw, 600px\" \/><\/p>\n<h4 class=\"wp-block-heading\">Vencedor da noite<\/h4>\n<p>O grande nome da noite foi <em>Uma Batalha Ap\u00f3s a Outra<\/em>, de Paul Thomas Anderson. Al\u00e9m de vencer melhor filme, o longa levou dire\u00e7\u00e3o, roteiro adaptado, montagem, sele\u00e7\u00e3o de elenco e ator coadjuvante, com Sean Penn. Para Lorenna, o desempenho do filme era esperado, ainda que n\u00e3o necessariamente na dimens\u00e3o em que se confirmou. \u201cFoi o grande vencedor da noite, como era de se esperar, mas talvez n\u00e3o pela quantidade de pr\u00eamios\u201d, diz.<\/p>\n<p>Na leitura da cr\u00edtica, a cerim\u00f4nia tamb\u00e9m acabou funcionando como consagra\u00e7\u00e3o tardia de Anderson junto \u00e0 Academia. \u201cO Oscar adora fazer isso: n\u00e3o premia um artista quando ele merece, mas, se ele espera uns bons anos, acaba sendo premiado pelo conjunto da obra\u201d, afirma.<\/p>\n<p>J\u00e1 <em>Pecadores<\/em>, que chegou \u00e0 noite com 16 indica\u00e7\u00f5es, teve um desempenho mais contido do que parte das previs\u00f5es sugeria. O filme venceu em melhor ator, com Michael B. Jordan, fotografia, trilha sonora original e roteiro original.<\/p>\n<p>Dirigido por Ryan Coogler, o longa se passa no Mississippi segregado dos anos 1930 e acompanha dois irm\u00e3os g\u00eameos que retornam \u00e0 regi\u00e3o para abrir um clube de blues. A partir dessa hist\u00f3ria, <em>Pecadores<\/em> articula horror, m\u00fasica e coment\u00e1rio social em uma narrativa marcada por racismo estrutural, viol\u00eancia supremacista e disputa em torno da cultura negra nos Estados Unidos. O filme tamb\u00e9m foi lido ao longo da temporada como uma obra sobre mem\u00f3ria, ancestralidade africana e apropria\u00e7\u00e3o cultural. \u201cDas 16 indica\u00e7\u00f5es, <em>Pecadores<\/em> saiu com modest\u00edssimos quatro pr\u00eamios\u201d, resume Lorenna.<\/p>\n<p><img data-recalc-dims=\"1\" loading=\"lazy\" decoding=\"async\" data-attachment-id=\"38489\" data-permalink=\"http:\/\/blogdalucianaoliveira.com.br\/blog\/2026\/03\/16\/brasil-fecha-oscar-2026-sem-estatuetas-enquanto-uma-batalha-apos-a-outra-lidera-a-noite-a-gente-ja-fez-historia-com-essas-indicacoes\/img_9620\/\" data-orig-file=\"https:\/\/i0.wp.com\/blogdalucianaoliveira.com.br\/blog\/wp-content\/uploads\/2026\/03\/IMG_9620.webp?fit=1200%2C759\" data-orig-size=\"1200,759\" data-comments-opened=\"0\" data-image-meta=\"{&quot;aperture&quot;:&quot;0&quot;,&quot;credit&quot;:&quot;&quot;,&quot;camera&quot;:&quot;&quot;,&quot;caption&quot;:&quot;&quot;,&quot;created_timestamp&quot;:&quot;0&quot;,&quot;copyright&quot;:&quot;&quot;,&quot;focal_length&quot;:&quot;0&quot;,&quot;iso&quot;:&quot;0&quot;,&quot;shutter_speed&quot;:&quot;0&quot;,&quot;title&quot;:&quot;&quot;,&quot;orientation&quot;:&quot;0&quot;}\" data-image-title=\"IMG_9620\" data-image-description=\"\" data-image-caption=\"\" data-medium-file=\"https:\/\/i0.wp.com\/blogdalucianaoliveira.com.br\/blog\/wp-content\/uploads\/2026\/03\/IMG_9620.webp?fit=300%2C190\" data-large-file=\"https:\/\/i0.wp.com\/blogdalucianaoliveira.com.br\/blog\/wp-content\/uploads\/2026\/03\/IMG_9620.webp?fit=600%2C380\" class=\"aligncenter size-full wp-image-38489\" src=\"https:\/\/i0.wp.com\/blogdalucianaoliveira.com.br\/blog\/wp-content\/uploads\/2026\/03\/IMG_9620.webp?resize=600%2C380\" alt=\"\" width=\"600\" height=\"380\" srcset=\"https:\/\/i0.wp.com\/blogdalucianaoliveira.com.br\/blog\/wp-content\/uploads\/2026\/03\/IMG_9620.webp?w=1200 1200w, https:\/\/i0.wp.com\/blogdalucianaoliveira.com.br\/blog\/wp-content\/uploads\/2026\/03\/IMG_9620.webp?resize=300%2C190 300w, https:\/\/i0.wp.com\/blogdalucianaoliveira.com.br\/blog\/wp-content\/uploads\/2026\/03\/IMG_9620.webp?resize=1024%2C648 1024w, https:\/\/i0.wp.com\/blogdalucianaoliveira.com.br\/blog\/wp-content\/uploads\/2026\/03\/IMG_9620.webp?resize=768%2C486 768w, https:\/\/i0.wp.com\/blogdalucianaoliveira.com.br\/blog\/wp-content\/uploads\/2026\/03\/IMG_9620.webp?resize=474%2C300 474w\" sizes=\"auto, (max-width: 600px) 100vw, 600px\" \/><\/p>\n<h4 class=\"wp-block-heading\">O ponto mais alto da cerim\u00f4nia<\/h4>\n<p>Um dos momentos mais marcantes da noite veio com a vit\u00f3ria de Autumn Durald Arkapaw em melhor fotografia por <em>Pecadores<\/em>. Ela se tornou a primeira mulher a vencer a categoria no Oscar, desbancando, entre outros concorrentes, o brasileiro Adolpho Veloso.<\/p>\n<p>Para Lorenna, o pr\u00eamio teve um peso que ultrapassa o resultado individual da disputa. \u201cFoi hist\u00f3rico demais, muito significativo para a hist\u00f3ria do Oscar, para a hist\u00f3ria do cinema mundial e para a hist\u00f3ria das mulheres no cinema\u201d, afirma.<\/p>\n<p>A cr\u00edtica tamb\u00e9m destaca o discurso de agradecimento da diretora de fotografia, que dividiu o pr\u00eamio com outras mulheres da ind\u00fastria. \u201cFoi um dos poucos momentos em que eu realmente fiquei comovida nessa cerim\u00f4nia.\u201d<\/p>\n<h4 class=\"wp-block-heading\">Outros sinais da noite<\/h4>\n<p>Al\u00e9m da lideran\u00e7a de <em>Uma Batalha Ap\u00f3s a Outra<\/em> e do espa\u00e7o ocupado por <em>Pecadores<\/em>, a cerim\u00f4nia tamb\u00e9m deixou outros sinais sobre os caminhos do Oscar.<\/p>\n<p>Amy Madigan venceu melhor atriz coadjuvante por <em>A Hora do Mal<\/em>, em um raro reconhecimento a uma atua\u00e7\u00e3o em filme de g\u00eanero. <em>Frankenstein<\/em>confirmou for\u00e7a nas categorias t\u00e9cnicas, com vit\u00f3rias em dire\u00e7\u00e3o de arte, figurino e maquiagem e cabelo. J\u00e1 <em>Guerreiras do K-Pop<\/em> venceu em anima\u00e7\u00e3o e tamb\u00e9m em can\u00e7\u00e3o original, consolidando o alcance do filme para al\u00e9m do p\u00fablico juvenil.<\/p>\n<p>A noite tamb\u00e9m foi atravessada por manifesta\u00e7\u00e3o pol\u00edtica. Ao apresentar a categoria de melhor filme internacional, Javier Bardem <a href=\"https:\/\/www.brasildefato.com.br\/2026\/03\/16\/javier-bardem-defende-palestina-e-critica-guerra-ao-anunciar-filme-internacional-no-oscar\/\">defendeu a Palestina<\/a> no palco e apareceu com um broche com a frase \u201cNo a la guerra\u201d. A fala do ator espanhol se somou a outros sinais de que o Oscar 2026 manteve espa\u00e7o, ainda que pontual, para posicionamentos sobre guerra, viol\u00eancia e direitos humanos.<\/p>\n","protected":false},"excerpt":{"rendered":"<p>Entre os momentos mais marcantes, Autumn Durald Arkapaw se tornou a primeira mulher a vencer o Oscar de fotografia<\/p>\n","protected":false},"author":1,"featured_media":0,"comment_status":"closed","ping_status":"open","sticky":false,"template":"","format":"standard","meta":{"_exactmetrics_skip_tracking":false,"_exactmetrics_sitenote_active":false,"_exactmetrics_sitenote_note":"","_exactmetrics_sitenote_category":0,"jetpack_post_was_ever_published":false,"_jetpack_newsletter_access":"","_jetpack_dont_email_post_to_subs":false,"_jetpack_newsletter_tier_id":0,"_jetpack_memberships_contains_paywalled_content":false,"_jetpack_memberships_contains_paid_content":false,"footnotes":"","jetpack_publicize_message":"","jetpack_publicize_feature_enabled":true,"jetpack_social_post_already_shared":true,"jetpack_social_options":{"image_generator_settings":{"template":"highway","enabled":false},"version":2}},"categories":[1],"tags":[],"class_list":["post-38487","post","type-post","status-publish","format-standard","hentry","category-notas"],"jetpack_publicize_connections":[],"jetpack_sharing_enabled":true,"jetpack_featured_media_url":"","jetpack_shortlink":"https:\/\/wp.me\/p7wKYW-a0L","jetpack-related-posts":[],"_links":{"self":[{"href":"http:\/\/blogdalucianaoliveira.com.br\/blog\/wp-json\/wp\/v2\/posts\/38487","targetHints":{"allow":["GET"]}}],"collection":[{"href":"http:\/\/blogdalucianaoliveira.com.br\/blog\/wp-json\/wp\/v2\/posts"}],"about":[{"href":"http:\/\/blogdalucianaoliveira.com.br\/blog\/wp-json\/wp\/v2\/types\/post"}],"author":[{"embeddable":true,"href":"http:\/\/blogdalucianaoliveira.com.br\/blog\/wp-json\/wp\/v2\/users\/1"}],"replies":[{"embeddable":true,"href":"http:\/\/blogdalucianaoliveira.com.br\/blog\/wp-json\/wp\/v2\/comments?post=38487"}],"version-history":[{"count":1,"href":"http:\/\/blogdalucianaoliveira.com.br\/blog\/wp-json\/wp\/v2\/posts\/38487\/revisions"}],"predecessor-version":[{"id":38491,"href":"http:\/\/blogdalucianaoliveira.com.br\/blog\/wp-json\/wp\/v2\/posts\/38487\/revisions\/38491"}],"wp:attachment":[{"href":"http:\/\/blogdalucianaoliveira.com.br\/blog\/wp-json\/wp\/v2\/media?parent=38487"}],"wp:term":[{"taxonomy":"category","embeddable":true,"href":"http:\/\/blogdalucianaoliveira.com.br\/blog\/wp-json\/wp\/v2\/categories?post=38487"},{"taxonomy":"post_tag","embeddable":true,"href":"http:\/\/blogdalucianaoliveira.com.br\/blog\/wp-json\/wp\/v2\/tags?post=38487"}],"curies":[{"name":"wp","href":"https:\/\/api.w.org\/{rel}","templated":true}]}}