{"id":3849,"date":"2016-09-10T08:31:40","date_gmt":"2016-09-10T12:31:40","guid":{"rendered":"http:\/\/blogdalucianaoliveira.com.br\/blog\/?p=3849"},"modified":"2016-09-10T08:31:40","modified_gmt":"2016-09-10T12:31:40","slug":"frentes-brasil-popular-e-povo-sem-medo-convocam-ato-contra-temer-para-domingo-11","status":"publish","type":"post","link":"http:\/\/blogdalucianaoliveira.com.br\/blog\/2016\/09\/10\/frentes-brasil-popular-e-povo-sem-medo-convocam-ato-contra-temer-para-domingo-11\/","title":{"rendered":"Frentes Brasil Popular e Povo Sem Medo convocam ato contra Temer para domingo (11)"},"content":{"rendered":"<p><img data-recalc-dims=\"1\" loading=\"lazy\" decoding=\"async\" data-attachment-id=\"3850\" data-permalink=\"http:\/\/blogdalucianaoliveira.com.br\/blog\/2016\/09\/10\/frentes-brasil-popular-e-povo-sem-medo-convocam-ato-contra-temer-para-domingo-11\/image-856\/\" data-orig-file=\"https:\/\/i0.wp.com\/blogdalucianaoliveira.com.br\/blog\/wp-content\/uploads\/2016\/09\/image-63.jpeg?fit=640%2C426\" data-orig-size=\"640,426\" data-comments-opened=\"0\" data-image-meta=\"{&quot;aperture&quot;:&quot;0&quot;,&quot;credit&quot;:&quot;&quot;,&quot;camera&quot;:&quot;&quot;,&quot;caption&quot;:&quot;&quot;,&quot;created_timestamp&quot;:&quot;0&quot;,&quot;copyright&quot;:&quot;&quot;,&quot;focal_length&quot;:&quot;0&quot;,&quot;iso&quot;:&quot;0&quot;,&quot;shutter_speed&quot;:&quot;0&quot;,&quot;title&quot;:&quot;&quot;,&quot;orientation&quot;:&quot;0&quot;}\" data-image-title=\"image\" data-image-description=\"\" data-image-caption=\"\" data-medium-file=\"https:\/\/i0.wp.com\/blogdalucianaoliveira.com.br\/blog\/wp-content\/uploads\/2016\/09\/image-63.jpeg?fit=300%2C200\" data-large-file=\"https:\/\/i0.wp.com\/blogdalucianaoliveira.com.br\/blog\/wp-content\/uploads\/2016\/09\/image-63.jpeg?fit=600%2C399\" src=\"https:\/\/i0.wp.com\/blogdalucianaoliveira.com.br\/blog\/wp-content\/uploads\/2016\/09\/image-63.jpeg?resize=600%2C399\" alt=\"image\" width=\"600\" height=\"399\" class=\"alignnone size-full wp-image-3850\" srcset=\"https:\/\/i0.wp.com\/blogdalucianaoliveira.com.br\/blog\/wp-content\/uploads\/2016\/09\/image-63.jpeg?w=640 640w, https:\/\/i0.wp.com\/blogdalucianaoliveira.com.br\/blog\/wp-content\/uploads\/2016\/09\/image-63.jpeg?resize=300%2C200 300w\" sizes=\"auto, (max-width: 600px) 100vw, 600px\" \/><\/p>\n<p>Do Brssil de Fato<\/p>\n<p>As frentes Povo sem Medo e Brasil Popular convocam protesto contra o governo de Michel Temer neste domingo (11) em S\u00e3o Paulo (SP). <!--more--><\/p>\n<p>O ato, que reivindica elei\u00e7\u00f5es diretas e a n\u00e3o retirada de direitos sociais, ter\u00e1 concentra\u00e7\u00e3o no v\u00e3o do Museu de Arte de S\u00e3o Paulo (Masp), na Avenida Paulista, a partir das 14h.<\/p>\n<p>Temas como reforma da previd\u00eancia e as propostas de flexibiliza\u00e7\u00e3o das leis trabalhistas tamb\u00e9m est\u00e3o na pauta dos movimentos populares que participam da manifesta\u00e7\u00e3o. As mudan\u00e7as s\u00e3o vistas como perdas nos direitos dos trabalhadores. <\/p>\n<p>Nas ruas de \u201cFora, Temer\u201d, \u201cDiretas J\u00e1\u201d e \u201co povo tem que decidir\u201d t\u00eam sido as palavras de ordem dos manifestantes.<\/p>\n<p>Repress\u00e3o<br \/>\nSer\u00e1 o sexto dia de manifesta\u00e7\u00f5es contra Temer em S\u00e3o Paulo desde o impeachment da presidenta Dilma Rousseff, em 31 de agosto. Todos os protestos foram encerrados com a\u00e7\u00e3o violenta da Pol\u00edcia Militar (PM), com exce\u00e7\u00e3o dos feitos no feriado de 7 de setembro.<\/p>\n<p>Antes de iniciar a manifesta\u00e7\u00e3o de domingo (4), a PM deteve 26 pessoas, sendo oito deles adolescentes. As pris\u00f5es foram consideradas irregulares e todos ja foram soltos.<\/p>\n<p>Edi\u00e7\u00e3o: Camila Rodrigues da Silva<\/p>\n","protected":false},"excerpt":{"rendered":"<p>Do Brssil de Fato As frentes Povo sem Medo e Brasil Popular convocam protesto contra o governo de Michel Temer neste domingo (11) em S\u00e3o Paulo (SP).<\/p>\n","protected":false},"author":1,"featured_media":0,"comment_status":"closed","ping_status":"open","sticky":false,"template":"","format":"standard","meta":{"_exactmetrics_skip_tracking":false,"_exactmetrics_sitenote_active":false,"_exactmetrics_sitenote_note":"","_exactmetrics_sitenote_category":0,"jetpack_post_was_ever_published":false,"_jetpack_newsletter_access":"","_jetpack_dont_email_post_to_subs":false,"_jetpack_newsletter_tier_id":0,"_jetpack_memberships_contains_paywalled_content":false,"_jetpack_memberships_contains_paid_content":false,"footnotes":"","jetpack_publicize_message":"","jetpack_publicize_feature_enabled":true,"jetpack_social_post_already_shared":true,"jetpack_social_options":{"image_generator_settings":{"template":"highway","enabled":false},"version":2}},"categories":[1],"tags":[],"class_list":["post-3849","post","type-post","status-publish","format-standard","hentry","category-notas"],"jetpack_publicize_connections":[],"jetpack_sharing_enabled":true,"jetpack_featured_media_url":"","jetpack_shortlink":"https:\/\/wp.me\/p7wKYW-105","jetpack-related-posts":[],"_links":{"self":[{"href":"http:\/\/blogdalucianaoliveira.com.br\/blog\/wp-json\/wp\/v2\/posts\/3849","targetHints":{"allow":["GET"]}}],"collection":[{"href":"http:\/\/blogdalucianaoliveira.com.br\/blog\/wp-json\/wp\/v2\/posts"}],"about":[{"href":"http:\/\/blogdalucianaoliveira.com.br\/blog\/wp-json\/wp\/v2\/types\/post"}],"author":[{"embeddable":true,"href":"http:\/\/blogdalucianaoliveira.com.br\/blog\/wp-json\/wp\/v2\/users\/1"}],"replies":[{"embeddable":true,"href":"http:\/\/blogdalucianaoliveira.com.br\/blog\/wp-json\/wp\/v2\/comments?post=3849"}],"version-history":[{"count":1,"href":"http:\/\/blogdalucianaoliveira.com.br\/blog\/wp-json\/wp\/v2\/posts\/3849\/revisions"}],"predecessor-version":[{"id":3851,"href":"http:\/\/blogdalucianaoliveira.com.br\/blog\/wp-json\/wp\/v2\/posts\/3849\/revisions\/3851"}],"wp:attachment":[{"href":"http:\/\/blogdalucianaoliveira.com.br\/blog\/wp-json\/wp\/v2\/media?parent=3849"}],"wp:term":[{"taxonomy":"category","embeddable":true,"href":"http:\/\/blogdalucianaoliveira.com.br\/blog\/wp-json\/wp\/v2\/categories?post=3849"},{"taxonomy":"post_tag","embeddable":true,"href":"http:\/\/blogdalucianaoliveira.com.br\/blog\/wp-json\/wp\/v2\/tags?post=3849"}],"curies":[{"name":"wp","href":"https:\/\/api.w.org\/{rel}","templated":true}]}}