{"id":38510,"date":"2026-03-20T17:10:49","date_gmt":"2026-03-20T21:10:49","guid":{"rendered":"https:\/\/blogdalucianaoliveira.com.br\/blog\/?p=38510"},"modified":"2026-03-20T17:10:49","modified_gmt":"2026-03-20T21:10:49","slug":"so-pobres-serao-gordos-a-revolucao-das-canetas-emagrecedoras-ainda-esbarra-na-desigualdade","status":"publish","type":"post","link":"http:\/\/blogdalucianaoliveira.com.br\/blog\/2026\/03\/20\/so-pobres-serao-gordos-a-revolucao-das-canetas-emagrecedoras-ainda-esbarra-na-desigualdade\/","title":{"rendered":"S\u00f3 pobres ser\u00e3o gordos? A revolu\u00e7\u00e3o das canetas emagrecedoras ainda esbarra na desigualdade"},"content":{"rendered":"<p><img data-recalc-dims=\"1\" loading=\"lazy\" decoding=\"async\" data-attachment-id=\"38514\" data-permalink=\"http:\/\/blogdalucianaoliveira.com.br\/blog\/2026\/03\/20\/so-pobres-serao-gordos-a-revolucao-das-canetas-emagrecedoras-ainda-esbarra-na-desigualdade\/img_9752\/\" data-orig-file=\"https:\/\/i0.wp.com\/blogdalucianaoliveira.com.br\/blog\/wp-content\/uploads\/2026\/03\/IMG_9752.webp?fit=800%2C450\" data-orig-size=\"800,450\" data-comments-opened=\"0\" data-image-meta=\"{&quot;aperture&quot;:&quot;0&quot;,&quot;credit&quot;:&quot;&quot;,&quot;camera&quot;:&quot;&quot;,&quot;caption&quot;:&quot;&quot;,&quot;created_timestamp&quot;:&quot;0&quot;,&quot;copyright&quot;:&quot;&quot;,&quot;focal_length&quot;:&quot;0&quot;,&quot;iso&quot;:&quot;0&quot;,&quot;shutter_speed&quot;:&quot;0&quot;,&quot;title&quot;:&quot;&quot;,&quot;orientation&quot;:&quot;0&quot;}\" data-image-title=\"IMG_9752\" data-image-description=\"\" data-image-caption=\"\" data-medium-file=\"https:\/\/i0.wp.com\/blogdalucianaoliveira.com.br\/blog\/wp-content\/uploads\/2026\/03\/IMG_9752.webp?fit=300%2C169\" data-large-file=\"https:\/\/i0.wp.com\/blogdalucianaoliveira.com.br\/blog\/wp-content\/uploads\/2026\/03\/IMG_9752.webp?fit=600%2C338\" class=\"aligncenter size-full wp-image-38514\" src=\"https:\/\/i0.wp.com\/blogdalucianaoliveira.com.br\/blog\/wp-content\/uploads\/2026\/03\/IMG_9752.webp?resize=600%2C338\" alt=\"\" width=\"600\" height=\"338\" srcset=\"https:\/\/i0.wp.com\/blogdalucianaoliveira.com.br\/blog\/wp-content\/uploads\/2026\/03\/IMG_9752.webp?w=800 800w, https:\/\/i0.wp.com\/blogdalucianaoliveira.com.br\/blog\/wp-content\/uploads\/2026\/03\/IMG_9752.webp?resize=300%2C169 300w, https:\/\/i0.wp.com\/blogdalucianaoliveira.com.br\/blog\/wp-content\/uploads\/2026\/03\/IMG_9752.webp?resize=768%2C432 768w, https:\/\/i0.wp.com\/blogdalucianaoliveira.com.br\/blog\/wp-content\/uploads\/2026\/03\/IMG_9752.webp?resize=533%2C300 533w\" sizes=\"auto, (max-width: 600px) 100vw, 600px\" \/><\/p>\n<p><span class=\"css-2ozlq5\">Author, <\/span><span class=\"css-eiglm1\">Andr\u00e9 Biernath e Iara Diniz &#8211; <\/span>Da BBC News Brasil em Londres e em S\u00e3o Paulo &#8211; Rio de Janeiro se tornou a primeira cidade brasileira a oferecer o medicamento <a class=\"focusIndicatorReducedWidth css-n8oauk e1h2ur550\" href=\"https:\/\/www.bbc.com\/portuguese\/articles\/cy8g85j1e1do\">Ozempic <\/a>pelo<a class=\"focusIndicatorReducedWidth css-n8oauk e1h2ur550\" href=\"https:\/\/www.bbc.com\/portuguese\/articles\/cg75020l19jo\">Sistema \u00danico de Sa\u00fade<\/a> (SUS). Em ato simb\u00f3lico na quarta-feira (18\/3), o prefeito Eduardo Paes (PSD) aplicou a primeira dose da chamada &#8220;caneta emagrecedora&#8221; em uma paciente, marcando um passo in\u00e9dito no combate \u00e0 <a class=\"focusIndicatorReducedWidth css-n8oauk e1h2ur550\" href=\"https:\/\/www.bbc.com\/portuguese\/topics\/cjgn7g8493xt\">obesidade<\/a> no pa\u00eds.<!--more--><\/p>\n<div class=\"css-1k9op6x e17x9cvu0\" dir=\"ltr\">\n<p class=\"css-s4cjt0 eea635z0\" dir=\"ltr\">A iniciativa veio em um momento relevante: a patente da semaglutida, princ\u00edpio ativo presente em medicamentos como Ozempic e Wegovy, \u2014 usados para tratar diabetes tipo 2 e obesidade, respectivamente \u2014 expira no Brasil nesta sexta-feira (20\/3). Com o fim da exclusividade da farmac\u00eautica Novo Nordisk, outras empresas poder\u00e3o desenvolver vers\u00f5es que trazem esse composto.<\/p>\n<\/div>\n<div class=\"css-1k9op6x e17x9cvu0\" dir=\"ltr\">\n<p class=\"css-s4cjt0 eea635z0\" dir=\"ltr\">Na pr\u00e1tica, isso abre caminho para concorr\u00eancia e uma eventual redu\u00e7\u00e3o de pre\u00e7os, embora isso n\u00e3o deva acontecer de imediato devido a entraves regulat\u00f3rios e industriais, como <a class=\"focusIndicatorReducedWidth css-n8oauk e1h2ur550\" href=\"https:\/\/www.bbc.com\/portuguese\/articles\/c1jkn11n94go\">mostrou reportagem da BBC News Brasil<\/a>.<\/p>\n<\/div>\n<div class=\"css-1k9op6x e17x9cvu0\" dir=\"ltr\">\n<p class=\"css-s4cjt0 eea635z0\" dir=\"ltr\">Na semana passada, durante um evento no Rio ao lado do presidente <a class=\"focusIndicatorReducedWidth css-n8oauk e1h2ur550\" href=\"https:\/\/www.bbc.com\/portuguese\/topics\/cpzd4zx0272t\">Luiz In\u00e1cio Lula da Silva<\/a> (PT), Paes pediu que o governo federal incorporasse o medicamento em toda a rede p\u00fablica.<\/p>\n<\/div>\n<div class=\"css-1k9op6x e17x9cvu0\" dir=\"ltr\">\n<p class=\"css-s4cjt0 eea635z0\" dir=\"ltr\">Lula, por\u00e9m, tratou o tema como delicado e disse que o rem\u00e9dio &#8220;n\u00e3o \u00e9 um pr\u00eamio para quem \u00e9 relaxado&#8221;.<\/p>\n<div class=\"css-1k9op6x e17x9cvu0\" dir=\"ltr\">\n<p class=\"css-s4cjt0 eea635z0\" dir=\"ltr\">&#8220;Tem que ser dado para as pessoas que, por necessidade de sa\u00fade, n\u00e3o conseguem emagrecer. Mas o m\u00e9dico tem que dar a receita ensinando a andar. Por que as pessoas n\u00e3o andam meia hora todo dia? Por que \u00e9 que n\u00e3o caminham? Por que n\u00e3o fazem gin\u00e1stica? As pessoas t\u00eam que aprender a tirar a bunda da cadeira e andar um pouco&#8221;, disse o presidente.<\/p>\n<\/div>\n<div class=\"css-1k9op6x e17x9cvu0\" dir=\"ltr\">\n<p class=\"css-s4cjt0 eea635z0\" dir=\"ltr\">No entanto, m\u00e9dicos lembram que a obesidade deve ser encarada como doen\u00e7a, e n\u00e3o como falha de car\u00e1ter ou simples falta de esfor\u00e7o em emagrecer ou manter um peso considerado saud\u00e1vel.<\/p>\n<\/div>\n<div class=\"css-1k9op6x e17x9cvu0\" dir=\"ltr\">\n<p class=\"css-s4cjt0 eea635z0\" dir=\"ltr\">&#8220;N\u00e3o enxergar o tratamento da obesidade com a seriedade que ele tem que ser visto depois tantos anos de evolu\u00e7\u00e3o, sem nenhum tratamento dispon\u00edvel no SUS, e ainda enxergar a obesidade como um problema est\u00e9tico, isso \u00e9 praticamente criminoso, na minha opini\u00e3o. Ainda mais agora quando ci\u00eancia est\u00e1 escancarada na nossa frente, mostrando o quanto funciona e o quanto s\u00e3o importantes [esses medicamentos]&#8221;, opina a m\u00e9dica Cynthia Val\u00e9rio, presidente eleita da Associa\u00e7\u00e3o Brasileira para o Estudo da Obesidade (Abeso).<\/p>\n<div class=\"css-1k9op6x e17x9cvu0\" dir=\"ltr\">\n<p class=\"css-s4cjt0 eea635z0\" dir=\"ltr\">Apesar dos apelos para que as canetas sejam inclu\u00eddas no Sistema \u00danico de Sa\u00fade (SUS) do pa\u00eds todo, especialistas entrevistados pela BBC News Brasil acreditam que isso ainda est\u00e1 distante da realidade.<\/p>\n<\/div>\n<div class=\"css-1k9op6x e17x9cvu0\" dir=\"ltr\">\n<p class=\"css-s4cjt0 eea635z0\" dir=\"ltr\">O custo \u00e9 um dos principais obst\u00e1culos. No Brasil, o tratamento mensal com essa medica\u00e7\u00e3o fica na casa dos R$ 1.400.<\/p>\n<div class=\"css-1k9op6x e17x9cvu0\" dir=\"ltr\">\n<p class=\"css-s4cjt0 eea635z0\" dir=\"ltr\">Isso dificulta o acesso principalmente pessoas mais pobres, que s\u00e3o cada vez mais afetadas pela obesidade.<\/p>\n<\/div>\n<div class=\"css-1k9op6x e17x9cvu0\" dir=\"ltr\">\n<p class=\"css-s4cjt0 eea635z0\" dir=\"ltr\">&#8220;A gente est\u00e1 aqui falando sobre um dos tratamentos mais caros da hist\u00f3ria da humanidade, porque parte dos outros tratamentos, que s\u00e3o tratamentos de alto custo, s\u00e3o muitas vezes baseados um uma \u00fanica dose de medicamento&#8221;, contextualiza Rafael Claro, professor da Escola de Enfermagem da Universidade Federal de Minas Gerais (UFMG).<\/p>\n<\/div>\n<div class=\"css-1k9op6x e17x9cvu0\" dir=\"ltr\">\n<p class=\"css-s4cjt0 eea635z0\" dir=\"ltr\">&#8220;No momento, n\u00e3o h\u00e1 um tratamento que voc\u00ea vai ter que fazer por sessenta anos de vida, e que tem um custo mensal t\u00e3o elevado quanto as canetas&#8221;, acrescenta.<\/p>\n<\/div>\n<div class=\"css-1k9op6x e17x9cvu0\" dir=\"ltr\">\n<p class=\"css-s4cjt0 eea635z0\" dir=\"ltr\">Ainda assim, esse momento marca um novo cap\u00edtulo das canetas emagrecedoras no Brasil, que tem transformado n\u00e3o apenas a sa\u00fade, mas a din\u00e2mica de consumo dessas pessoas em diversos setores da economia, como voc\u00ea entende ao longo da reportagem.<\/p>\n<\/div>\n<div class=\"css-1k9op6x e17x9cvu0\" dir=\"ltr\">\n<p class=\"css-s4cjt0 eea635z0\" dir=\"ltr\">Do pre\u00e7o de passagens a\u00e9reas a mudan\u00e7as no supermercado, j\u00e1 existem diversos exemplos de como o uso ampliado desses rem\u00e9dios tem modificado n\u00e3o apenas a sa\u00fade, mas tamb\u00e9m a economia e a sociedade como um todo.<\/p>\n<\/div>\n<div class=\"css-1k9op6x e17x9cvu0\" dir=\"ltr\">\n<h2 id=\"A-revolu\u00e7\u00e3o-das-canetas-emagrecedoras-\" class=\"css-jtxtr9 emoh99e1\" tabindex=\"-1\">A revolu\u00e7\u00e3o das canetas emagrecedoras<\/h2>\n<\/div>\n<div class=\"css-1k9op6x e17x9cvu0\" dir=\"ltr\">\n<p class=\"css-s4cjt0 eea635z0\" dir=\"ltr\">De acordo com a Organiza\u00e7\u00e3o Mundial da Sa\u00fade (OMS), 43% dos adultos tem sobrepeso e 16% s\u00e3o obesos.<\/p>\n<\/div>\n<div class=\"css-1k9op6x e17x9cvu0\" dir=\"ltr\">\n<p class=\"css-s4cjt0 eea635z0\" dir=\"ltr\">No Brasil, o n\u00famero \u00e9 ainda mais preocupante. Dados do Atlas Mundial da Obesidade 2025 apontam que aproximadamente um a cada tr\u00eas brasileiros (31%) vive com obesidade.<\/p>\n<\/div>\n<div class=\"css-1k9op6x e17x9cvu0\" dir=\"ltr\">\n<p class=\"css-s4cjt0 eea635z0\" dir=\"ltr\">Esse ac\u00famulo de gordura no corpo n\u00e3o \u00e9 apenas uma quest\u00e3o est\u00e9tica: ele est\u00e1 diretamente relacionado a doen\u00e7as como diabetes, c\u00e2ncer e problemas cardiovasculares, respons\u00e1veis por quase 4 milh\u00f5es de mortes todos os anos no planeta.<\/p>\n<\/div>\n<div class=\"css-1k9op6x e17x9cvu0\" dir=\"ltr\">\n<p class=\"css-s4cjt0 eea635z0\" dir=\"ltr\">Durante d\u00e9cadas, quem enfrentava a obesidade tinha poucas alternativas, que muitas vezes se limitavam a dietas restritas e exerc\u00edcios f\u00edsicos \u2014 medidas importantes, mas insuficientes para os casos mais complexos, segundo estudos.<\/p>\n<\/div>\n<div class=\"css-1k9op6x e17x9cvu0\" dir=\"ltr\">\n<p class=\"css-s4cjt0 eea635z0\" dir=\"ltr\">Um estudo brit\u00e2nico realizado em 2015 com mais de 280 mil pessoas, mostrou que apenas um em cada 210 homens e uma em cada 124 mulheres com obesidade consegue manter um peso saud\u00e1vel s\u00f3 com dieta e exerc\u00edcio.<\/p>\n<\/div>\n<div class=\"css-1k9op6x e17x9cvu0\" dir=\"ltr\">\n<p class=\"css-s4cjt0 eea635z0\" dir=\"ltr\">Segundo Val\u00e9rio, para a grande maioria das pessoas, principalmente aquelas que convivem h\u00e1 muito tempo com sobrepeso e obesidade, \u00e9 cada vez mais dif\u00edcil manter uma dieta t\u00e3o restritiva, enquanto o organismo pede por mais e mais comida, e faz de tudo pra estocar qualquer excedente de calorias consumidas.<\/p>\n<\/div>\n<div class=\"css-1k9op6x e17x9cvu0\" dir=\"ltr\">\n<p class=\"css-s4cjt0 eea635z0\" dir=\"ltr\">&#8220;As pessoas que t\u00eam maiores \u00edndices de obesidade, elas v\u00e3o, de fato, enfrentar uma resist\u00eancia muito maior para conseguir perder e sustentar o peso perdido. Isso \u00e9 fisiol\u00f3gico, e a\u00ed \u00e9 que entra a import\u00e2ncia de tratamento eficaz para essas pessoas&#8221;, afirma a m\u00e9dica.<\/p>\n<\/div>\n<div class=\"css-1k9op6x e17x9cvu0\" dir=\"ltr\">\n<p class=\"css-s4cjt0 eea635z0\" dir=\"ltr\">S\u00f3 que, at\u00e9 uns dez anos atr\u00e1s, os rem\u00e9dios dispon\u00edveis tinham uma a\u00e7\u00e3o bem limitada, e levavam a uma perda de 5 a 10% do peso corporal. At\u00e9 que surgiram as chamadas canetas emagrecedoras.<\/p>\n<\/div>\n<div class=\"css-1k9op6x e17x9cvu0\" dir=\"ltr\">\n<p class=\"css-s4cjt0 eea635z0\" dir=\"ltr\">Inicialmente desenvolvidos para tratar o diabetes, esses medicamentos mostraram um efeito adicional poderoso: a perda de peso significativa.<\/p>\n<\/div>\n<div class=\"css-1k9op6x e17x9cvu0\" dir=\"ltr\">\n<p class=\"css-s4cjt0 eea635z0\" dir=\"ltr\">Nos estudos que serviram de base pra aprova\u00e7\u00e3o do Wegovy, a perda de peso entre os volunt\u00e1rios foi de at\u00e9 17%. J\u00e1 nos testes cl\u00ednicos do Mounjaro, outra medica\u00e7\u00e3o dessa classe, fabricada pela farmac\u00eautica Eli Lilly, os pacientes que fizeram o tratamento tiveram uma redu\u00e7\u00e3o de peso de at\u00e9 26%.<\/p>\n<\/div>\n<div class=\"css-1k9op6x e17x9cvu0\" dir=\"ltr\">\n<p class=\"css-s4cjt0 eea635z0\" dir=\"ltr\">Isso acontece porque, al\u00e9m de mexer no metabolismo da insulina e atrasar o esvaziamento do est\u00f4mago, essas subst\u00e2ncias agem em \u00e1reas como o hipot\u00e1lamo, uma regi\u00e3o do c\u00e9rebro que controla a saciedade e a fome \u2014 e, com isso, reduzem o apetite.<\/p>\n<p><img data-recalc-dims=\"1\" loading=\"lazy\" decoding=\"async\" data-attachment-id=\"38511\" data-permalink=\"http:\/\/blogdalucianaoliveira.com.br\/blog\/2026\/03\/20\/so-pobres-serao-gordos-a-revolucao-das-canetas-emagrecedoras-ainda-esbarra-na-desigualdade\/img_9749-2\/\" data-orig-file=\"https:\/\/i0.wp.com\/blogdalucianaoliveira.com.br\/blog\/wp-content\/uploads\/2026\/03\/IMG_9749.webp?fit=763%2C429\" data-orig-size=\"763,429\" data-comments-opened=\"0\" data-image-meta=\"{&quot;aperture&quot;:&quot;0&quot;,&quot;credit&quot;:&quot;&quot;,&quot;camera&quot;:&quot;&quot;,&quot;caption&quot;:&quot;&quot;,&quot;created_timestamp&quot;:&quot;0&quot;,&quot;copyright&quot;:&quot;&quot;,&quot;focal_length&quot;:&quot;0&quot;,&quot;iso&quot;:&quot;0&quot;,&quot;shutter_speed&quot;:&quot;0&quot;,&quot;title&quot;:&quot;&quot;,&quot;orientation&quot;:&quot;0&quot;}\" data-image-title=\"IMG_9749\" data-image-description=\"\" data-image-caption=\"\" data-medium-file=\"https:\/\/i0.wp.com\/blogdalucianaoliveira.com.br\/blog\/wp-content\/uploads\/2026\/03\/IMG_9749.webp?fit=300%2C169\" data-large-file=\"https:\/\/i0.wp.com\/blogdalucianaoliveira.com.br\/blog\/wp-content\/uploads\/2026\/03\/IMG_9749.webp?fit=600%2C337\" class=\"aligncenter size-full wp-image-38511\" src=\"https:\/\/i0.wp.com\/blogdalucianaoliveira.com.br\/blog\/wp-content\/uploads\/2026\/03\/IMG_9749.webp?resize=600%2C337\" alt=\"\" width=\"600\" height=\"337\" srcset=\"https:\/\/i0.wp.com\/blogdalucianaoliveira.com.br\/blog\/wp-content\/uploads\/2026\/03\/IMG_9749.webp?w=763 763w, https:\/\/i0.wp.com\/blogdalucianaoliveira.com.br\/blog\/wp-content\/uploads\/2026\/03\/IMG_9749.webp?resize=300%2C169 300w, https:\/\/i0.wp.com\/blogdalucianaoliveira.com.br\/blog\/wp-content\/uploads\/2026\/03\/IMG_9749.webp?resize=534%2C300 534w\" sizes=\"auto, (max-width: 600px) 100vw, 600px\" \/><\/p>\n<div class=\"css-1k9op6x e17x9cvu0\" dir=\"ltr\">\n<p class=\"css-s4cjt0 eea635z0\" dir=\"ltr\">Mas al\u00e9m da perda de peso, as canetas emagrecedoras t\u00eam transformado a forma como as pessoas se relacionam com atividades f\u00edsicas e provocado mudan\u00e7as nesse setor.<\/p>\n<\/div>\n<div class=\"css-1k9op6x e17x9cvu0\" dir=\"ltr\">\n<p class=\"css-s4cjt0 eea635z0\" dir=\"ltr\">Em entrevista ao New York Times, pessoas que utilizam medicamentos como a semaglutida para tratar obesidade ou diabetes relataram uma mudan\u00e7a significativa na forma como encaram a pr\u00e1tica de exerc\u00edcios.<\/p>\n<\/div>\n<div class=\"css-1k9op6x e17x9cvu0\" dir=\"ltr\">\n<p class=\"css-s4cjt0 eea635z0\" dir=\"ltr\">Sem a press\u00e3o constante de queimar calorias ou perder peso, elas passaram a se envolver com atividades f\u00edsicas de maneira mais positiva \u2014 enxergando como uma forma de bem-estar e n\u00e3o mais como uma puni\u00e7\u00e3o por excessos alimentares.<\/p>\n<\/div>\n<div class=\"css-1k9op6x e17x9cvu0\" dir=\"ltr\">\n<p class=\"css-s4cjt0 eea635z0\" dir=\"ltr\">A ind\u00fastria <i class=\"css-6whwaq ezrtjzf0\">fitness<\/i> j\u00e1 come\u00e7a a se adaptar a esse cen\u00e1rio em que promessas de emagrecimento r\u00e1pido j\u00e1 n\u00e3o s\u00e3o o principal atrativo.<\/p>\n<\/div>\n<div class=\"css-1k9op6x e17x9cvu0\" dir=\"ltr\">\n<p class=\"css-s4cjt0 eea635z0\" dir=\"ltr\">Nos Estados Unidos \u2014 e, mais recentemente, no Reino Unido \u2014 empresas de bem-estar t\u00eam criado programas e at\u00e9 &#8220;retiros&#8221; voltados especificamente para usu\u00e1rios de canetas emagrecedoras.<\/p>\n<\/div>\n<div class=\"css-1k9op6x e17x9cvu0\" dir=\"ltr\">\n<p class=\"css-s4cjt0 eea635z0\" dir=\"ltr\">&#8220;Passamos a treinar nossos instrutores para oferecer o melhor suporte poss\u00edvel a esse p\u00fablico&#8221;, afirma Will Orr, diretor-executivo do The Gym Group<a class=\"focusIndicatorReducedWidth css-n8oauk e1h2ur550\" href=\"https:\/\/www.bbc.com\/portuguese\/articles\/cx2l1gkg7x2o\"> em entrevista \u00e0 BBC.<\/a><\/p>\n<\/div>\n<div class=\"css-1k9op6x e17x9cvu0\" dir=\"ltr\">\n<p class=\"css-s4cjt0 eea635z0\" dir=\"ltr\">Enquanto isso, mudan\u00e7as no setor tamb\u00e9m ficam evidentes em outros aspectos: nos EUA, por exemplo, o Vigilantes do Peso, um tradicional programa de suporte ao emagrecimento, declarou fal\u00eancia no ano passado.<\/p>\n<\/div>\n<div class=\"css-1k9op6x e17x9cvu0\" dir=\"ltr\">\n<h2 id=\"Mudan\u00e7as-nos-h\u00e1bitos-de-consumo\" class=\"css-jtxtr9 emoh99e1\" tabindex=\"-1\">Mudan\u00e7as nos h\u00e1bitos de consumo<\/h2>\n<\/div>\n<div class=\"css-1k9op6x e17x9cvu0\" dir=\"ltr\">\n<p class=\"css-s4cjt0 eea635z0\" dir=\"ltr\">O uso desses medicamentos tamb\u00e9m t\u00eam gerado uma mudan\u00e7a significativa nos h\u00e1bitos alimentares das pessoas, afetando a forma como elas gastam seu dinheiro com alimentos e bebidas.<\/p>\n<\/div>\n<div class=\"css-1k9op6x e17x9cvu0\" dir=\"ltr\">\n<p class=\"css-s4cjt0 eea635z0\" dir=\"ltr\">Um relat\u00f3rio recente da consultoria OC&amp;C apontou um menor interesse nos supermercados por comidas n\u00e3o saud\u00e1veis, como salgadinhos e bolachas.<\/p>\n<\/div>\n<div class=\"css-1k9op6x e17x9cvu0\" dir=\"ltr\">\n<p class=\"css-s4cjt0 eea635z0\" dir=\"ltr\"><a class=\"focusIndicatorReducedWidth css-n8oauk e1h2ur550\" href=\"https:\/\/www.bbc.com\/portuguese\/articles\/cx2l1gkg7x2o\">Em entrevista \u00e0 BBC<\/a>, pacientes que usam as inje\u00e7\u00f5es para emagrecer relataram que t\u00eam comprado mais alimentos frescos e menos op\u00e7\u00f5es de refei\u00e7\u00f5es prontas, por exemplo.<\/p>\n<\/div>\n<div class=\"css-1k9op6x e17x9cvu0\" dir=\"ltr\">\n<p class=\"css-s4cjt0 eea635z0\" dir=\"ltr\">Essa mudan\u00e7a fez com que supermercados brit\u00e2nicos lan\u00e7assem linhas de refei\u00e7\u00f5es prontas em por\u00e7\u00f5es menores e ricas em nutrientes.<\/p>\n<\/div>\n<div class=\"css-1k9op6x e17x9cvu0\" dir=\"ltr\">\n<p class=\"css-s4cjt0 eea635z0\" dir=\"ltr\">&#8220;O mercado teve que responder a essa mudan\u00e7a de comportamento, que, no fundo, \u00e9 genu\u00edna, porque \u00e9 uma mudan\u00e7a que busca a sa\u00fade de toda a popula\u00e7\u00e3o. Ent\u00e3o fazer por\u00e7\u00f5es menores de comida e mais saud\u00e1veis, isso \u00e9 absolutamente desejado&#8221;, pontua Cynthia Val\u00e9rio.<\/p>\n<p dir=\"ltr\"><img data-recalc-dims=\"1\" loading=\"lazy\" decoding=\"async\" data-attachment-id=\"38512\" data-permalink=\"http:\/\/blogdalucianaoliveira.com.br\/blog\/2026\/03\/20\/so-pobres-serao-gordos-a-revolucao-das-canetas-emagrecedoras-ainda-esbarra-na-desigualdade\/img_9750-2\/\" data-orig-file=\"https:\/\/i0.wp.com\/blogdalucianaoliveira.com.br\/blog\/wp-content\/uploads\/2026\/03\/IMG_9750.webp?fit=800%2C450\" data-orig-size=\"800,450\" data-comments-opened=\"0\" data-image-meta=\"{&quot;aperture&quot;:&quot;0&quot;,&quot;credit&quot;:&quot;&quot;,&quot;camera&quot;:&quot;&quot;,&quot;caption&quot;:&quot;&quot;,&quot;created_timestamp&quot;:&quot;0&quot;,&quot;copyright&quot;:&quot;&quot;,&quot;focal_length&quot;:&quot;0&quot;,&quot;iso&quot;:&quot;0&quot;,&quot;shutter_speed&quot;:&quot;0&quot;,&quot;title&quot;:&quot;&quot;,&quot;orientation&quot;:&quot;0&quot;}\" data-image-title=\"IMG_9750\" data-image-description=\"\" data-image-caption=\"\" data-medium-file=\"https:\/\/i0.wp.com\/blogdalucianaoliveira.com.br\/blog\/wp-content\/uploads\/2026\/03\/IMG_9750.webp?fit=300%2C169\" data-large-file=\"https:\/\/i0.wp.com\/blogdalucianaoliveira.com.br\/blog\/wp-content\/uploads\/2026\/03\/IMG_9750.webp?fit=600%2C338\" class=\"aligncenter size-full wp-image-38512\" src=\"https:\/\/i0.wp.com\/blogdalucianaoliveira.com.br\/blog\/wp-content\/uploads\/2026\/03\/IMG_9750.webp?resize=600%2C338\" alt=\"\" width=\"600\" height=\"338\" srcset=\"https:\/\/i0.wp.com\/blogdalucianaoliveira.com.br\/blog\/wp-content\/uploads\/2026\/03\/IMG_9750.webp?w=800 800w, https:\/\/i0.wp.com\/blogdalucianaoliveira.com.br\/blog\/wp-content\/uploads\/2026\/03\/IMG_9750.webp?resize=300%2C169 300w, https:\/\/i0.wp.com\/blogdalucianaoliveira.com.br\/blog\/wp-content\/uploads\/2026\/03\/IMG_9750.webp?resize=768%2C432 768w, https:\/\/i0.wp.com\/blogdalucianaoliveira.com.br\/blog\/wp-content\/uploads\/2026\/03\/IMG_9750.webp?resize=533%2C300 533w\" sizes=\"auto, (max-width: 600px) 100vw, 600px\" \/><\/p>\n<div class=\"css-1k9op6x e17x9cvu0\" dir=\"ltr\">\n<p class=\"css-s4cjt0 eea635z0\" dir=\"ltr\">H\u00e1 tamb\u00e9m um impacto na frequ\u00eancia com que usu\u00e1rios desses medicamentos v\u00e3o a restaurantes e pedem comida em casa, por aplicativos de entrega.<\/p>\n<\/div>\n<div class=\"css-1k9op6x e17x9cvu0\" dir=\"ltr\">\n<p class=\"css-s4cjt0 eea635z0\" dir=\"ltr\">Uma pesquisa realizada no ano passado pela consultoria KAM Insight revelou que quase um ter\u00e7o das pessoas que usam as canetas emagrecedoras passou a sair com menos frequ\u00eancia para comer e beber fora.<\/p>\n<\/div>\n<div class=\"css-1k9op6x e17x9cvu0\" dir=\"ltr\">\n<p class=\"css-s4cjt0 eea635z0\" dir=\"ltr\">No Reino Unido, isso levou o restaurante The Fat Duck \u2014 premiado com uma estrela Michelin e comandado pelo famoso chef Heston Blumenthal \u2014 a lan\u00e7ar um novo menu para pessoas que buscam uma alimenta\u00e7\u00e3o mais &#8220;consciente&#8221;, incluindo aquelas que fazem uso de supressores de apetite.<\/p>\n<\/div>\n<div class=\"css-1k9op6x e17x9cvu0\" dir=\"ltr\">\n<p class=\"css-s4cjt0 eea635z0\" dir=\"ltr\">No Brasil, j\u00e1 existe at\u00e9 um movimento de restaurantes que oferecem rod\u00edzios \u2014 como de comida japonesa, pizza ou churrasco \u2014 com descontos para clientes que utilizam medicamentos como Wegovy ou Mounjaro, mediante apresenta\u00e7\u00e3o de receita m\u00e9dica.<\/p>\n<\/div>\n<div class=\"css-1k9op6x e17x9cvu0\" dir=\"ltr\">\n<p class=\"css-s4cjt0 eea635z0\" dir=\"ltr\">&#8220;\u00c9 sinal que tem um p\u00fablico muito grande numa determinada bolha, que possivelmente \u00e9 a bolha que a gente vive, que est\u00e1 fazendo o uso dessas canetas e que, por isso, deixava de ir no rod\u00edzio, j\u00e1 que sabia que ia comer uma quantidade pequena de comida. J\u00e1 n\u00e3o fazia mais sentido ir l\u00e1. E os rod\u00edzios est\u00e3o percebendo isso&#8221;, comenta Rafael Claro.<\/p>\n<\/div>\n<div class=\"css-1k9op6x e17x9cvu0\" dir=\"ltr\">\n<p class=\"css-s4cjt0 eea635z0\" dir=\"ltr\">Estudos demonstram ainda que usu\u00e1rios de Mounjaro e Wegovy est\u00e3o consumindo cada vez menos bebidas alc\u00f3olicas.<\/p>\n<\/div>\n<div class=\"css-1k9op6x e17x9cvu0\" dir=\"ltr\">\n<p class=\"css-s4cjt0 eea635z0\" dir=\"ltr\">Uma pesquisa realizada em fevereiro de 2025 pela empresa de pesquisa de mercado Worldpanel by Numerator constatou uma queda de 15 pontos percentuais no volume de compras de bebidas alco\u00f3licas entre fam\u00edlias com usu\u00e1rios das canetas em compara\u00e7\u00e3o com um grupo de controle.<\/p>\n<\/div>\n<div class=\"css-1k9op6x e17x9cvu0\" dir=\"ltr\">\n<p class=\"css-s4cjt0 eea635z0\" dir=\"ltr\">Outros setores tamb\u00e9m devem sentir os efeitos, como moda e beleza.<\/p>\n<\/div>\n<div class=\"css-1k9op6x e17x9cvu0\" dir=\"ltr\">\n<p class=\"css-s4cjt0 eea635z0\" dir=\"ltr\">Analistas apontam que a perda de peso em larga escala pode impulsionar a demanda por roupas novas \u2014 e at\u00e9 fortalecer o mercado de segunda m\u00e3o, \u00e0 medida que consumidores substituem pe\u00e7as que j\u00e1 n\u00e3o servem mais.<\/p>\n<\/div>\n<div class=\"css-1k9op6x e17x9cvu0\" dir=\"ltr\">\n<p class=\"css-s4cjt0 eea635z0\" dir=\"ltr\">Tamb\u00e9m h\u00e1 proje\u00e7\u00f5es de aumento na procura por cirurgias para remo\u00e7\u00e3o de excesso de pele ap\u00f3s um emagrecimento significativo.<\/p>\n<\/div>\n<div class=\"css-1k9op6x e17x9cvu0\" dir=\"ltr\">\n<h2 id=\"Redu\u00e7\u00e3o-no-pre\u00e7o-do-a\u00e7\u00facar-e-at\u00e9-de-passagens-a\u00e9reas\" class=\"css-jtxtr9 emoh99e1\" tabindex=\"-1\">Redu\u00e7\u00e3o no pre\u00e7o do a\u00e7\u00facar e at\u00e9 de passagens a\u00e9reas<\/h2>\n<\/div>\n<div class=\"css-1k9op6x e17x9cvu0\" dir=\"ltr\">\n<p class=\"css-s4cjt0 eea635z0\" dir=\"ltr\">A popularidade das chamadas &#8220;canetas emagrecedoras&#8221; tamb\u00e9m vem sendo apontada como um fator que influencia a queda de pre\u00e7os de alguns produtos, como o a\u00e7\u00facar.<\/p>\n<\/div>\n<div class=\"css-1k9op6x e17x9cvu0\" dir=\"ltr\">\n<p class=\"css-s4cjt0 eea635z0\" dir=\"ltr\">No Brasil, os valores atingiram em fevereiro o menor n\u00edvel desde 2019, segundo o Cepea\/Esalq.<\/p>\n<\/div>\n<div class=\"css-1k9op6x e17x9cvu0\" dir=\"ltr\">\n<p class=\"css-s4cjt0 eea635z0\" dir=\"ltr\">Em Nova York, os contratos futuros do a\u00e7\u00facar bruto de cana ca\u00edram para menos de 14 centavos de d\u00f3lar por libra, o patamar mais baixo desde outubro de 2020 e menos da metade do registrado no fim de 2023.<\/p>\n<\/div>\n<div class=\"css-1k9op6x e17x9cvu0\" dir=\"ltr\">\n<p class=\"css-s4cjt0 eea635z0\" dir=\"ltr\">Enquanto isso, o mercado de latic\u00ednios segue na dire\u00e7\u00e3o oposta. Reportagem do Financial Times mostrou que os pre\u00e7os do soro de leite dispararam, impulsionados tanto pelo uso desses medicamentos quanto por tend\u00eancias mais amplas de sa\u00fade, que favorecem produtos ricos em prote\u00edna.<\/p>\n<\/div>\n<div class=\"css-1k9op6x e17x9cvu0\" dir=\"ltr\">\n<p class=\"css-s4cjt0 eea635z0\" dir=\"ltr\">De acordo com John Lancaster, da corretora StoneX, a demanda &#8220;aumentou dramaticamente&#8221;, e produtos com alto teor proteico \u00e0 base de soro \u2014 usados em p\u00f3s e barras \u2014 atingiram n\u00edveis pr\u00f3ximos de recordes na Europa e nos Estados Unidos.<\/p>\n<\/div>\n<div class=\"css-1k9op6x e17x9cvu0\" dir=\"ltr\">\n<p class=\"css-s4cjt0 eea635z0\" dir=\"ltr\">Os efeitos desses f\u00e1rmacos podem chegar at\u00e9 a setores menos \u00f3bvios, como o de viagens de avi\u00e3o.<\/p>\n<\/div>\n<div class=\"css-1k9op6x e17x9cvu0\" dir=\"ltr\">\n<p class=\"css-s4cjt0 eea635z0\" dir=\"ltr\">Um estudo do banco de investimentos Jefferies aponta que as quatro maiores companhias a\u00e9reas dos Estados Unidos \u2014 American Airlines, Delta Air Lines, Southwest Airlines e United Airlines \u2014 poderiam economizar at\u00e9 US$ 580 milh\u00f5es por ano em combust\u00edvel caso os passageiros, em m\u00e9dia, fiquem mais leves.<\/p>\n<\/div>\n<div class=\"css-1k9op6x e17x9cvu0\" dir=\"ltr\">\n<p class=\"css-s4cjt0 eea635z0\" dir=\"ltr\">Isso ocorre porque o peso total da aeronave impacta diretamente o consumo de combust\u00edvel.<\/p>\n<\/div>\n<div class=\"css-1k9op6x e17x9cvu0\" dir=\"ltr\">\n<p class=\"css-s4cjt0 eea635z0\" dir=\"ltr\">Segundo o estudo, essas empresas devem consumir juntas cerca de 16 bilh\u00f5es de gal\u00f5es em 2026, a um custo estimado de US$ 38,6 bilh\u00f5es \u2014 quase 20% de suas despesas totais.<\/p>\n<\/div>\n<div class=\"css-1k9op6x e17x9cvu0\" dir=\"ltr\">\n<p class=\"css-s4cjt0 eea635z0\" dir=\"ltr\">A economia gerada pelo eventual emagrecimento dos passageiros representaria cerca de 1,5% desse valor.<\/p>\n<\/div>\n<div class=\"css-1k9op6x e17x9cvu0\" dir=\"ltr\">\n<p class=\"css-s4cjt0 eea635z0\" dir=\"ltr\">Ainda assim, pequenas varia\u00e7\u00f5es de peso s\u00e3o relevantes: quanto mais leve o avi\u00e3o, menor o esfor\u00e7o necess\u00e1rio para mant\u00ea-lo em voo.<\/p>\n<\/div>\n<div class=\"css-1k9op6x e17x9cvu0\" dir=\"ltr\">\n<p class=\"css-s4cjt0 eea635z0\" dir=\"ltr\">O relat\u00f3rio tamb\u00e9m sugere poss\u00edveis ganhos para investidores: uma redu\u00e7\u00e3o de 2% no peso m\u00e9dio das aeronaves poderia elevar o lucro por a\u00e7\u00e3o em cerca de 4%.<\/p>\n<\/div>\n<div class=\"css-1k9op6x e17x9cvu0\" dir=\"ltr\">\n<p class=\"css-s4cjt0 eea635z0\" dir=\"ltr\">Isso tem alimentado especula\u00e7\u00f5es de que, no futuro, parte dessa efici\u00eancia no uso dos combust\u00edveis possa at\u00e9 se refletir em passagens mais baratas.<\/p>\n<div class=\"css-1k9op6x e17x9cvu0\" dir=\"ltr\">\n<p class=\"css-s4cjt0 eea635z0\" dir=\"ltr\">Embora ainda haja muita especula\u00e7\u00e3o \u2014 e nem todas essas tend\u00eancias necessariamente se concretizem \u2014, \u00e9 ineg\u00e1vel que esses medicamentos j\u00e1 est\u00e3o provocando mudan\u00e7as relevantes.<\/p>\n<\/div>\n<div class=\"css-1k9op6x e17x9cvu0\" dir=\"ltr\">\n<p class=\"css-s4cjt0 eea635z0\" dir=\"ltr\">&#8220;A gente pode ou estar diante de uma situa\u00e7\u00e3o muito semelhante com a p\u00edlula anticoncepcional, que n\u00e3o mudou simplesmente a taxa de natalidade. Ela mudou a sociedade como um todo e teve um impacto social gigantesco&#8221;, afirma Fernanda Scagliusi, pesquisadora do Grupo de Pesquisa em Alimenta\u00e7\u00e3o, Corporalidades e Cultura da Faculdade de Sa\u00fade P\u00fablica da Universidade de S\u00e3o Paulo (USP).<\/p>\n<\/div>\n<div class=\"css-1k9op6x e17x9cvu0\" dir=\"ltr\">\n<p class=\"css-s4cjt0 eea635z0\" dir=\"ltr\">Mas, se o impacto for negativo, Scagliusi pontua que poder\u00edamos viver algo muito parecido \u00e0 crise dos opioides nos EUA.<\/p>\n<\/div>\n<div class=\"css-1k9op6x e17x9cvu0\" dir=\"ltr\">\n<p class=\"css-s4cjt0 eea635z0\" dir=\"ltr\">&#8220;E que foi colocada de uma maneira de marketing muito semelhante ao atual: &#8216;Voc\u00ea n\u00e3o precisa viver com dor&#8217;, &#8216;N\u00e3o aceite a dor, h\u00e1 a solu\u00e7\u00e3o para isso&#8217;&#8230; Assim como hoje em dia se fala: &#8216;Voc\u00ea n\u00e3o precisa viver com obesidade, h\u00e1 a solu\u00e7\u00e3o para isso&#8217;\u2026Por\u00e9m, naquele caso, foi um desastre&#8221;, analisa a pesquisadora.<\/p>\n<\/div>\n<div class=\"css-1k9op6x e17x9cvu0\" dir=\"ltr\">\n<h2 id=\"Preocupa\u00e7\u00f5es-com-canetas-emagrecedoras\" class=\"css-jtxtr9 emoh99e1\" tabindex=\"-1\">Preocupa\u00e7\u00f5es com canetas emagrecedoras<\/h2>\n<\/div>\n<div class=\"css-1k9op6x e17x9cvu0\" dir=\"ltr\">\n<p class=\"css-s4cjt0 eea635z0\" dir=\"ltr\">Apesar das mudan\u00e7as na sa\u00fade e dos bons resultados relacionados \u00e0 perda de peso, as canetas emagrecedoras trouxeram \u00e0 tona uma das principais preocupa\u00e7\u00f5es em torno dessa nova gera\u00e7\u00e3o de tratamentos contra a obesidade: o uso com finalidade est\u00e9tica.<\/p>\n<\/div>\n<div class=\"css-1k9op6x e17x9cvu0\" dir=\"ltr\">\n<p class=\"css-s4cjt0 eea635z0\" dir=\"ltr\">Especialistas destacam que embora esses medicamentos tenham sido desenvolvidos para tratar uma doen\u00e7a cr\u00f4nica, muitas pessoas t\u00eam recorrido a eles sem indica\u00e7\u00e3o m\u00e9dica adequada, como uma solu\u00e7\u00e3o r\u00e1pida &#8220;para perder alguns quilos&#8221;.<\/p>\n<\/div>\n<div class=\"css-1k9op6x e17x9cvu0\" dir=\"ltr\">\n<p class=\"css-s4cjt0 eea635z0\" dir=\"ltr\">Segundo Cynthia Val\u00e9rio, o principal problema desse uso indiscriminado \u00e9 afastar do tratamento quem realmente precisa.<\/p>\n<\/div>\n<div class=\"css-1k9op6x e17x9cvu0\" dir=\"ltr\">\n<p class=\"css-s4cjt0 eea635z0\" dir=\"ltr\">&#8220;A pessoa que precisa e j\u00e1 \u00e9 resistente ao tratamento, e tem inseguran\u00e7as, vai ficar ainda mais assustada quando tiver not\u00edcias dessas pessoas que tinham peso normal, sem indica\u00e7\u00e3o e sem acompanhamento, e que acabam muitas vezes com muito mais efeitos colaterais. Porque, afinal de contas, o rem\u00e9dio foi estudado para quem tinha obesidade&#8221;, destaca.<\/p>\n<\/div>\n<div class=\"css-1k9op6x e17x9cvu0\" dir=\"ltr\">\n<p class=\"css-s4cjt0 eea635z0\" dir=\"ltr\">Para Renata Pereira, farmac\u00eautica especialista em est\u00e9tica, esses medicamentos s\u00e3o vistos hoje como um objeto de consumo, o que leva muitas pessoas a consumirem sem entender o que isso envolve.<\/p>\n<\/div>\n<div class=\"css-1k9op6x e17x9cvu0\" dir=\"ltr\">\n<p class=\"css-s4cjt0 eea635z0\" dir=\"ltr\">&#8220;A informa\u00e7\u00e3o hoje em torno das canetas emagrecedoras n\u00e3o est\u00e1 sob controle. Voc\u00ea acaba gerando aquele sonho de consumo. Ent\u00e3o a pessoa que quer emagrecer, mesmo que ela n\u00e3o esteja no est\u00e1gio de obesidade, ela v\u00ea ali um caminho mais f\u00e1cil, porque de fato funciona, elas t\u00eam resultado&#8221;, diz Renata Pereira, farmac\u00eautica especialista em est\u00e9tica.<\/p>\n<p dir=\"ltr\"><img data-recalc-dims=\"1\" loading=\"lazy\" decoding=\"async\" data-attachment-id=\"38513\" data-permalink=\"http:\/\/blogdalucianaoliveira.com.br\/blog\/2026\/03\/20\/so-pobres-serao-gordos-a-revolucao-das-canetas-emagrecedoras-ainda-esbarra-na-desigualdade\/img_9751\/\" data-orig-file=\"https:\/\/i0.wp.com\/blogdalucianaoliveira.com.br\/blog\/wp-content\/uploads\/2026\/03\/IMG_9751.webp?fit=800%2C450\" data-orig-size=\"800,450\" data-comments-opened=\"0\" data-image-meta=\"{&quot;aperture&quot;:&quot;0&quot;,&quot;credit&quot;:&quot;&quot;,&quot;camera&quot;:&quot;&quot;,&quot;caption&quot;:&quot;&quot;,&quot;created_timestamp&quot;:&quot;0&quot;,&quot;copyright&quot;:&quot;&quot;,&quot;focal_length&quot;:&quot;0&quot;,&quot;iso&quot;:&quot;0&quot;,&quot;shutter_speed&quot;:&quot;0&quot;,&quot;title&quot;:&quot;&quot;,&quot;orientation&quot;:&quot;0&quot;}\" data-image-title=\"IMG_9751\" data-image-description=\"\" data-image-caption=\"\" data-medium-file=\"https:\/\/i0.wp.com\/blogdalucianaoliveira.com.br\/blog\/wp-content\/uploads\/2026\/03\/IMG_9751.webp?fit=300%2C169\" data-large-file=\"https:\/\/i0.wp.com\/blogdalucianaoliveira.com.br\/blog\/wp-content\/uploads\/2026\/03\/IMG_9751.webp?fit=600%2C338\" class=\"aligncenter size-full wp-image-38513\" src=\"https:\/\/i0.wp.com\/blogdalucianaoliveira.com.br\/blog\/wp-content\/uploads\/2026\/03\/IMG_9751.webp?resize=600%2C338\" alt=\"\" width=\"600\" height=\"338\" srcset=\"https:\/\/i0.wp.com\/blogdalucianaoliveira.com.br\/blog\/wp-content\/uploads\/2026\/03\/IMG_9751.webp?w=800 800w, https:\/\/i0.wp.com\/blogdalucianaoliveira.com.br\/blog\/wp-content\/uploads\/2026\/03\/IMG_9751.webp?resize=300%2C169 300w, https:\/\/i0.wp.com\/blogdalucianaoliveira.com.br\/blog\/wp-content\/uploads\/2026\/03\/IMG_9751.webp?resize=768%2C432 768w, https:\/\/i0.wp.com\/blogdalucianaoliveira.com.br\/blog\/wp-content\/uploads\/2026\/03\/IMG_9751.webp?resize=533%2C300 533w\" sizes=\"auto, (max-width: 600px) 100vw, 600px\" \/><\/p>\n<div class=\"css-1k9op6x e17x9cvu0\" dir=\"ltr\">\n<p class=\"css-s4cjt0 eea635z0\" dir=\"ltr\">E \u00e9 justamente esse resultado que ajudou a impulsionar um mercado multibilion\u00e1rio desses medicamentos.<\/p>\n<\/div>\n<div class=\"css-1k9op6x e17x9cvu0\" dir=\"ltr\">\n<p class=\"css-s4cjt0 eea635z0\" dir=\"ltr\">No Brasil, o Conselho Federal de Farm\u00e1cia apontou que as vendas desses medicamentos cresceram 88% em 2025 na compara\u00e7\u00e3o com o ano anterior.<\/p>\n<\/div>\n<div class=\"css-1k9op6x e17x9cvu0\" dir=\"ltr\">\n<p class=\"css-s4cjt0 eea635z0\" dir=\"ltr\">O aumento da demanda tamb\u00e9m atraiu a aten\u00e7\u00e3o de criminosos, dando origem a um mercado paralelo. A Associa\u00e7\u00e3o Brasileira de Farm\u00e1cias e Drogarias estima preju\u00edzos de quase R$ 69 milh\u00f5es relacionados ao roubo dessas canetas apenas no Estado de S\u00e3o Paulo.<\/p>\n<\/div>\n<div class=\"css-1k9op6x e17x9cvu0\" dir=\"ltr\">\n<p class=\"css-s4cjt0 eea635z0\" dir=\"ltr\">Al\u00e9m disso, cresce a preocupa\u00e7\u00e3o com produtos falsificados, que t\u00eam sido alvo de opera\u00e7\u00f5es da Ag\u00eancia Nacional de Vigil\u00e2ncia Sanit\u00e1ria (Anvisa) e de outros \u00f3rg\u00e3os de fiscaliza\u00e7\u00e3o.<\/p>\n<\/div>\n<div class=\"css-1k9op6x e17x9cvu0\" dir=\"ltr\">\n<p class=\"css-s4cjt0 eea635z0\" dir=\"ltr\">&#8220;Ningu\u00e9m tem o n\u00famero de medicamentos irregulares sendo utilizados no Brasil, ningu\u00e9m tem. Quantas pessoas est\u00e3o comprando isso?&#8221;, questiona Pereira.<\/p>\n<\/div>\n<div class=\"css-1k9op6x e17x9cvu0\" dir=\"ltr\">\n<p class=\"css-s4cjt0 eea635z0\" dir=\"ltr\">Por meio de nota, a Novo Nordisk, respons\u00e1vel pela produ\u00e7\u00e3o do Ozempic e do Wegovy, disse que n\u00e3o endossa, promove ou apoia o uso fora da bula de seus produtos em nenhuma circunst\u00e2ncia. Segundo eles, o uso fora dessas indica\u00e7\u00f5es aprovadas n\u00e3o conta com o mesmo respaldo cient\u00edfico e de seguran\u00e7a.<\/p>\n<\/div>\n<div class=\"css-1k9op6x e17x9cvu0\" dir=\"ltr\">\n<p class=\"css-s4cjt0 eea635z0\" dir=\"ltr\">A Lilly, fabricante do Mounjaro, mostrou &#8220;profunda preocupa\u00e7\u00e3o com uso de medicamentos pra fins est\u00e9ticos&#8221;, e diz n\u00e3o promover nem incentivar o uso n\u00e3o aprovado de seus produtos, al\u00e9m de cooperar com a Anvisa pra coibir o mercado de contrabando, roubos e canetas falsas.<\/p>\n<\/div>\n<div class=\"css-1k9op6x e17x9cvu0\" dir=\"ltr\">\n<p class=\"css-s4cjt0 eea635z0\" dir=\"ltr\">J\u00e1 a Anvisa informou que determinou a reten\u00e7\u00e3o de receita no ato de venda desses medicamentos para estimular o uso racional e ter maior controle sobre o uso.<\/p>\n<\/div>\n<div class=\"css-1k9op6x e17x9cvu0\" dir=\"ltr\">\n<p class=\"css-s4cjt0 eea635z0\" dir=\"ltr\">Al\u00e9m disso, disse estar atuando ativamente na fiscaliza\u00e7\u00e3o de an\u00fancios de vendas desses rem\u00e9dios na internet \u2014 algo que \u00e9 totalmente proibido no Brasil \u2014 e tamb\u00e9m tem coibido a entrada de canetas emagrecedoras importadas de outros pa\u00edses.<\/p>\n<\/div>\n<div class=\"css-1k9op6x e17x9cvu0\" dir=\"ltr\">\n<p class=\"css-s4cjt0 eea635z0\" dir=\"ltr\">\n<\/div>\n<\/div>\n<\/div>\n<\/div>\n<\/div>\n<\/div>\n<\/div>\n<\/div>\n","protected":false},"excerpt":{"rendered":"<p>Author, Andr\u00e9 Biernath e Iara Diniz &#8211; Da BBC News Brasil em Londres e em S\u00e3o Paulo &#8211; Rio de Janeiro se tornou a primeira cidade brasileira a oferecer o medicamento Ozempic peloSistema \u00danico de Sa\u00fade (SUS). Em ato simb\u00f3lico na quarta-feira (18\/3), o prefeito Eduardo Paes (PSD) aplicou a primeira dose da chamada &#8220;caneta&#8230;<a class=\"more-link\" href=\"http:\/\/blogdalucianaoliveira.com.br\/blog\/2026\/03\/20\/so-pobres-serao-gordos-a-revolucao-das-canetas-emagrecedoras-ainda-esbarra-na-desigualdade\/\">Continue a leitura <span class=\"meta-nav\">&raquo;<\/span><\/a><\/p>\n","protected":false},"author":1,"featured_media":0,"comment_status":"closed","ping_status":"open","sticky":false,"template":"","format":"standard","meta":{"_exactmetrics_skip_tracking":false,"_exactmetrics_sitenote_active":false,"_exactmetrics_sitenote_note":"","_exactmetrics_sitenote_category":0,"jetpack_post_was_ever_published":false,"_jetpack_newsletter_access":"","_jetpack_dont_email_post_to_subs":false,"_jetpack_newsletter_tier_id":0,"_jetpack_memberships_contains_paywalled_content":false,"_jetpack_memberships_contains_paid_content":false,"footnotes":"","jetpack_publicize_message":"","jetpack_publicize_feature_enabled":true,"jetpack_social_post_already_shared":true,"jetpack_social_options":{"image_generator_settings":{"template":"highway","enabled":false},"version":2}},"categories":[1],"tags":[],"class_list":["post-38510","post","type-post","status-publish","format-standard","hentry","category-notas"],"jetpack_publicize_connections":[],"jetpack_sharing_enabled":true,"jetpack_featured_media_url":"","jetpack_shortlink":"https:\/\/wp.me\/p7wKYW-a18","jetpack-related-posts":[],"_links":{"self":[{"href":"http:\/\/blogdalucianaoliveira.com.br\/blog\/wp-json\/wp\/v2\/posts\/38510","targetHints":{"allow":["GET"]}}],"collection":[{"href":"http:\/\/blogdalucianaoliveira.com.br\/blog\/wp-json\/wp\/v2\/posts"}],"about":[{"href":"http:\/\/blogdalucianaoliveira.com.br\/blog\/wp-json\/wp\/v2\/types\/post"}],"author":[{"embeddable":true,"href":"http:\/\/blogdalucianaoliveira.com.br\/blog\/wp-json\/wp\/v2\/users\/1"}],"replies":[{"embeddable":true,"href":"http:\/\/blogdalucianaoliveira.com.br\/blog\/wp-json\/wp\/v2\/comments?post=38510"}],"version-history":[{"count":1,"href":"http:\/\/blogdalucianaoliveira.com.br\/blog\/wp-json\/wp\/v2\/posts\/38510\/revisions"}],"predecessor-version":[{"id":38515,"href":"http:\/\/blogdalucianaoliveira.com.br\/blog\/wp-json\/wp\/v2\/posts\/38510\/revisions\/38515"}],"wp:attachment":[{"href":"http:\/\/blogdalucianaoliveira.com.br\/blog\/wp-json\/wp\/v2\/media?parent=38510"}],"wp:term":[{"taxonomy":"category","embeddable":true,"href":"http:\/\/blogdalucianaoliveira.com.br\/blog\/wp-json\/wp\/v2\/categories?post=38510"},{"taxonomy":"post_tag","embeddable":true,"href":"http:\/\/blogdalucianaoliveira.com.br\/blog\/wp-json\/wp\/v2\/tags?post=38510"}],"curies":[{"name":"wp","href":"https:\/\/api.w.org\/{rel}","templated":true}]}}