{"id":3852,"date":"2016-09-10T08:39:39","date_gmt":"2016-09-10T12:39:39","guid":{"rendered":"http:\/\/blogdalucianaoliveira.com.br\/blog\/?p=3852"},"modified":"2016-09-10T08:39:39","modified_gmt":"2016-09-10T12:39:39","slug":"policiais-militares-fardados-fazem-campanha-para-candidata-em-porto-velho","status":"publish","type":"post","link":"http:\/\/blogdalucianaoliveira.com.br\/blog\/2016\/09\/10\/policiais-militares-fardados-fazem-campanha-para-candidata-em-porto-velho\/","title":{"rendered":"Policiais Militares fardados fazem campanha para candidata em Porto Velho"},"content":{"rendered":"<p><img data-recalc-dims=\"1\" loading=\"lazy\" decoding=\"async\" data-attachment-id=\"3853\" data-permalink=\"http:\/\/blogdalucianaoliveira.com.br\/blog\/2016\/09\/10\/policiais-militares-fardados-fazem-campanha-para-candidata-em-porto-velho\/image-857\/\" data-orig-file=\"https:\/\/i0.wp.com\/blogdalucianaoliveira.com.br\/blog\/wp-content\/uploads\/2016\/09\/image-1.png?fit=650%2C400\" data-orig-size=\"650,400\" data-comments-opened=\"0\" data-image-meta=\"{&quot;aperture&quot;:&quot;0&quot;,&quot;credit&quot;:&quot;&quot;,&quot;camera&quot;:&quot;&quot;,&quot;caption&quot;:&quot;&quot;,&quot;created_timestamp&quot;:&quot;0&quot;,&quot;copyright&quot;:&quot;&quot;,&quot;focal_length&quot;:&quot;0&quot;,&quot;iso&quot;:&quot;0&quot;,&quot;shutter_speed&quot;:&quot;0&quot;,&quot;title&quot;:&quot;&quot;,&quot;orientation&quot;:&quot;0&quot;}\" data-image-title=\"image\" data-image-description=\"\" data-image-caption=\"\" data-medium-file=\"https:\/\/i0.wp.com\/blogdalucianaoliveira.com.br\/blog\/wp-content\/uploads\/2016\/09\/image-1.png?fit=300%2C185\" data-large-file=\"https:\/\/i0.wp.com\/blogdalucianaoliveira.com.br\/blog\/wp-content\/uploads\/2016\/09\/image-1.png?fit=600%2C369\" src=\"https:\/\/i0.wp.com\/blogdalucianaoliveira.com.br\/blog\/wp-content\/uploads\/2016\/09\/image-1.png?resize=600%2C369\" alt=\"image\" width=\"600\" height=\"369\" class=\"alignnone size-full wp-image-3853\" srcset=\"https:\/\/i0.wp.com\/blogdalucianaoliveira.com.br\/blog\/wp-content\/uploads\/2016\/09\/image-1.png?w=650 650w, https:\/\/i0.wp.com\/blogdalucianaoliveira.com.br\/blog\/wp-content\/uploads\/2016\/09\/image-1.png?resize=300%2C185 300w, https:\/\/i0.wp.com\/blogdalucianaoliveira.com.br\/blog\/wp-content\/uploads\/2016\/09\/image-1.png?resize=488%2C300 488w\" sizes=\"auto, (max-width: 600px) 100vw, 600px\" \/><\/p>\n<p>Ada Dantas \u00e9 esposa do deputado estadual Jesu\u00edno Boabaid<!--more--><\/p>\n<p>Por Alan Alex<br \/>\nNo Painel Pol\u00edtico<\/p>\n<p>Uma cena inusitada e proibida pela legisla\u00e7\u00e3o eleitoral circula em redes sociais e grupos de Whatsapp. A foto da candidata \u00e0 vereadora em Porto Velho, Ada Dantas ao lado de tr\u00eas policiais militares, fardados, armados e ao lado de uma viatura segurando um cartaz da candidata.<\/p>\n<p>A candidata postou a foto em seu perfil no Facebook e ainda identificou os militares, como sendo a \u201cequipe do Sargento Gusm\u00e3o\u201d, conhecido por suas apari\u00e7\u00f5es e programas policiais de Porto Velho.<\/p>\n<p><img data-recalc-dims=\"1\" loading=\"lazy\" decoding=\"async\" data-attachment-id=\"3854\" data-permalink=\"http:\/\/blogdalucianaoliveira.com.br\/blog\/2016\/09\/10\/policiais-militares-fardados-fazem-campanha-para-candidata-em-porto-velho\/image-858\/\" data-orig-file=\"https:\/\/i0.wp.com\/blogdalucianaoliveira.com.br\/blog\/wp-content\/uploads\/2016\/09\/image-2.png?fit=299%2C397\" data-orig-size=\"299,397\" data-comments-opened=\"0\" data-image-meta=\"{&quot;aperture&quot;:&quot;0&quot;,&quot;credit&quot;:&quot;&quot;,&quot;camera&quot;:&quot;&quot;,&quot;caption&quot;:&quot;&quot;,&quot;created_timestamp&quot;:&quot;0&quot;,&quot;copyright&quot;:&quot;&quot;,&quot;focal_length&quot;:&quot;0&quot;,&quot;iso&quot;:&quot;0&quot;,&quot;shutter_speed&quot;:&quot;0&quot;,&quot;title&quot;:&quot;&quot;,&quot;orientation&quot;:&quot;0&quot;}\" data-image-title=\"image\" data-image-description=\"\" data-image-caption=\"\" data-medium-file=\"https:\/\/i0.wp.com\/blogdalucianaoliveira.com.br\/blog\/wp-content\/uploads\/2016\/09\/image-2.png?fit=226%2C300\" data-large-file=\"https:\/\/i0.wp.com\/blogdalucianaoliveira.com.br\/blog\/wp-content\/uploads\/2016\/09\/image-2.png?fit=299%2C397\" src=\"https:\/\/i0.wp.com\/blogdalucianaoliveira.com.br\/blog\/wp-content\/uploads\/2016\/09\/image-2.png?resize=299%2C397\" alt=\"image\" width=\"299\" height=\"397\" class=\"alignnone size-full wp-image-3854\" \/><\/p>\n<p>Ada Dantas substituiu o marido, deputado estadual Jesu\u00edno Boabaid na presid\u00eancia da Associa\u00e7\u00e3o dos Familiares da Pol\u00edcia Militar (Assfapom), entidade que liderou movimentos grevistas dos PMs em 2011 em Rond\u00f4nia. O marido foi eleito deputado estadual em 2014 e lan\u00e7ou Ada a vereadora agora em 2016.<\/p>\n<p>A propaganda eleitoral com uso de farda \u00e9 proibida pelo Estatuto dos Militares,, que diz,\u201cArt. 77. O uso dos uniformes com seus distintivos, ins\u00edgnias e emblemas, bem como os modelos, descri\u00e7\u00e3o, composi\u00e7\u00e3o, pe\u00e7as acess\u00f3rias e outras disposi\u00e7\u00f5es, s\u00e3o estabelecidos na regulamenta\u00e7\u00e3o espec\u00edfica de cada For\u00e7a Armada.<\/p>\n<p>1\u00ba \u00c9 proibido ao militar o uso dos uniformes:<\/p>\n<p>a) em manifesta\u00e7\u00e3o de car\u00e1ter pol\u00edtico-partid\u00e1ria;<\/p>\n<p>c) na inatividade, salvo para comparecer a solenidades militares, a cerimonias c\u00edvicas comemorativas de datas nacionais ou a atos sociais solenes de car\u00e1ter particular, desde que autorizado.\u201d (grifou-se)Atualmente, os Estados j\u00e1 possuem estatutos pr\u00f3prios, destinados \u00e0s respectivas For\u00e7as Policiais e Bombeiros Militares, que regulam a mat\u00e9ria no \u00e2mbito da unidade federativa, onde normalmente utilizam disposi\u00e7\u00f5es similares ao Estatuto dos Militares. Portanto, verifica-se que, independentemente da situa\u00e7\u00e3o do militar encontrar-se na ativa ou na inatividade, o uso de uniforme em manifesta\u00e7\u00e3o pol\u00edtico-partid\u00e1ria \u00e9 vedado por lei.<\/p>\n","protected":false},"excerpt":{"rendered":"<p>Ada Dantas \u00e9 esposa do deputado estadual Jesu\u00edno Boabaid<\/p>\n","protected":false},"author":1,"featured_media":0,"comment_status":"closed","ping_status":"open","sticky":false,"template":"","format":"standard","meta":{"_exactmetrics_skip_tracking":false,"_exactmetrics_sitenote_active":false,"_exactmetrics_sitenote_note":"","_exactmetrics_sitenote_category":0,"jetpack_post_was_ever_published":false,"_jetpack_newsletter_access":"","_jetpack_dont_email_post_to_subs":false,"_jetpack_newsletter_tier_id":0,"_jetpack_memberships_contains_paywalled_content":false,"_jetpack_memberships_contains_paid_content":false,"footnotes":"","jetpack_publicize_message":"","jetpack_publicize_feature_enabled":true,"jetpack_social_post_already_shared":true,"jetpack_social_options":{"image_generator_settings":{"template":"highway","enabled":false},"version":2}},"categories":[1],"tags":[],"class_list":["post-3852","post","type-post","status-publish","format-standard","hentry","category-notas"],"jetpack_publicize_connections":[],"jetpack_sharing_enabled":true,"jetpack_featured_media_url":"","jetpack_shortlink":"https:\/\/wp.me\/p7wKYW-108","jetpack-related-posts":[],"_links":{"self":[{"href":"http:\/\/blogdalucianaoliveira.com.br\/blog\/wp-json\/wp\/v2\/posts\/3852","targetHints":{"allow":["GET"]}}],"collection":[{"href":"http:\/\/blogdalucianaoliveira.com.br\/blog\/wp-json\/wp\/v2\/posts"}],"about":[{"href":"http:\/\/blogdalucianaoliveira.com.br\/blog\/wp-json\/wp\/v2\/types\/post"}],"author":[{"embeddable":true,"href":"http:\/\/blogdalucianaoliveira.com.br\/blog\/wp-json\/wp\/v2\/users\/1"}],"replies":[{"embeddable":true,"href":"http:\/\/blogdalucianaoliveira.com.br\/blog\/wp-json\/wp\/v2\/comments?post=3852"}],"version-history":[{"count":1,"href":"http:\/\/blogdalucianaoliveira.com.br\/blog\/wp-json\/wp\/v2\/posts\/3852\/revisions"}],"predecessor-version":[{"id":3855,"href":"http:\/\/blogdalucianaoliveira.com.br\/blog\/wp-json\/wp\/v2\/posts\/3852\/revisions\/3855"}],"wp:attachment":[{"href":"http:\/\/blogdalucianaoliveira.com.br\/blog\/wp-json\/wp\/v2\/media?parent=3852"}],"wp:term":[{"taxonomy":"category","embeddable":true,"href":"http:\/\/blogdalucianaoliveira.com.br\/blog\/wp-json\/wp\/v2\/categories?post=3852"},{"taxonomy":"post_tag","embeddable":true,"href":"http:\/\/blogdalucianaoliveira.com.br\/blog\/wp-json\/wp\/v2\/tags?post=3852"}],"curies":[{"name":"wp","href":"https:\/\/api.w.org\/{rel}","templated":true}]}}