{"id":38520,"date":"2026-03-23T10:36:04","date_gmt":"2026-03-23T14:36:04","guid":{"rendered":"https:\/\/blogdalucianaoliveira.com.br\/blog\/?p=38520"},"modified":"2026-03-23T10:36:04","modified_gmt":"2026-03-23T14:36:04","slug":"mpf-mpt-e-dpu-debatem-impactos-climaticos-e-criacao-de-comite-de-bacia-do-rio-madeira-em-porto-velho-ro","status":"publish","type":"post","link":"http:\/\/blogdalucianaoliveira.com.br\/blog\/2026\/03\/23\/mpf-mpt-e-dpu-debatem-impactos-climaticos-e-criacao-de-comite-de-bacia-do-rio-madeira-em-porto-velho-ro\/","title":{"rendered":"MPF, MPT e DPU debatem impactos clim\u00e1ticos e cria\u00e7\u00e3o de comit\u00ea de bacia do Rio Madeira em Porto Velho (RO)"},"content":{"rendered":"<p><img data-recalc-dims=\"1\" loading=\"lazy\" decoding=\"async\" data-attachment-id=\"38521\" data-permalink=\"http:\/\/blogdalucianaoliveira.com.br\/blog\/2026\/03\/23\/mpf-mpt-e-dpu-debatem-impactos-climaticos-e-criacao-de-comite-de-bacia-do-rio-madeira-em-porto-velho-ro\/img_9808\/\" data-orig-file=\"https:\/\/i0.wp.com\/blogdalucianaoliveira.com.br\/blog\/wp-content\/uploads\/2026\/03\/IMG_9808.png?fit=768%2C511\" data-orig-size=\"768,511\" data-comments-opened=\"0\" data-image-meta=\"{&quot;aperture&quot;:&quot;0&quot;,&quot;credit&quot;:&quot;&quot;,&quot;camera&quot;:&quot;&quot;,&quot;caption&quot;:&quot;&quot;,&quot;created_timestamp&quot;:&quot;0&quot;,&quot;copyright&quot;:&quot;&quot;,&quot;focal_length&quot;:&quot;0&quot;,&quot;iso&quot;:&quot;0&quot;,&quot;shutter_speed&quot;:&quot;0&quot;,&quot;title&quot;:&quot;&quot;,&quot;orientation&quot;:&quot;0&quot;}\" data-image-title=\"IMG_9808\" data-image-description=\"\" data-image-caption=\"\" data-medium-file=\"https:\/\/i0.wp.com\/blogdalucianaoliveira.com.br\/blog\/wp-content\/uploads\/2026\/03\/IMG_9808.png?fit=300%2C200\" data-large-file=\"https:\/\/i0.wp.com\/blogdalucianaoliveira.com.br\/blog\/wp-content\/uploads\/2026\/03\/IMG_9808.png?fit=600%2C399\" class=\"aligncenter size-full wp-image-38521\" src=\"https:\/\/i0.wp.com\/blogdalucianaoliveira.com.br\/blog\/wp-content\/uploads\/2026\/03\/IMG_9808.png?resize=600%2C399\" alt=\"\" width=\"600\" height=\"399\" srcset=\"https:\/\/i0.wp.com\/blogdalucianaoliveira.com.br\/blog\/wp-content\/uploads\/2026\/03\/IMG_9808.png?w=768 768w, https:\/\/i0.wp.com\/blogdalucianaoliveira.com.br\/blog\/wp-content\/uploads\/2026\/03\/IMG_9808.png?resize=300%2C200 300w, https:\/\/i0.wp.com\/blogdalucianaoliveira.com.br\/blog\/wp-content\/uploads\/2026\/03\/IMG_9808.png?resize=451%2C300 451w\" sizes=\"auto, (max-width: 600px) 100vw, 600px\" \/><\/p>\n<h1 class=\"yiv6315882638gmail-mt-2 yiv6315882638gmail-text-2xl yiv6315882638gmail-sm:text-3xl yiv6315882638gmail-font-semibold yiv6315882638gmail-leading-tight yiv6315882638gmail-text-gray-900\">Audi\u00eancia p\u00fablica reuniu comunidades ribeirinhas e ind\u00edgenas para discutir participa\u00e7\u00e3o social e governan\u00e7a h\u00eddrica na regi\u00e3o<\/h1>\n<p><!--more--><\/p>\n<p>Assessoria &#8211; O Minist\u00e9rio P\u00fablico Federal (MPF), o Minist\u00e9rio P\u00fablico do Trabalho (MPT) e a Defensoria P\u00fablica da Uni\u00e3o (DPU) promoveram, na \u00faltima quarta-feira (18), audi\u00eancia p\u00fablica sobre os eventos clim\u00e1ticos extremos, como grandes enchentes e secas severas no Rio Madeira, seus impactos socioambientais e a governan\u00e7a da bacia hidrogr\u00e1fica. Representantes de comunidades e de \u00f3rg\u00e3os ambientais participaram do evento intitulado \u201cRio Madeira, as mudan\u00e7as clim\u00e1ticas e os grandes empreendimentos\u201d, realizado no audit\u00f3rio do MPT, em Porto Velho (RO).<\/p>\n<p>Entre os objetivos do encontro, destacou-se a escuta das comunidades e o avan\u00e7o na cria\u00e7\u00e3o de um comit\u00ea que re\u00fana representantes de institui\u00e7\u00f5es como o MPF, o MPT, a DPU, o Minist\u00e9rio P\u00fablico de Rond\u00f4nia (MPRO), o Instituto Brasileiro do Meio Ambiente e dos Recursos Naturais Renov\u00e1veis (Ibama), e a Secretaria Municipal de Meio Ambiente e Desenvolvimento Sustent\u00e1vel (Sema).<\/p>\n<p>\u201cEsta audi\u00eancia busca suprir a aus\u00eancia de um espa\u00e7o de escuta e refor\u00e7ar a necessidade da cria\u00e7\u00e3o do Comit\u00ea de Bacia Hidrogr\u00e1fica como inst\u00e2ncia permanente de debate, onde a popula\u00e7\u00e3o deve ser ouvida previamente \u00e0 formula\u00e7\u00e3o de pol\u00edticas p\u00fablicas e \u00e0 implementa\u00e7\u00e3o de empreendimentos no Rio Madeira\u201d, explicou o procurador da Rep\u00fablica Gabriel Amorim, que idealizou o evento.<\/p>\n<p>Comunidades ribeirinhas e representantes de diferentes etnias participaram do debate, apresentando a realidade cotidiana, expondo dificuldades e discutindo formas de tornar a escuta mais ativa e eficaz. Ap\u00f3s a audi\u00eancia, o F\u00f3rum Rio Madeira deu continuidade \u00e0s discuss\u00f5es com as lideran\u00e7as presentes.<\/p>\n<p>Para a lideran\u00e7a do povo Miguelo, Nara Migueleno, a relev\u00e2ncia do evento reside na oportunidade de manifesta\u00e7\u00e3o das pessoas diretamente envolvidas. \u201cN\u00e3o se pode propor projetos ou pautas sem a pr\u00e9via escuta das comunidades ribeirinhas\u201d, afirmou.<\/p>\n<p>\u201cOs povos ind\u00edgenas n\u00e3o desejam desenvolvimento sem a nossa presen\u00e7a e sem a nossa escuta. O Rio Madeira n\u00e3o \u00e9 apenas um corredor log\u00edstico, mas um territ\u00f3rio ind\u00edgena e ribeirinho, al\u00e9m de um ser vivo e sagrado para n\u00f3s e n\u00e3o um recurso natural pass\u00edvel de explora\u00e7\u00e3o econ\u00f4mica. Reivindicamos respeito a esse ente que integra nossa cultura e exist\u00eancia\u201d, refor\u00e7ou a lideran\u00e7a ind\u00edgena Samara Kokama.<\/p>\n<p>Como anfitri\u00e3o, o MPT destacou a import\u00e2ncia de ouvir as popula\u00e7\u00f5es para minimizar os impactos clim\u00e1ticos. \u201cA audi\u00eancia foi fundamental para dar visibilidade e voz aos ribeirinhos afetados por empreendimentos e pelas mudan\u00e7as clim\u00e1ticas junto \u00e0s institui\u00e7\u00f5es. Trata-se de problemas j\u00e1 conhecidos, que foram apresentados diretamente pelos atingidos. A partir disso, buscamos, de forma conjunta entre as institui\u00e7\u00f5es, pensar e articular estrat\u00e9gias que assegurem a defesa desses povos\u201d, concluiu o procurador do trabalho Carlos Alberto.<\/p>\n","protected":false},"excerpt":{"rendered":"<p>Audi\u00eancia p\u00fablica reuniu comunidades ribeirinhas e ind\u00edgenas para discutir participa\u00e7\u00e3o social e governan\u00e7a h\u00eddrica na regi\u00e3o<\/p>\n","protected":false},"author":1,"featured_media":0,"comment_status":"closed","ping_status":"open","sticky":false,"template":"","format":"standard","meta":{"_exactmetrics_skip_tracking":false,"_exactmetrics_sitenote_active":false,"_exactmetrics_sitenote_note":"","_exactmetrics_sitenote_category":0,"jetpack_post_was_ever_published":false,"_jetpack_newsletter_access":"","_jetpack_dont_email_post_to_subs":false,"_jetpack_newsletter_tier_id":0,"_jetpack_memberships_contains_paywalled_content":false,"_jetpack_memberships_contains_paid_content":false,"footnotes":"","jetpack_publicize_message":"","jetpack_publicize_feature_enabled":true,"jetpack_social_post_already_shared":true,"jetpack_social_options":{"image_generator_settings":{"template":"highway","enabled":false},"version":2}},"categories":[1],"tags":[],"class_list":["post-38520","post","type-post","status-publish","format-standard","hentry","category-notas"],"jetpack_publicize_connections":[],"jetpack_sharing_enabled":true,"jetpack_featured_media_url":"","jetpack_shortlink":"https:\/\/wp.me\/p7wKYW-a1i","jetpack-related-posts":[],"_links":{"self":[{"href":"http:\/\/blogdalucianaoliveira.com.br\/blog\/wp-json\/wp\/v2\/posts\/38520","targetHints":{"allow":["GET"]}}],"collection":[{"href":"http:\/\/blogdalucianaoliveira.com.br\/blog\/wp-json\/wp\/v2\/posts"}],"about":[{"href":"http:\/\/blogdalucianaoliveira.com.br\/blog\/wp-json\/wp\/v2\/types\/post"}],"author":[{"embeddable":true,"href":"http:\/\/blogdalucianaoliveira.com.br\/blog\/wp-json\/wp\/v2\/users\/1"}],"replies":[{"embeddable":true,"href":"http:\/\/blogdalucianaoliveira.com.br\/blog\/wp-json\/wp\/v2\/comments?post=38520"}],"version-history":[{"count":1,"href":"http:\/\/blogdalucianaoliveira.com.br\/blog\/wp-json\/wp\/v2\/posts\/38520\/revisions"}],"predecessor-version":[{"id":38522,"href":"http:\/\/blogdalucianaoliveira.com.br\/blog\/wp-json\/wp\/v2\/posts\/38520\/revisions\/38522"}],"wp:attachment":[{"href":"http:\/\/blogdalucianaoliveira.com.br\/blog\/wp-json\/wp\/v2\/media?parent=38520"}],"wp:term":[{"taxonomy":"category","embeddable":true,"href":"http:\/\/blogdalucianaoliveira.com.br\/blog\/wp-json\/wp\/v2\/categories?post=38520"},{"taxonomy":"post_tag","embeddable":true,"href":"http:\/\/blogdalucianaoliveira.com.br\/blog\/wp-json\/wp\/v2\/tags?post=38520"}],"curies":[{"name":"wp","href":"https:\/\/api.w.org\/{rel}","templated":true}]}}