{"id":38523,"date":"2026-03-23T11:54:40","date_gmt":"2026-03-23T15:54:40","guid":{"rendered":"https:\/\/blogdalucianaoliveira.com.br\/blog\/?p=38523"},"modified":"2026-03-23T11:54:40","modified_gmt":"2026-03-23T15:54:40","slug":"clima-da-terra-esta-mais-instavel-do-que-nunca-e-el-nino-pode-levar-a-novos-recordes-de-temperatura-adverte-agencia-da-onu","status":"publish","type":"post","link":"http:\/\/blogdalucianaoliveira.com.br\/blog\/2026\/03\/23\/clima-da-terra-esta-mais-instavel-do-que-nunca-e-el-nino-pode-levar-a-novos-recordes-de-temperatura-adverte-agencia-da-onu\/","title":{"rendered":"Clima da Terra est\u00e1 &#8216;mais inst\u00e1vel&#8217; do que nunca e El Ni\u00f1o pode levar a novos recordes de temperatura, adverte ag\u00eancia da ONU"},"content":{"rendered":"<p><img data-recalc-dims=\"1\" loading=\"lazy\" decoding=\"async\" data-attachment-id=\"38524\" data-permalink=\"http:\/\/blogdalucianaoliveira.com.br\/blog\/2026\/03\/23\/clima-da-terra-esta-mais-instavel-do-que-nunca-e-el-nino-pode-levar-a-novos-recordes-de-temperatura-adverte-agencia-da-onu\/img_9809\/\" data-orig-file=\"https:\/\/i0.wp.com\/blogdalucianaoliveira.com.br\/blog\/wp-content\/uploads\/2026\/03\/IMG_9809.webp?fit=800%2C449\" data-orig-size=\"800,449\" data-comments-opened=\"0\" data-image-meta=\"{&quot;aperture&quot;:&quot;0&quot;,&quot;credit&quot;:&quot;&quot;,&quot;camera&quot;:&quot;&quot;,&quot;caption&quot;:&quot;&quot;,&quot;created_timestamp&quot;:&quot;0&quot;,&quot;copyright&quot;:&quot;&quot;,&quot;focal_length&quot;:&quot;0&quot;,&quot;iso&quot;:&quot;0&quot;,&quot;shutter_speed&quot;:&quot;0&quot;,&quot;title&quot;:&quot;&quot;,&quot;orientation&quot;:&quot;0&quot;}\" data-image-title=\"IMG_9809\" data-image-description=\"\" data-image-caption=\"\" data-medium-file=\"https:\/\/i0.wp.com\/blogdalucianaoliveira.com.br\/blog\/wp-content\/uploads\/2026\/03\/IMG_9809.webp?fit=300%2C168\" data-large-file=\"https:\/\/i0.wp.com\/blogdalucianaoliveira.com.br\/blog\/wp-content\/uploads\/2026\/03\/IMG_9809.webp?fit=600%2C337\" class=\"aligncenter size-full wp-image-38524\" src=\"https:\/\/i0.wp.com\/blogdalucianaoliveira.com.br\/blog\/wp-content\/uploads\/2026\/03\/IMG_9809.webp?resize=600%2C337\" alt=\"\" width=\"600\" height=\"337\" srcset=\"https:\/\/i0.wp.com\/blogdalucianaoliveira.com.br\/blog\/wp-content\/uploads\/2026\/03\/IMG_9809.webp?w=800 800w, https:\/\/i0.wp.com\/blogdalucianaoliveira.com.br\/blog\/wp-content\/uploads\/2026\/03\/IMG_9809.webp?resize=300%2C168 300w, https:\/\/i0.wp.com\/blogdalucianaoliveira.com.br\/blog\/wp-content\/uploads\/2026\/03\/IMG_9809.webp?resize=768%2C431 768w, https:\/\/i0.wp.com\/blogdalucianaoliveira.com.br\/blog\/wp-content\/uploads\/2026\/03\/IMG_9809.webp?resize=535%2C300 535w\" sizes=\"auto, (max-width: 600px) 100vw, 600px\" \/><\/p>\n<section role=\"region\" aria-labelledby=\"article-byline\" data-testid=\"byline\"><span role=\"text\"><span class=\"css-eiglm1\">Mark Poynting, <\/span><\/span><span role=\"text\"><span class=\"css-hsb4jx\">Rep\u00f3rter de Clima da BBC News &#8211; <\/span><\/span>O <a class=\"focusIndicatorReducedWidth css-n8oauk e1h2ur550\" href=\"https:\/\/www.bbc.com\/portuguese\/topics\/cyx5kx43vznt\">clima<\/a> da Terra est\u00e1 mais desequilibrado do que em qualquer outro momento da hist\u00f3ria registrada, alertou a ag\u00eancia meteorol\u00f3gica da Organiza\u00e7\u00e3o das Na\u00e7\u00f5es Unidas (ONU).<\/p>\n<\/section>\n<p><!--more--><\/p>\n<div class=\"css-1k9op6x e17x9cvu0\" dir=\"ltr\">\n<p class=\"css-s4cjt0 eea635z0\" dir=\"ltr\">A Organiza\u00e7\u00e3o Meteorol\u00f3gica Mundial (OMM) afirma que o planeta est\u00e1 acumulando muito mais energia t\u00e9rmica do que consegue liberar, impulsionado por emiss\u00f5es de gases de efeito estufa, como o di\u00f3xido de carbono.<\/p>\n<\/div>\n<div class=\"css-1k9op6x e17x9cvu0\" dir=\"ltr\">\n<p class=\"css-s4cjt0 eea635z0\" dir=\"ltr\">Esse &#8220;desequil\u00edbrio energ\u00e9tico&#8221; recorde aqueceu os oceanos a n\u00edveis in\u00e9ditos no ano passado e continuou a derreter as calotas polares do planeta.<\/p>\n<\/div>\n<div class=\"css-1k9op6x e17x9cvu0\" dir=\"ltr\">\n<p class=\"css-s4cjt0 eea635z0\" dir=\"ltr\">Cientistas temem que o <a class=\"focusIndicatorReducedWidth css-n8oauk e1h2ur550\" href=\"https:\/\/www.bbc.com\/portuguese\/articles\/ce417rngx3vo\">El Ni\u00f1o<\/a>, uma fase natural de aquecimento prevista para come\u00e7ar no fim deste ano, possa levar a novos recordes de calor.<\/p>\n<\/div>\n<div class=\"css-1k9op6x e17x9cvu0\" dir=\"ltr\">\n<p class=\"css-s4cjt0 eea635z0\" dir=\"ltr\">Em resposta ao relat\u00f3rio, o secret\u00e1rio-geral da ONU, Ant\u00f3nio Guterres, reiterou seu apelo para que os pa\u00edses abandonem os combust\u00edveis f\u00f3sseis em favor de energias renov\u00e1veis, a fim de &#8220;garantir seguran\u00e7a clim\u00e1tica, seguran\u00e7a energ\u00e9tica e seguran\u00e7a nacional&#8221;.<\/p>\n<div class=\"css-1k9op6x e17x9cvu0\" dir=\"ltr\">\n<p class=\"css-s4cjt0 eea635z0\" dir=\"ltr\">&#8220;O planeta Terra est\u00e1 sendo levado al\u00e9m de seus limites. Todos os principais indicadores clim\u00e1ticos est\u00e3o em alerta vermelho&#8221;, advertiu, em um discurso em v\u00eddeo de tom enf\u00e1tico.<\/p>\n<\/div>\n<div class=\"css-1k9op6x e17x9cvu0\" dir=\"ltr\">\n<p class=\"css-s4cjt0 eea635z0\" dir=\"ltr\">Os \u00faltimos 11 anos foram os 11 anos mais quentes j\u00e1 registrados desde 1850, segundo a OMM.<\/p>\n<\/div>\n<div class=\"css-1k9op6x e17x9cvu0\" dir=\"ltr\">\n<p class=\"css-s4cjt0 eea635z0\" dir=\"ltr\">Em 2025, a temperatura m\u00e9dia global do ar ficou cerca de 1,43 \u00b0C acima dos n\u00edveis do per\u00edodo &#8220;pr\u00e9-industrial&#8221;, antes de os seres humanos come\u00e7arem a queimar grandes quantidades de combust\u00edveis f\u00f3sseis.<\/p>\n<div class=\"css-1k9op6x e17x9cvu0\" dir=\"ltr\">\n<p class=\"css-s4cjt0 eea635z0\" dir=\"ltr\">Um resfriamento tempor\u00e1rio provocado pelo fen\u00f4meno La Ni\u00f1a fez com que 2025 n\u00e3o fosse t\u00e3o quente quanto 2024, que foi intensificado pela fase oposta, o El Ni\u00f1o.<\/p>\n<\/div>\n<figure class=\"css-1qn0xuy\">\n<div class=\"css-1jir9cx\"><img data-recalc-dims=\"1\" loading=\"lazy\" decoding=\"async\" class=\"css-1seqhu9\" src=\"https:\/\/i0.wp.com\/ichef.bbci.co.uk\/ace\/ws\/640\/cpsprodpb\/982d\/live\/41e613a0-26a6-11f1-a79a-77e93010d956.png.webp?resize=600%2C579&#038;ssl=1\" sizes=\"auto, (min-width: 1008px) 760px, 100vw\" srcset=\"https:\/\/ichef.bbci.co.uk\/ace\/ws\/240\/cpsprodpb\/982d\/live\/41e613a0-26a6-11f1-a79a-77e93010d956.png.webp 240w, https:\/\/ichef.bbci.co.uk\/ace\/ws\/320\/cpsprodpb\/982d\/live\/41e613a0-26a6-11f1-a79a-77e93010d956.png.webp 320w, https:\/\/ichef.bbci.co.uk\/ace\/ws\/480\/cpsprodpb\/982d\/live\/41e613a0-26a6-11f1-a79a-77e93010d956.png.webp 480w, https:\/\/ichef.bbci.co.uk\/ace\/ws\/624\/cpsprodpb\/982d\/live\/41e613a0-26a6-11f1-a79a-77e93010d956.png.webp 624w, https:\/\/ichef.bbci.co.uk\/ace\/ws\/800\/cpsprodpb\/982d\/live\/41e613a0-26a6-11f1-a79a-77e93010d956.png.webp 800w\" alt=\"Gr\u00e1fico de linhas mostra a temperatura m\u00e9dia global do ar entre 1850 e 2025. H\u00e1 varia\u00e7\u00f5es de um ano para outro, mas desde cerca de 1970 a tend\u00eancia \u00e9 de alta. Os \u00faltimos anos est\u00e3o muito acima de qualquer n\u00edvel registrado antes\" width=\"600\" height=\"579\" \/><\/div>\n<\/figure>\n<div>\n<div class=\"css-1k9op6x e17x9cvu0\" dir=\"ltr\">\n<p class=\"css-s4cjt0 eea635z0\" dir=\"ltr\">Ainda assim, o ano passado foi um dos tr\u00eas mais quentes desde o in\u00edcio dos registros.<\/p>\n<\/div>\n<div class=\"css-1k9op6x e17x9cvu0\" dir=\"ltr\">\n<p class=\"css-s4cjt0 eea635z0\" dir=\"ltr\">Muitos cientistas agora acreditam que o aquecimento est\u00e1 se acelerando, embora afirmem que as temperaturas est\u00e3o, em geral, dentro da faixa das previs\u00f5es de longo prazo.<\/p>\n<\/div>\n<div class=\"css-1k9op6x e17x9cvu0\" dir=\"ltr\">\n<p class=\"css-s4cjt0 eea635z0\" dir=\"ltr\">E a OMM aponta para uma s\u00e9rie de outras evid\u00eancias quemostram que o clima est\u00e1 mudando mais rapidamente do que j\u00e1 vimos antes.<\/p>\n<div class=\"css-1k9op6x e17x9cvu0\" dir=\"ltr\">\n<p class=\"css-s4cjt0 eea635z0\" dir=\"ltr\">Talvez a medida mais abrangente seja a quantidade de energia t\u00e9rmica extra que est\u00e1 sendo absorvida pela Terra.<\/p>\n<\/div>\n<div class=\"css-1k9op6x e17x9cvu0\" dir=\"ltr\">\n<p class=\"css-s4cjt0 eea635z0\" dir=\"ltr\">Esse &#8220;desequil\u00edbrio energ\u00e9tico&#8221;, que impulsiona a mudan\u00e7a clim\u00e1tica, atingiu um novo recorde no ano passado, afirma a OMM.<\/p>\n<\/div>\n<div class=\"css-1k9op6x e17x9cvu0\" dir=\"ltr\">\n<p class=\"css-s4cjt0 eea635z0\" dir=\"ltr\">Embora os cientistas ainda estejam investigando exatamente por que a Terra acumulou tanto calor extra na \u00faltima d\u00e9cada ou mais, eles n\u00e3o t\u00eam d\u00favida de que os gases de efeito estufa que ret\u00eam calor, como o di\u00f3xido de carbono (CO2), s\u00e3o a causa principal do desequil\u00edbrio.<\/p>\n<\/div>\n<div class=\"css-1k9op6x e17x9cvu0\" dir=\"ltr\">\n<p class=\"css-s4cjt0 eea635z0\" dir=\"ltr\">Segundo a OMM, os n\u00edveis de CO2 na atmosfera est\u00e3o nos maiores patamares do que em pelo menos dois milh\u00f5es de anos, devido a atividades humanas como a queima de combust\u00edveis f\u00f3sseis.<\/p>\n<\/div>\n<figure class=\"css-1qn0xuy\">\n<div class=\"css-1jir9cx\"><img data-recalc-dims=\"1\" loading=\"lazy\" decoding=\"async\" class=\"css-1seqhu9\" src=\"https:\/\/i0.wp.com\/ichef.bbci.co.uk\/ace\/ws\/640\/cpsprodpb\/1573\/live\/a90d16f0-26a6-11f1-934f-036468834728.png.webp?resize=600%2C595&#038;ssl=1\" sizes=\"auto, (min-width: 1008px) 760px, 100vw\" srcset=\"https:\/\/ichef.bbci.co.uk\/ace\/ws\/240\/cpsprodpb\/1573\/live\/a90d16f0-26a6-11f1-934f-036468834728.png.webp 240w, https:\/\/ichef.bbci.co.uk\/ace\/ws\/320\/cpsprodpb\/1573\/live\/a90d16f0-26a6-11f1-934f-036468834728.png.webp 320w, https:\/\/ichef.bbci.co.uk\/ace\/ws\/480\/cpsprodpb\/1573\/live\/a90d16f0-26a6-11f1-934f-036468834728.png.webp 480w, https:\/\/ichef.bbci.co.uk\/ace\/ws\/624\/cpsprodpb\/1573\/live\/a90d16f0-26a6-11f1-934f-036468834728.png.webp 624w, https:\/\/ichef.bbci.co.uk\/ace\/ws\/800\/cpsprodpb\/1573\/live\/a90d16f0-26a6-11f1-934f-036468834728.png.webp 800w\" alt=\"Infogr\u00e1fico compara o clima equilibrado do passado com o clima atual, em desequil\u00edbrio. \u00c0 esquerda, o globo mostra a energia solar que entra e o calor que sai em equil\u00edbrio. \u00c0 direita, a mesma entrada de energia aparece com menor sa\u00edda de calor, devido aos gases de efeito estufa. Um gr\u00e1fico em blocos mostra onde a energia extra se acumula: 91% nos oceanos, 5% na terra, 3% no gelo e 1% na atmosfera. Fonte: IPCC\" width=\"600\" height=\"595\" \/><\/div>\n<\/figure>\n<div class=\"css-1k9op6x e17x9cvu0\" dir=\"ltr\">\n<p class=\"css-s4cjt0 eea635z0\" dir=\"ltr\">Parte da energia extra retida por esses gases aquece a atmosfera e a terra, al\u00e9m de derreter o gelo do planeta.<\/p>\n<\/div>\n<div class=\"css-1k9op6x e17x9cvu0\" dir=\"ltr\">\n<p class=\"css-s4cjt0 eea635z0\" dir=\"ltr\">Segundo dados preliminares, as geleiras do mundo tiveram um de seus cinco piores anos j\u00e1 registrados em 2024\/25, enquanto o gelo marinho nos dois polos ficou em n\u00edveis m\u00ednimos ou pr\u00f3ximos deles durante a maior parte de 2025.<\/p>\n<\/div>\n<div class=\"css-1k9op6x e17x9cvu0\" dir=\"ltr\">\n<p class=\"css-s4cjt0 eea635z0\" dir=\"ltr\">Mas mais de 90% da energia extra da Terra aquece os oceanos, o que, por sua vez, prejudica a vida marinha, intensifica tempestades e contribui para a eleva\u00e7\u00e3o do n\u00edvel do mar.<\/p>\n<\/div>\n<div class=\"css-1k9op6x e17x9cvu0\" dir=\"ltr\">\n<p class=\"css-s4cjt0 eea635z0\" dir=\"ltr\">O calor armazenado nos 2 km superiores do oceano global atingiu um novo recorde no ano passado, afirma a OMM. Nas \u00faltimas duas d\u00e9cadas, o aquecimento ocorreu a um ritmo mais de duas vezes superior ao observado no fim do s\u00e9culo 20.<\/p>\n<\/div>\n<div class=\"css-1k9op6x e17x9cvu0\" dir=\"ltr\">\n<p class=\"css-s4cjt0 eea635z0\" dir=\"ltr\">&#8220;As atividades humanas est\u00e3o perturbando cada vez mais o equil\u00edbrio natural e viveremos com essas consequ\u00eancias por centenas e milhares de anos&#8221;, disse Celeste Saulo, secret\u00e1ria-geral da OMM.<\/p>\n<\/div>\n<div class=\"css-1k9op6x e17x9cvu0\" dir=\"ltr\">\n<p class=\"css-s4cjt0 eea635z0\" dir=\"ltr\">O relat\u00f3rio aponta para os impactos atuais do aumento das temperaturas, que ajudam a intensificar diversos tipos de eventos clim\u00e1ticos extremos e favorecem a dissemina\u00e7\u00e3o de doen\u00e7as como a dengue.<\/p>\n<\/div>\n<div class=\"css-1k9op6x e17x9cvu0\" dir=\"ltr\">\n<p class=\"css-s4cjt0 eea635z0\" dir=\"ltr\">O sudoeste dos Estados Unidos enfrenta atualmente uma onda de calor recorde para in\u00edcio de temporada, com temperaturas que superaram os 40 \u00b0C em alguns locais nos \u00faltimos dias \u2014 cerca de 10 \u00b0C a 15 \u00b0C acima da m\u00e9dia.<\/p>\n<\/div>\n<div class=\"css-1k9op6x e17x9cvu0\" dir=\"ltr\">\n<p class=\"css-s4cjt0 eea635z0\" dir=\"ltr\">Uma an\u00e1lise r\u00e1pida realizada na sexta-feira (21\/3) por cientistas do grupo World Weather Attribution concluiu que a intensidade do calor teria sido &#8220;virtualmente imposs\u00edvel&#8221; sem a mudan\u00e7a clim\u00e1tica causada pelos humanos.<\/p>\n<\/div>\n<div class=\"css-1k9op6x e17x9cvu0\" dir=\"ltr\">\n<p class=\"css-s4cjt0 eea635z0\" dir=\"ltr\">Os pesquisadores tamb\u00e9m monitoram de perto o oceano Pac\u00edfico, com previs\u00f5es de longo prazo indicando fortemente que uma fase de aquecimento do El Ni\u00f1o pode se formar na segunda metade de 2026.<\/p>\n<\/div>\n<div class=\"css-1k9op6x e17x9cvu0\" dir=\"ltr\">\n<p class=\"css-s4cjt0 eea635z0\" dir=\"ltr\">Um El Ni\u00f1o, somado ao aquecimento causado pela atividade humana, pode elevar as temperaturas at\u00e9 2027.<\/p>\n<\/div>\n<div class=\"css-1k9op6x e17x9cvu0\" dir=\"ltr\">\n<p class=\"css-s4cjt0 eea635z0\" dir=\"ltr\">&#8220;Se passarmos para El Ni\u00f1o, veremos um aumento da temperatura global novamente, possivelmente atingindo novos recordes&#8221;, disse John Kennedy, da OMM.<\/p>\n<\/div>\n<div class=\"css-1k9op6x e17x9cvu0\" dir=\"ltr\">\n<h2 id=\"El-Ni\u00f1o-e-La-Ni\u00f1a-no-Brasil\" class=\"css-jtxtr9 emoh99e1\" tabindex=\"-1\">El Ni\u00f1o e La Ni\u00f1a no Brasil<\/h2>\n<\/div>\n<div class=\"css-1k9op6x e17x9cvu0\" dir=\"ltr\">\n<p class=\"css-s4cjt0 eea635z0\" dir=\"ltr\">O &#8220;Ni\u00f1o&#8221; que d\u00e1 nome ao fen\u00f4meno \u00e9 ningu\u00e9m menos do que o menino Jesus (el ni\u00f1o Jes\u00fas, em espanhol). O evento clim\u00e1tico recebeu esse nome por ser o primeiro identificado por pescadores do Peru e Equador na \u00e9poca do Natal.<\/p>\n<\/div>\n<div class=\"css-1k9op6x e17x9cvu0\" dir=\"ltr\">\n<p class=\"css-s4cjt0 eea635z0\" dir=\"ltr\">&#8220;O El Ni\u00f1o e a La Ni\u00f1a s\u00e3o duas fases opostas do mesmo fen\u00f4meno, que chamamos de El Ni\u00f1o Oscila\u00e7\u00e3o Sul [ou ENSO, na sigla em ingl\u00eas]&#8221;, explica Vin\u00edcius Lucyrio, meteorologista da Climatempo.<\/p>\n<\/div>\n<div class=\"css-1k9op6x e17x9cvu0\" dir=\"ltr\">\n<p class=\"css-s4cjt0 eea635z0\" dir=\"ltr\">&#8220;\u00c9 um fen\u00f4meno que acopla condi\u00e7\u00f5es oce\u00e2nicas e atmosf\u00e9ricas. Ou seja: \u00e9 o oceano influenciando diretamente nas condi\u00e7\u00f5es atmosf\u00e9ricas.&#8221;<\/p>\n<\/div>\n<div class=\"css-1k9op6x e17x9cvu0\" dir=\"ltr\">\n<p class=\"css-s4cjt0 eea635z0\" dir=\"ltr\">O El Ni\u00f1o \u00e9 a fase quente deste fen\u00f4meno, que traz \u00e1guas de temperatura mais elevada para a faixa equatorial do Pac\u00edfico Sul, na costa norte do Peru e do Equador, se estendendo ao sul da linha imagin\u00e1ria at\u00e9 quase a Oceania.<\/p>\n<\/div>\n<div class=\"css-1k9op6x e17x9cvu0\" dir=\"ltr\">\n<p class=\"css-s4cjt0 eea635z0\" dir=\"ltr\">Isso ocorre por um enfraquecimento dos ventos al\u00edsios, um sistema de ventos que sopram de leste para oeste na regi\u00e3o equatorial, explica Lucyrio.<\/p>\n<\/div>\n<div class=\"css-1k9op6x e17x9cvu0\" dir=\"ltr\">\n<p class=\"css-s4cjt0 eea635z0\" dir=\"ltr\">J\u00e1 a La Ni\u00f1a \u00e9 a fase fria do fen\u00f4meno, com temperaturas abaixo da m\u00e9dia nas \u00e1gua do Pac\u00edfico Sul, sob efeito de ventos al\u00edsios fortalecidos que favorecem a ressurg\u00eancia de \u00e1guas profundas mais frias na costa do Peru e do Equador.<\/p>\n<\/div>\n<div class=\"css-1k9op6x e17x9cvu0\" dir=\"ltr\">\n<p class=\"css-s4cjt0 eea635z0\" dir=\"ltr\">No Brasil, a La Ni\u00f1a afeta as chuvas nos dois extremos do pa\u00eds.<\/p>\n<\/div>\n<div class=\"css-1k9op6x e17x9cvu0\" dir=\"ltr\">\n<p class=\"css-s4cjt0 eea635z0\" dir=\"ltr\">No Sul, ficam mais irregulares, favorecendo per\u00edodos de estiagem e seca. J\u00e1 no Norte e Nordeste, h\u00e1 um aumento das precipita\u00e7\u00f5es, principalmente entre agosto e fevereiro.<\/p>\n<\/div>\n<div class=\"css-1k9op6x e17x9cvu0\" dir=\"ltr\">\n<p class=\"css-s4cjt0 eea635z0\" dir=\"ltr\">A La Ni\u00f1a tamb\u00e9m traz temperaturas abaixo da m\u00e9dia ao pa\u00eds, ao favorecer a passagem de frentes frias. Isso ajuda a explicar, por exemplo, o ver\u00e3o mais ameno esse ano no Sudeste, observa o especialista da Climatempo.<\/p>\n<\/div>\n<div class=\"css-1k9op6x e17x9cvu0\" dir=\"ltr\">\n<p class=\"css-s4cjt0 eea635z0\" dir=\"ltr\">J\u00e1 o El Ni\u00f1o traz tempo mais quente em todo o Brasil, principalmente entre o final do inverno e o ver\u00e3o. E, nas chuvas, o sinal se inverte. No Norte e Nordeste, a chuva tende a ficar abaixo da m\u00e9dia, enquanto no Sul, fica acima.<\/p>\n<\/div>\n<div class=\"css-1k9op6x e17x9cvu0\" dir=\"ltr\">\n<p class=\"css-s4cjt0 eea635z0\" dir=\"ltr\"><i class=\"css-6whwaq ezrtjzf0\">* Reportagem adicional de Thais Carran\u00e7a<\/i><\/p>\n<\/div>\n<\/div>\n<\/div>\n<\/div>\n<\/div>\n","protected":false},"excerpt":{"rendered":"<p>Mark Poynting, Rep\u00f3rter de Clima da BBC News &#8211; O clima da Terra est\u00e1 mais desequilibrado do que em qualquer outro momento da hist\u00f3ria registrada, alertou a ag\u00eancia meteorol\u00f3gica da Organiza\u00e7\u00e3o das Na\u00e7\u00f5es Unidas (ONU).<\/p>\n","protected":false},"author":1,"featured_media":0,"comment_status":"closed","ping_status":"open","sticky":false,"template":"","format":"standard","meta":{"_exactmetrics_skip_tracking":false,"_exactmetrics_sitenote_active":false,"_exactmetrics_sitenote_note":"","_exactmetrics_sitenote_category":0,"jetpack_post_was_ever_published":false,"_jetpack_newsletter_access":"","_jetpack_dont_email_post_to_subs":false,"_jetpack_newsletter_tier_id":0,"_jetpack_memberships_contains_paywalled_content":false,"_jetpack_memberships_contains_paid_content":false,"footnotes":"","jetpack_publicize_message":"","jetpack_publicize_feature_enabled":true,"jetpack_social_post_already_shared":true,"jetpack_social_options":{"image_generator_settings":{"template":"highway","enabled":false},"version":2}},"categories":[1],"tags":[],"class_list":["post-38523","post","type-post","status-publish","format-standard","hentry","category-notas"],"jetpack_publicize_connections":[],"jetpack_sharing_enabled":true,"jetpack_featured_media_url":"","jetpack_shortlink":"https:\/\/wp.me\/p7wKYW-a1l","jetpack-related-posts":[],"_links":{"self":[{"href":"http:\/\/blogdalucianaoliveira.com.br\/blog\/wp-json\/wp\/v2\/posts\/38523","targetHints":{"allow":["GET"]}}],"collection":[{"href":"http:\/\/blogdalucianaoliveira.com.br\/blog\/wp-json\/wp\/v2\/posts"}],"about":[{"href":"http:\/\/blogdalucianaoliveira.com.br\/blog\/wp-json\/wp\/v2\/types\/post"}],"author":[{"embeddable":true,"href":"http:\/\/blogdalucianaoliveira.com.br\/blog\/wp-json\/wp\/v2\/users\/1"}],"replies":[{"embeddable":true,"href":"http:\/\/blogdalucianaoliveira.com.br\/blog\/wp-json\/wp\/v2\/comments?post=38523"}],"version-history":[{"count":1,"href":"http:\/\/blogdalucianaoliveira.com.br\/blog\/wp-json\/wp\/v2\/posts\/38523\/revisions"}],"predecessor-version":[{"id":38525,"href":"http:\/\/blogdalucianaoliveira.com.br\/blog\/wp-json\/wp\/v2\/posts\/38523\/revisions\/38525"}],"wp:attachment":[{"href":"http:\/\/blogdalucianaoliveira.com.br\/blog\/wp-json\/wp\/v2\/media?parent=38523"}],"wp:term":[{"taxonomy":"category","embeddable":true,"href":"http:\/\/blogdalucianaoliveira.com.br\/blog\/wp-json\/wp\/v2\/categories?post=38523"},{"taxonomy":"post_tag","embeddable":true,"href":"http:\/\/blogdalucianaoliveira.com.br\/blog\/wp-json\/wp\/v2\/tags?post=38523"}],"curies":[{"name":"wp","href":"https:\/\/api.w.org\/{rel}","templated":true}]}}