{"id":38539,"date":"2026-03-24T19:47:36","date_gmt":"2026-03-24T23:47:36","guid":{"rendered":"https:\/\/blogdalucianaoliveira.com.br\/blog\/?p=38539"},"modified":"2026-03-24T19:47:36","modified_gmt":"2026-03-24T23:47:36","slug":"moraes-concedeu-a-bolsonaro-direito-negado-a-idosos-doentes-na-papuda","status":"publish","type":"post","link":"http:\/\/blogdalucianaoliveira.com.br\/blog\/2026\/03\/24\/moraes-concedeu-a-bolsonaro-direito-negado-a-idosos-doentes-na-papuda\/","title":{"rendered":"Moraes concedeu a Bolsonaro direito negado a idosos doentes na Papuda"},"content":{"rendered":"<p><img data-recalc-dims=\"1\" loading=\"lazy\" decoding=\"async\" data-attachment-id=\"38540\" data-permalink=\"http:\/\/blogdalucianaoliveira.com.br\/blog\/2026\/03\/24\/moraes-concedeu-a-bolsonaro-direito-negado-a-idosos-doentes-na-papuda\/img_9926\/\" data-orig-file=\"https:\/\/i0.wp.com\/blogdalucianaoliveira.com.br\/blog\/wp-content\/uploads\/2026\/03\/IMG_9926.webp?fit=610%2C380\" data-orig-size=\"610,380\" data-comments-opened=\"0\" data-image-meta=\"{&quot;aperture&quot;:&quot;0&quot;,&quot;credit&quot;:&quot;&quot;,&quot;camera&quot;:&quot;&quot;,&quot;caption&quot;:&quot;&quot;,&quot;created_timestamp&quot;:&quot;0&quot;,&quot;copyright&quot;:&quot;&quot;,&quot;focal_length&quot;:&quot;0&quot;,&quot;iso&quot;:&quot;0&quot;,&quot;shutter_speed&quot;:&quot;0&quot;,&quot;title&quot;:&quot;&quot;,&quot;orientation&quot;:&quot;0&quot;}\" data-image-title=\"IMG_9926\" data-image-description=\"\" data-image-caption=\"\" data-medium-file=\"https:\/\/i0.wp.com\/blogdalucianaoliveira.com.br\/blog\/wp-content\/uploads\/2026\/03\/IMG_9926.webp?fit=300%2C187\" data-large-file=\"https:\/\/i0.wp.com\/blogdalucianaoliveira.com.br\/blog\/wp-content\/uploads\/2026\/03\/IMG_9926.webp?fit=600%2C374\" class=\"aligncenter size-full wp-image-38540\" src=\"https:\/\/i0.wp.com\/blogdalucianaoliveira.com.br\/blog\/wp-content\/uploads\/2026\/03\/IMG_9926.webp?resize=600%2C374\" alt=\"\" width=\"600\" height=\"374\" srcset=\"https:\/\/i0.wp.com\/blogdalucianaoliveira.com.br\/blog\/wp-content\/uploads\/2026\/03\/IMG_9926.webp?w=610 610w, https:\/\/i0.wp.com\/blogdalucianaoliveira.com.br\/blog\/wp-content\/uploads\/2026\/03\/IMG_9926.webp?resize=300%2C187 300w, https:\/\/i0.wp.com\/blogdalucianaoliveira.com.br\/blog\/wp-content\/uploads\/2026\/03\/IMG_9926.webp?resize=482%2C300 482w\" sizes=\"auto, (max-width: 600px) 100vw, 600px\" \/><\/p>\n<h2 class=\"article__lead\">Se a pris\u00e3o domiciliar humanit\u00e1ria n\u00e3o vale para todos, o que ex-presidente obteve foi um privil\u00e9gio<\/h2>\n<p><!--more--><strong>247, por Joaquim de Carvalho<\/strong> &#8211; A concess\u00e3o de pris\u00e3o domiciliar humanit\u00e1ria ao ex-presidente Jair Bolsonaro, fundamentada em seu estado de sa\u00fade, exp\u00f5e um contraste cada vez mais evidente no sistema penal brasileiro: enquanto casos de pessoas poderosas recebem resposta r\u00e1pida do Judici\u00e1rio, centenas de idosos doentes permanecem encarcerados em condi\u00e7\u00f5es prec\u00e1rias no Complexo da Papuda.<\/p>\n<p>Relat\u00f3rio da Defensoria P\u00fablica do Distrito Federal revela que essa popula\u00e7\u00e3o enfrenta superlota\u00e7\u00e3o, falta de assist\u00eancia m\u00e9dica adequada e condi\u00e7\u00f5es degradantes. Um cen\u00e1rio que, em tese, justificaria exatamente o mesmo tipo de medida concedida ao ex-presidente.<\/p>\n<div class=\"marginBottom30\">\n<div class=\"ad ad--center marginBottom0\">\n<div id=\"b247-multipage-video-1\" data-google-query-id=\"CPaGo7XbuZMDFYs1uQYdd1cT0Q\">\n<div id=\"google_ads_iframe_\/55115104\/b247-multipage-video-1_0__container__\"><\/div>\n<div id=\"notsy_container_348510859\" class=\"B24_VIDEO_GAM\" data-notsy-container-index=\"1\" data-notsy-mapped-container=\"1\"><\/div>\n<\/div>\n<\/div>\n<\/div>\n<p>\u201cSe a pris\u00e3o domiciliar humanit\u00e1ria n\u00e3o vale para todos, o que Bolsonaro obteve foi um privil\u00e9gio\u201d, diz a professora Aline Dutra, influenciadora conhecida nas redes como Esquerdogata, que teve acesso ao relat\u00f3rio (abaixo).<\/p>\n<p>A defesa de Jair Bolsonaro insiste na pris\u00e3o domiciliar humanit\u00e1ria desde que ele foi levado para a Pol\u00edcia Federal, em novembro do ano passado, naquele momento para cumprir a pris\u00e3o preventiva<em>.<\/em><\/p>\n<p>Em janeiro, Bolsonaro foi transferido para o Complexo da Papuda, com base em uma per\u00edcia m\u00e9dica que constatou que o local era adequado para as necessidades de atendimento m\u00e9dico de Bolsonaro. A decis\u00e3o foi tomada com base em uma per\u00edcia determinada pelo ministro.<\/p>\n<p>Desta vez, n\u00e3o houve per\u00edcia, mas o envio de laudos pelos m\u00e9dicos do ex-presidente. Com base nesses documentos, Moraes reconheceu que houve agravamento relevante do quadro cl\u00ednico, com evolu\u00e7\u00e3o r\u00e1pida da doen\u00e7a.<\/p>\n<p>Na decis\u00e3o, divulgada nesta ter\u00e7a-feira, o ministro anotou que Bolsonaro \u00e9 \u00a0paciente idoso e com comorbidades, um quadro exige ambiente controlado para recupera\u00e7\u00e3o. O ministro considerou tamb\u00e9m que existe o risco de complica\u00e7\u00f5es, como infec\u00e7\u00f5es graves. Vale reafirmar: a decis\u00e3o foi tomada sem per\u00edcia judicial.<\/p>\n<p>Segundo o despacho, a situa\u00e7\u00e3o cl\u00ednica \u201cindica que [&#8230;] o ambiente domiciliar \u00e9 o mais indicado para preserva\u00e7\u00e3o de sua sa\u00fade\u201d<\/p>\n<p>A pris\u00e3o domiciliar foi concedida de forma tempor\u00e1ria (90 dias) e condicionada, com uma s\u00e9rie de restri\u00e7\u00f5es: monitoramento policial, controle rigoroso de visitas, equipe de sa\u00fade dispon\u00edvel 24 horas, relat\u00f3rios m\u00e9dicos peri\u00f3dicos, proibi\u00e7\u00e3o de comunica\u00e7\u00e3o externa e manifesta\u00e7\u00f5es p\u00fablicas<\/p>\n<p>O pr\u00f3prio ministro destacou que a medida visa garantir recupera\u00e7\u00e3o em ambiente controlado, reduzindo riscos como sepse e novas infec\u00e7\u00f5es.<\/p>\n<p>Enquanto isso, o relat\u00f3rio da Defensoria descreve uma realidade oposta para idosos presos no Centro de Internamento e Reeduca\u00e7\u00e3o (CIR).<\/p>\n<p>Na ala destinada a presos com mais de 60 anos, h\u00e1 cerca de<b> <\/b>340 internos para 177 vagas; celas chegam a abrigar 38 pessoas com apenas 21 camas; idosos doentes dormem no ch\u00e3o ou em estruturas improvisadas<\/p>\n<p>A Defensoria relata que \u00e9 f\u00e1cil constatar que idosos com mais de 80 anos apresentam condi\u00e7\u00e3o de sa\u00fade preocupante, como um homem que tem uma protuber\u00e2ncia de mais de 30 cent\u00edmetros no est\u00f4mago.<\/p>\n<p>Apesar disso, \u00a0h\u00e1 demora no atendimento m\u00e9dico, aus\u00eancia de estrutura b\u00e1sica de acessibilidade, presen\u00e7a de m\u00faltiplas comorbidades sem acompanhamento adequado<\/p>\n<p>O pr\u00f3prio \u00f3rg\u00e3o recomenda a ado\u00e7\u00e3o urgente de medidas como pris\u00e3o domiciliar humanit\u00e1ria, especialmente para os casos mais graves.<\/p>\n<h3><b>O contraste<\/b><\/h3>\n<p>A decis\u00e3o de Moraes reconhece que idade avan\u00e7ada, comorbidades e risco de agravamento cl\u00ednico exigem a necessidade de ambiente controlado. S\u00e3o fatores suficientes para justificar a sa\u00edda do sistema prisional.<\/p>\n<p>Esses mesmos elementos est\u00e3o presentes \u2014 e muitas vezes de forma mais intensa \u2014 entre os idosos da Papuda.<\/p>\n<p>A diferen\u00e7a central est\u00e1 no acesso: Bolsonaro teve laudo m\u00e9dica detalhado, interna\u00e7\u00e3o imediata e an\u00e1lise c\u00e9lere. Os demais presos enfrentam demora at\u00e9 para atendimento b\u00e1sico<\/p>\n<p>O caso exp\u00f5e uma contradi\u00e7\u00e3o.<\/p>\n<p>De um lado, o Judici\u00e1rio afirma que o Estado deve preservar a integridade f\u00edsica de quem est\u00e1 sob sua cust\u00f3dia. De outro, o pr\u00f3prio Estado mant\u00e9m idosos doentes em condi\u00e7\u00f5es que a Defensoria classifica como degradantes, com \u201cineg\u00e1vel rebaixamento da dignidade humana\u201d .<\/p>\n<p>A pris\u00e3o domiciliar humanit\u00e1ria, prevista em lei, surge assim como um direito que, na pr\u00e1tica, parece depender de visibilidade, acesso e capacidade de mobiliza\u00e7\u00e3o jur\u00eddica.<\/p>\n<p>A decis\u00e3o que beneficiou Jair Bolsonaro n\u00e3o \u00e9 ilegal. Ao contr\u00e1rio, est\u00e1 fundamentada em crit\u00e9rios m\u00e9dicos e jur\u00eddicos reconhecidos.<\/p>\n<p>O problema est\u00e1 fora dela e na revela\u00e7\u00e3o de que existem dois pesos e duas medidas.<\/p>\n<p>Enquanto isso n\u00e3o ocorrer, o que deveria ser um direito continuar\u00e1 sendo percebido como privil\u00e9gio \u2014 e a dignidade humana, base do sistema jur\u00eddico, seguir\u00e1 sendo distribu\u00edda de forma desigual dentro do pr\u00f3prio Estado.<\/p>\n","protected":false},"excerpt":{"rendered":"<p>Se a pris\u00e3o domiciliar humanit\u00e1ria n\u00e3o vale para todos, o que ex-presidente obteve foi um privil\u00e9gio<\/p>\n","protected":false},"author":1,"featured_media":0,"comment_status":"closed","ping_status":"open","sticky":false,"template":"","format":"standard","meta":{"_exactmetrics_skip_tracking":false,"_exactmetrics_sitenote_active":false,"_exactmetrics_sitenote_note":"","_exactmetrics_sitenote_category":0,"jetpack_post_was_ever_published":false,"_jetpack_newsletter_access":"","_jetpack_dont_email_post_to_subs":false,"_jetpack_newsletter_tier_id":0,"_jetpack_memberships_contains_paywalled_content":false,"_jetpack_memberships_contains_paid_content":false,"footnotes":"","jetpack_publicize_message":"","jetpack_publicize_feature_enabled":true,"jetpack_social_post_already_shared":true,"jetpack_social_options":{"image_generator_settings":{"template":"highway","enabled":false},"version":2}},"categories":[1],"tags":[],"class_list":["post-38539","post","type-post","status-publish","format-standard","hentry","category-notas"],"jetpack_publicize_connections":[],"jetpack_sharing_enabled":true,"jetpack_featured_media_url":"","jetpack_shortlink":"https:\/\/wp.me\/p7wKYW-a1B","jetpack-related-posts":[],"_links":{"self":[{"href":"http:\/\/blogdalucianaoliveira.com.br\/blog\/wp-json\/wp\/v2\/posts\/38539","targetHints":{"allow":["GET"]}}],"collection":[{"href":"http:\/\/blogdalucianaoliveira.com.br\/blog\/wp-json\/wp\/v2\/posts"}],"about":[{"href":"http:\/\/blogdalucianaoliveira.com.br\/blog\/wp-json\/wp\/v2\/types\/post"}],"author":[{"embeddable":true,"href":"http:\/\/blogdalucianaoliveira.com.br\/blog\/wp-json\/wp\/v2\/users\/1"}],"replies":[{"embeddable":true,"href":"http:\/\/blogdalucianaoliveira.com.br\/blog\/wp-json\/wp\/v2\/comments?post=38539"}],"version-history":[{"count":1,"href":"http:\/\/blogdalucianaoliveira.com.br\/blog\/wp-json\/wp\/v2\/posts\/38539\/revisions"}],"predecessor-version":[{"id":38541,"href":"http:\/\/blogdalucianaoliveira.com.br\/blog\/wp-json\/wp\/v2\/posts\/38539\/revisions\/38541"}],"wp:attachment":[{"href":"http:\/\/blogdalucianaoliveira.com.br\/blog\/wp-json\/wp\/v2\/media?parent=38539"}],"wp:term":[{"taxonomy":"category","embeddable":true,"href":"http:\/\/blogdalucianaoliveira.com.br\/blog\/wp-json\/wp\/v2\/categories?post=38539"},{"taxonomy":"post_tag","embeddable":true,"href":"http:\/\/blogdalucianaoliveira.com.br\/blog\/wp-json\/wp\/v2\/tags?post=38539"}],"curies":[{"name":"wp","href":"https:\/\/api.w.org\/{rel}","templated":true}]}}