{"id":38556,"date":"2026-03-25T05:53:06","date_gmt":"2026-03-25T09:53:06","guid":{"rendered":"https:\/\/blogdalucianaoliveira.com.br\/blog\/?p=38556"},"modified":"2026-03-25T05:53:06","modified_gmt":"2026-03-25T09:53:06","slug":"rondonia-o-latifundio-no-banco-dos-reus","status":"publish","type":"post","link":"http:\/\/blogdalucianaoliveira.com.br\/blog\/2026\/03\/25\/rondonia-o-latifundio-no-banco-dos-reus\/","title":{"rendered":"ROND\u00d4NIA: O LATIF\u00daNDIO NO BANCO DOS R\u00c9US"},"content":{"rendered":"<p><img data-recalc-dims=\"1\" loading=\"lazy\" decoding=\"async\" data-attachment-id=\"38558\" data-permalink=\"http:\/\/blogdalucianaoliveira.com.br\/blog\/2026\/03\/25\/rondonia-o-latifundio-no-banco-dos-reus\/img_9935\/\" data-orig-file=\"https:\/\/i0.wp.com\/blogdalucianaoliveira.com.br\/blog\/wp-content\/uploads\/2026\/03\/IMG_9935.webp?fit=640%2C480\" data-orig-size=\"640,480\" data-comments-opened=\"0\" data-image-meta=\"{&quot;aperture&quot;:&quot;0&quot;,&quot;credit&quot;:&quot;&quot;,&quot;camera&quot;:&quot;&quot;,&quot;caption&quot;:&quot;&quot;,&quot;created_timestamp&quot;:&quot;0&quot;,&quot;copyright&quot;:&quot;&quot;,&quot;focal_length&quot;:&quot;0&quot;,&quot;iso&quot;:&quot;0&quot;,&quot;shutter_speed&quot;:&quot;0&quot;,&quot;title&quot;:&quot;&quot;,&quot;orientation&quot;:&quot;0&quot;}\" data-image-title=\"IMG_9935\" data-image-description=\"\" data-image-caption=\"\" data-medium-file=\"https:\/\/i0.wp.com\/blogdalucianaoliveira.com.br\/blog\/wp-content\/uploads\/2026\/03\/IMG_9935.webp?fit=300%2C225\" data-large-file=\"https:\/\/i0.wp.com\/blogdalucianaoliveira.com.br\/blog\/wp-content\/uploads\/2026\/03\/IMG_9935.webp?fit=600%2C450\" class=\"aligncenter size-full wp-image-38558\" src=\"https:\/\/i0.wp.com\/blogdalucianaoliveira.com.br\/blog\/wp-content\/uploads\/2026\/03\/IMG_9935.webp?resize=600%2C450\" alt=\"\" width=\"600\" height=\"450\" srcset=\"https:\/\/i0.wp.com\/blogdalucianaoliveira.com.br\/blog\/wp-content\/uploads\/2026\/03\/IMG_9935.webp?w=640 640w, https:\/\/i0.wp.com\/blogdalucianaoliveira.com.br\/blog\/wp-content\/uploads\/2026\/03\/IMG_9935.webp?resize=300%2C225 300w, https:\/\/i0.wp.com\/blogdalucianaoliveira.com.br\/blog\/wp-content\/uploads\/2026\/03\/IMG_9935.webp?resize=400%2C300 400w\" sizes=\"auto, (max-width: 600px) 100vw, 600px\" \/><\/p>\n<p class=\"yiv4141086536MsoNormal\"><b>TRIBUNAL POPULAR ORGANIZADO POR ENTIDADES IR\u00c1 REALIZAR JULGAMENTO SOBRE CRIMES COMETIDOS EM \u00c1REAS DE CONFLITO AGR\u00c1RIO E CONTRA ADVOGADOS E DEFENSORES DE DIREITOS HUMANOS<\/b><!--more--><\/p>\n<p class=\"yiv4141086536MsoNormal\">Nos pr\u00f3ximos dias 28 e <span dir=\"ltr\">29 de mar\u00e7o de 2026<\/span> ocorrer\u00e1 em Porto Velho, capital do estado de Rond\u00f4nia ser\u00e1 instaurado um <b>TRIBUNAL POPULAR<\/b> que julgar\u00e1 crimes cometidos pelo latif\u00fandio em Rond\u00f4nia ao longo de d\u00e9cadas e, sobretudo, nos \u00faltimos anos onde se observou um crescente processo de assassinatos, despejos ilegais, amea\u00e7as, contra camponeses sem-terra, posseiros, ind\u00edgenas, extrativistas, ribeirinhos e quilombolas. Nos \u00faltimos anos, em Rond\u00f4nia, a escalada de viola\u00e7\u00f5es praticadas por latifundi\u00e1rios e grupos paramilitares contou com a a\u00e7\u00e3o efetiva de for\u00e7as policiais que passaram a atuar de forma a criminalizar milhares de fam\u00edlias e advogados que atuam na \u00e1rea agr\u00e1ria.<\/p>\n<p class=\"yiv4141086536MsoNormal\">O ano de 2024, cujos dados consolidados foram publicados em abril de 2025 pela Comiss\u00e3o Pastoral da Terra (CPT), marcou um per\u00edodo paradoxal na din\u00e2mica agr\u00e1ria brasileira. Embora tenha ocorrido uma redu\u00e7\u00e3o quantitativa no n\u00famero de assassinatos diretos, os indicadores de conflitos por terra atingiram o maior patamar da \u00faltima d\u00e9cada, totalizando aproximadamente 1.768 ocorr\u00eancias. Esse dado sinaliza uma cristaliza\u00e7\u00e3o das tens\u00f5es territoriais, consolidando 2024 como o segundo ano mais violento da s\u00e9rie hist\u00f3rica iniciada em 1985.<\/p>\n<p class=\"yiv4141086536MsoNormal\">O cen\u00e1rio de conflitos agr\u00e1rios no Brasil apresentou um agravamento cr\u00edtico em 2025, caracterizado pelo incremento da letalidade nas disputas territoriais. Dados preliminares da Comiss\u00e3o Pastoral da Terra (CPT) indicam que o n\u00famero de assassinatos no campo duplicou em rela\u00e7\u00e3o ao ano anterior, saltando de 13 \u00f3bitos em 2024 para 26 registros at\u00e9 dezembro de 2025. O estado de Rond\u00f4nia \u00e9 uma das Unidades da Federa\u00e7\u00e3o que lidera esse ranking macabro.<\/p>\n<p class=\"yiv4141086536MsoNormal\">Em virtude da situa\u00e7\u00e3o f\u00e1tica e jur\u00eddica que engloba os in\u00fameros assassinatos e conflitos agr\u00e1rios que marcam a hist\u00f3ria recente de Rond\u00f4nia, a Associa\u00e7\u00e3o Brasileira de Advogados do Povo (ABRAPO), o Centro Brasileiro de Solidariedade aos Povos (CEBRASPO), o Comit\u00ea de Solidariedade \u00e0 Luta pela Terra (COMSOLUTE), a Comiss\u00e3o Pastoral da Terra (CPT), a Organiza\u00e7\u00e3o dos Povos Ind\u00edgenas de Rond\u00f4nia, Noroeste do Mato Grosso e Sul do Amazonas (OPIROMA), Movimento dos Atingidos por Barragens (MAB), Comit\u00ea de Apoio \u00e0 Luta pela Terra \u2013 Rond\u00f4nia, Liga dos Camponeses Pobres de Rond\u00f4nia e Amaz\u00f4nia Ocidental (LCP) e outras organiza\u00e7\u00f5es prop\u00f5em o Tribunal Popular que colocar\u00e1 o latif\u00fandio no banco dos r\u00e9us.<\/p>\n<p class=\"yiv4141086536MsoNormal\">O Tribunal ser\u00e1 presidido pelo Dr. Jorge Moreno (juiz aposentado do TJMA e vice-presidente da ABRAPO) e contar\u00e1 com um corpo de jurados integrado por juristas de Rond\u00f4nia, de outros estados da Amaz\u00f4nia, do Nordeste, do Centro-Oeste, Sul e Sudeste do pa\u00eds; pesquisadores da UNIR, do IFRO e de outras Universidades Federais do Brasil; al\u00e9m de jornalistas, representantes sindicais, associa\u00e7\u00f5es e movimentos sociais que ir\u00e3o compor o J\u00fari Popular.<\/p>\n<p class=\"yiv4141086536MsoNormal\">Entre esses destaca-se a Prof.\u00aa Dr\u00aa Helena Ang\u00e9lica de Mesquita (Professora aposentada da UFG, que pesquisou \u00e0 fundo o Massacre de Corumbiara), o Dr. Siro Darlan (Desembargador aposentado do RJ), representante da Comiss\u00e3o Nacional de Direitos Humanos da OAB, a hist\u00f3rica l\u00edder seringueira Dercy Teles, de Xapuri (AC), primeira mulher a presidir um sindicato na Amaz\u00f4nia Acreana, o Sindicato dos Trabalhadores Rurais &#8211; STR de Xapuri, em 1981. \u00c9 uma das figuras centrais nos empates organizados pelos seringueiros em Xapuri, juntamente com figuras hist\u00f3ricas tais quais Chico Mendes e Wilson de Souza Pinheiro.<\/p>\n<p class=\"yiv4141086536MsoNormal\">O Tribunal Popular tamb\u00e9m ter\u00e1 a cobertura da imprensa popular e democr\u00e1tica, com jornalistas que escrevem para v\u00e1rios ve\u00edculos de comunica\u00e7\u00e3o de todo o Brasil como \u00d3pera Mundi, Intercept Brasil, Rep\u00f3rter Brasil, A Nova Democracia, Rond\u00f4nia Plural, Voz da Terra, e outros. Outras representa\u00e7\u00f5es de entidades e movimentos como a Rede Nacional de Advogados Populares (RENAP), Campanha Nacional Despejo Zero, Movimento Bem Viver e Global Sumud Brasil tamb\u00e9m estar\u00e3o participando. Na condi\u00e7\u00e3o de testemunhas de acusa\u00e7\u00e3o estar\u00e3o presentes lideran\u00e7as ind\u00edgenas, camponesas, ribeirinhas, de associa\u00e7\u00f5es e movimentos de chacareiros, extrativistas e ocupa\u00e7\u00f5es camponesas e urbanas.<\/p>\n<p><img data-recalc-dims=\"1\" loading=\"lazy\" decoding=\"async\" data-attachment-id=\"38559\" data-permalink=\"http:\/\/blogdalucianaoliveira.com.br\/blog\/2026\/03\/25\/rondonia-o-latifundio-no-banco-dos-reus\/img_9934\/\" data-orig-file=\"https:\/\/i0.wp.com\/blogdalucianaoliveira.com.br\/blog\/wp-content\/uploads\/2026\/03\/IMG_9934.jpeg?fit=1080%2C1350\" data-orig-size=\"1080,1350\" data-comments-opened=\"0\" data-image-meta=\"{&quot;aperture&quot;:&quot;0&quot;,&quot;credit&quot;:&quot;&quot;,&quot;camera&quot;:&quot;&quot;,&quot;caption&quot;:&quot;&quot;,&quot;created_timestamp&quot;:&quot;0&quot;,&quot;copyright&quot;:&quot;&quot;,&quot;focal_length&quot;:&quot;0&quot;,&quot;iso&quot;:&quot;0&quot;,&quot;shutter_speed&quot;:&quot;0&quot;,&quot;title&quot;:&quot;&quot;,&quot;orientation&quot;:&quot;0&quot;}\" data-image-title=\"IMG_9934\" data-image-description=\"\" data-image-caption=\"\" data-medium-file=\"https:\/\/i0.wp.com\/blogdalucianaoliveira.com.br\/blog\/wp-content\/uploads\/2026\/03\/IMG_9934.jpeg?fit=240%2C300\" data-large-file=\"https:\/\/i0.wp.com\/blogdalucianaoliveira.com.br\/blog\/wp-content\/uploads\/2026\/03\/IMG_9934.jpeg?fit=600%2C750\" class=\"aligncenter size-full wp-image-38559\" src=\"https:\/\/i0.wp.com\/blogdalucianaoliveira.com.br\/blog\/wp-content\/uploads\/2026\/03\/IMG_9934.jpeg?resize=600%2C750\" alt=\"\" width=\"600\" height=\"750\" srcset=\"https:\/\/i0.wp.com\/blogdalucianaoliveira.com.br\/blog\/wp-content\/uploads\/2026\/03\/IMG_9934.jpeg?w=1080 1080w, https:\/\/i0.wp.com\/blogdalucianaoliveira.com.br\/blog\/wp-content\/uploads\/2026\/03\/IMG_9934.jpeg?resize=240%2C300 240w, https:\/\/i0.wp.com\/blogdalucianaoliveira.com.br\/blog\/wp-content\/uploads\/2026\/03\/IMG_9934.jpeg?resize=819%2C1024 819w, https:\/\/i0.wp.com\/blogdalucianaoliveira.com.br\/blog\/wp-content\/uploads\/2026\/03\/IMG_9934.jpeg?resize=768%2C960 768w\" sizes=\"auto, (max-width: 600px) 100vw, 600px\" \/><\/p>\n<p class=\"yiv4141086536MsoNormal\"><b><br \/>\nO \u201cTRIBUNAL POPULAR CONTRA CRIMES DO LATIF\u00daNDIO\u201d ser\u00e1 realizado no AUDIT\u00d3RIO DO SINTERO (<span dir=\"ltr\">rua Rui Barbosa, n\u00ba 713, Bairro Arigol\u00e2ndia<\/span>) com in\u00edcio <span dir=\"ltr\">no s\u00e1bado, 28\/03, \u00e0s 08h<\/span> e se estender\u00e1 at\u00e9 o <span dir=\"ltr\">domingo, 29\/03<\/span>,<\/b> onde na \u00faltima sess\u00e3o, ser\u00e3o apresentadas as alega\u00e7\u00f5es finais da acusa\u00e7\u00e3o e defesa, a reuni\u00e3o de corpo de jurados e leitura da senten\u00e7a dos acusados. As inscri\u00e7\u00f5es ser\u00e3o realizadas no local.<\/p>\n","protected":false},"excerpt":{"rendered":"<p>TRIBUNAL POPULAR ORGANIZADO POR ENTIDADES IR\u00c1 REALIZAR JULGAMENTO SOBRE CRIMES COMETIDOS EM \u00c1REAS DE CONFLITO AGR\u00c1RIO E CONTRA ADVOGADOS E DEFENSORES DE DIREITOS HUMANOS<\/p>\n","protected":false},"author":1,"featured_media":0,"comment_status":"closed","ping_status":"open","sticky":false,"template":"","format":"standard","meta":{"_exactmetrics_skip_tracking":false,"_exactmetrics_sitenote_active":false,"_exactmetrics_sitenote_note":"","_exactmetrics_sitenote_category":0,"jetpack_post_was_ever_published":false,"_jetpack_newsletter_access":"","_jetpack_dont_email_post_to_subs":false,"_jetpack_newsletter_tier_id":0,"_jetpack_memberships_contains_paywalled_content":false,"_jetpack_memberships_contains_paid_content":false,"footnotes":"","jetpack_publicize_message":"","jetpack_publicize_feature_enabled":true,"jetpack_social_post_already_shared":true,"jetpack_social_options":{"image_generator_settings":{"template":"highway","enabled":false},"version":2}},"categories":[1],"tags":[1640,1639,7,1638],"class_list":["post-38556","post","type-post","status-publish","format-standard","hentry","category-notas","tag-latifundio","tag-popular","tag-rondonia","tag-tribunal"],"jetpack_publicize_connections":[],"jetpack_sharing_enabled":true,"jetpack_featured_media_url":"","jetpack_shortlink":"https:\/\/wp.me\/p7wKYW-a1S","jetpack-related-posts":[],"_links":{"self":[{"href":"http:\/\/blogdalucianaoliveira.com.br\/blog\/wp-json\/wp\/v2\/posts\/38556","targetHints":{"allow":["GET"]}}],"collection":[{"href":"http:\/\/blogdalucianaoliveira.com.br\/blog\/wp-json\/wp\/v2\/posts"}],"about":[{"href":"http:\/\/blogdalucianaoliveira.com.br\/blog\/wp-json\/wp\/v2\/types\/post"}],"author":[{"embeddable":true,"href":"http:\/\/blogdalucianaoliveira.com.br\/blog\/wp-json\/wp\/v2\/users\/1"}],"replies":[{"embeddable":true,"href":"http:\/\/blogdalucianaoliveira.com.br\/blog\/wp-json\/wp\/v2\/comments?post=38556"}],"version-history":[{"count":1,"href":"http:\/\/blogdalucianaoliveira.com.br\/blog\/wp-json\/wp\/v2\/posts\/38556\/revisions"}],"predecessor-version":[{"id":38560,"href":"http:\/\/blogdalucianaoliveira.com.br\/blog\/wp-json\/wp\/v2\/posts\/38556\/revisions\/38560"}],"wp:attachment":[{"href":"http:\/\/blogdalucianaoliveira.com.br\/blog\/wp-json\/wp\/v2\/media?parent=38556"}],"wp:term":[{"taxonomy":"category","embeddable":true,"href":"http:\/\/blogdalucianaoliveira.com.br\/blog\/wp-json\/wp\/v2\/categories?post=38556"},{"taxonomy":"post_tag","embeddable":true,"href":"http:\/\/blogdalucianaoliveira.com.br\/blog\/wp-json\/wp\/v2\/tags?post=38556"}],"curies":[{"name":"wp","href":"https:\/\/api.w.org\/{rel}","templated":true}]}}