{"id":38561,"date":"2026-03-25T10:33:35","date_gmt":"2026-03-25T14:33:35","guid":{"rendered":"https:\/\/blogdalucianaoliveira.com.br\/blog\/?p=38561"},"modified":"2026-03-25T10:33:35","modified_gmt":"2026-03-25T14:33:35","slug":"brasil-247-conquista-tricampeonato-no-ibest-como-melhor-canal-de-politica-do-brasil","status":"publish","type":"post","link":"http:\/\/blogdalucianaoliveira.com.br\/blog\/2026\/03\/25\/brasil-247-conquista-tricampeonato-no-ibest-como-melhor-canal-de-politica-do-brasil\/","title":{"rendered":"Brasil 247 conquista tricampeonato no iBest como melhor canal de pol\u00edtica do Brasil"},"content":{"rendered":"<p><img data-recalc-dims=\"1\" loading=\"lazy\" decoding=\"async\" data-attachment-id=\"38562\" data-permalink=\"http:\/\/blogdalucianaoliveira.com.br\/blog\/2026\/03\/25\/brasil-247-conquista-tricampeonato-no-ibest-como-melhor-canal-de-politica-do-brasil\/img_9937\/\" data-orig-file=\"https:\/\/i0.wp.com\/blogdalucianaoliveira.com.br\/blog\/wp-content\/uploads\/2026\/03\/IMG_9937.webp?fit=500%2C240\" data-orig-size=\"500,240\" data-comments-opened=\"0\" data-image-meta=\"{&quot;aperture&quot;:&quot;0&quot;,&quot;credit&quot;:&quot;&quot;,&quot;camera&quot;:&quot;&quot;,&quot;caption&quot;:&quot;&quot;,&quot;created_timestamp&quot;:&quot;0&quot;,&quot;copyright&quot;:&quot;&quot;,&quot;focal_length&quot;:&quot;0&quot;,&quot;iso&quot;:&quot;0&quot;,&quot;shutter_speed&quot;:&quot;0&quot;,&quot;title&quot;:&quot;&quot;,&quot;orientation&quot;:&quot;0&quot;}\" data-image-title=\"IMG_9937\" data-image-description=\"\" data-image-caption=\"\" data-medium-file=\"https:\/\/i0.wp.com\/blogdalucianaoliveira.com.br\/blog\/wp-content\/uploads\/2026\/03\/IMG_9937.webp?fit=300%2C144\" data-large-file=\"https:\/\/i0.wp.com\/blogdalucianaoliveira.com.br\/blog\/wp-content\/uploads\/2026\/03\/IMG_9937.webp?fit=500%2C240\" class=\"aligncenter size-full wp-image-38562\" src=\"https:\/\/i0.wp.com\/blogdalucianaoliveira.com.br\/blog\/wp-content\/uploads\/2026\/03\/IMG_9937.webp?resize=500%2C240\" alt=\"\" width=\"500\" height=\"240\" srcset=\"https:\/\/i0.wp.com\/blogdalucianaoliveira.com.br\/blog\/wp-content\/uploads\/2026\/03\/IMG_9937.webp?w=500 500w, https:\/\/i0.wp.com\/blogdalucianaoliveira.com.br\/blog\/wp-content\/uploads\/2026\/03\/IMG_9937.webp?resize=300%2C144 300w\" sizes=\"auto, (max-width: 500px) 100vw, 500px\" \/><\/p>\n<h2 class=\"article__lead\">Premia\u00e7\u00e3o pelo voto popular refor\u00e7a lideran\u00e7a digital e compromisso com a democracia e o jornalismo de qualidade<\/h2>\n<p><!--more--><b>247 \u2013 <\/b>O Brasil 247 conquistou, na noite de ontem, o tricampeonato como melhor canal de pol\u00edtica do Brasil no Pr\u00eamio iBest, ao vencer novamente pelo voto popular e consolidar sua posi\u00e7\u00e3o como uma das maiores, mais respeitadas e mais queridas plataformas de jornalismo pol\u00edtico do pa\u00eds.<\/p>\n<p>A premia\u00e7\u00e3o foi recebida pela jornalista Dhayane Santos, diretora da TV 247, que subiu ao palco para representar o ve\u00edculo e destacou, em discurso, os valores que orientam o projeto editorial. \u201cEste pr\u00eamio \u00e9 da nossa comunidade. O jornalismo se faz com democracia, pluralidade e respeito ao p\u00fablico\u201d, afirmou. Em seguida, ela tamb\u00e9m celebrou a trajet\u00f3ria do portal: \u201cO Brasil 247 acaba completar 15 anos de vida e de trabalho, levando informa\u00e7\u00e3o de qualidade \u00e0 sociedade brasileira, 24 horas por dia, sete dias por semana\u201d.<br \/>\nO trof\u00e9u foi entregue por Marcos Wettreich, fundador do iBest, em uma cerim\u00f4nia que reuniu representantes de diversos segmentos da internet brasileira.<\/p>\n<p>Al\u00e9m de Dhayane, estiveram presentes na premia\u00e7\u00e3o importantes nomes da equipe do Brasil 247, como Florestan Fernandes J\u00fanior, diretor de Reda\u00e7\u00e3o; Leonardo Attuch, fundador e editor-respons\u00e1vel pelo site; Nicolas Iwashita, diretor de Tecnologia; e Edgar dos Santos Oliveira, da equipe administrativa.<\/p>\n<p>Durante o evento, Florestan destacou o papel hist\u00f3rico do ve\u00edculo no cen\u00e1rio pol\u00edtico e midi\u00e1tico nacional. \u201cO Brasil 247 exerce um papel permanente na defesa da democracia e no fortalecimento de uma informa\u00e7\u00e3o cr\u00edtica e independente no pa\u00eds\u201d, afirmou.<\/p>\n<p>J\u00e1 Leonardo Attuch ressaltou a import\u00e2ncia do apoio do p\u00fablico para o crescimento do projeto. \u201cEste reconhecimento \u00e9 fruto do engajamento extraordin\u00e1rio do nosso p\u00fablico, que construiu conosco uma rela\u00e7\u00e3o de amor e das maiores comunidades pol\u00edticas da internet brasileira\u201d, declarou, agradecendo pela confian\u00e7a e participa\u00e7\u00e3o ativa dos leitores e espectadores.<\/p>\n<p><a href=\"https:\/\/x.com\/attuchleonardo\/status\/2036622550038437922?s=46&amp;t=K5mWlH1RvMG3AA3jx9vYtQ\">https:\/\/x.com\/attuchleonardo\/status\/2036622550038437922?s=46&amp;t=K5mWlH1RvMG3AA3jx9vYtQ<\/a><\/p>\n<p>A conquista do tricampeonato no iBest reafirma o protagonismo do Brasil 247 no ambiente digital e seu compromisso com um jornalismo alinhado \u00e0 democracia, \u00e0 pluralidade de ideias e ao fortalecimento da consci\u00eancia cr\u00edtica da sociedade brasileira.<\/p>\n","protected":false},"excerpt":{"rendered":"<p>Premia\u00e7\u00e3o pelo voto popular refor\u00e7a lideran\u00e7a digital e compromisso com a democracia e o jornalismo de qualidade<\/p>\n","protected":false},"author":1,"featured_media":0,"comment_status":"closed","ping_status":"open","sticky":false,"template":"","format":"standard","meta":{"_exactmetrics_skip_tracking":false,"_exactmetrics_sitenote_active":false,"_exactmetrics_sitenote_note":"","_exactmetrics_sitenote_category":0,"jetpack_post_was_ever_published":false,"_jetpack_newsletter_access":"","_jetpack_dont_email_post_to_subs":false,"_jetpack_newsletter_tier_id":0,"_jetpack_memberships_contains_paywalled_content":false,"_jetpack_memberships_contains_paid_content":false,"footnotes":"","jetpack_publicize_message":"","jetpack_publicize_feature_enabled":true,"jetpack_social_post_already_shared":true,"jetpack_social_options":{"image_generator_settings":{"template":"highway","enabled":false},"version":2}},"categories":[1],"tags":[],"class_list":["post-38561","post","type-post","status-publish","format-standard","hentry","category-notas"],"jetpack_publicize_connections":[],"jetpack_sharing_enabled":true,"jetpack_featured_media_url":"","jetpack_shortlink":"https:\/\/wp.me\/p7wKYW-a1X","jetpack-related-posts":[],"_links":{"self":[{"href":"http:\/\/blogdalucianaoliveira.com.br\/blog\/wp-json\/wp\/v2\/posts\/38561","targetHints":{"allow":["GET"]}}],"collection":[{"href":"http:\/\/blogdalucianaoliveira.com.br\/blog\/wp-json\/wp\/v2\/posts"}],"about":[{"href":"http:\/\/blogdalucianaoliveira.com.br\/blog\/wp-json\/wp\/v2\/types\/post"}],"author":[{"embeddable":true,"href":"http:\/\/blogdalucianaoliveira.com.br\/blog\/wp-json\/wp\/v2\/users\/1"}],"replies":[{"embeddable":true,"href":"http:\/\/blogdalucianaoliveira.com.br\/blog\/wp-json\/wp\/v2\/comments?post=38561"}],"version-history":[{"count":2,"href":"http:\/\/blogdalucianaoliveira.com.br\/blog\/wp-json\/wp\/v2\/posts\/38561\/revisions"}],"predecessor-version":[{"id":38564,"href":"http:\/\/blogdalucianaoliveira.com.br\/blog\/wp-json\/wp\/v2\/posts\/38561\/revisions\/38564"}],"wp:attachment":[{"href":"http:\/\/blogdalucianaoliveira.com.br\/blog\/wp-json\/wp\/v2\/media?parent=38561"}],"wp:term":[{"taxonomy":"category","embeddable":true,"href":"http:\/\/blogdalucianaoliveira.com.br\/blog\/wp-json\/wp\/v2\/categories?post=38561"},{"taxonomy":"post_tag","embeddable":true,"href":"http:\/\/blogdalucianaoliveira.com.br\/blog\/wp-json\/wp\/v2\/tags?post=38561"}],"curies":[{"name":"wp","href":"https:\/\/api.w.org\/{rel}","templated":true}]}}