{"id":38565,"date":"2026-03-25T14:33:52","date_gmt":"2026-03-25T18:33:52","guid":{"rendered":"https:\/\/blogdalucianaoliveira.com.br\/blog\/?p=38565"},"modified":"2026-03-25T14:33:52","modified_gmt":"2026-03-25T18:33:52","slug":"dia-estadual-pelo-fim-do-feminicidio-em-rondonia-e-lembrado-nesta-quarta-feira-por-iniciativa-de-claudia-de-jesus","status":"publish","type":"post","link":"http:\/\/blogdalucianaoliveira.com.br\/blog\/2026\/03\/25\/dia-estadual-pelo-fim-do-feminicidio-em-rondonia-e-lembrado-nesta-quarta-feira-por-iniciativa-de-claudia-de-jesus\/","title":{"rendered":"Dia Estadual pelo Fim do Feminic\u00eddio em Rond\u00f4nia \u00e9 lembrado nesta quarta-feira por iniciativa de Cl\u00e1udia de Jesus"},"content":{"rendered":"<p><img data-recalc-dims=\"1\" loading=\"lazy\" decoding=\"async\" data-attachment-id=\"38568\" data-permalink=\"http:\/\/blogdalucianaoliveira.com.br\/blog\/2026\/03\/25\/dia-estadual-pelo-fim-do-feminicidio-em-rondonia-e-lembrado-nesta-quarta-feira-por-iniciativa-de-claudia-de-jesus\/img_9945\/\" data-orig-file=\"https:\/\/i0.wp.com\/blogdalucianaoliveira.com.br\/blog\/wp-content\/uploads\/2026\/03\/IMG_9945.jpeg?fit=1350%2C900\" data-orig-size=\"1350,900\" data-comments-opened=\"0\" data-image-meta=\"{&quot;aperture&quot;:&quot;3.5&quot;,&quot;credit&quot;:&quot;THYLOR&quot;,&quot;camera&quot;:&quot;Canon EOS 5D Mark III&quot;,&quot;caption&quot;:&quot;&quot;,&quot;created_timestamp&quot;:&quot;0&quot;,&quot;copyright&quot;:&quot;&quot;,&quot;focal_length&quot;:&quot;200&quot;,&quot;iso&quot;:&quot;2000&quot;,&quot;shutter_speed&quot;:&quot;0.008&quot;,&quot;title&quot;:&quot;&quot;,&quot;orientation&quot;:&quot;1&quot;}\" data-image-title=\"IMG_9945\" data-image-description=\"\" data-image-caption=\"\" data-medium-file=\"https:\/\/i0.wp.com\/blogdalucianaoliveira.com.br\/blog\/wp-content\/uploads\/2026\/03\/IMG_9945.jpeg?fit=300%2C200\" data-large-file=\"https:\/\/i0.wp.com\/blogdalucianaoliveira.com.br\/blog\/wp-content\/uploads\/2026\/03\/IMG_9945.jpeg?fit=600%2C400\" class=\"aligncenter size-full wp-image-38568\" src=\"https:\/\/i0.wp.com\/blogdalucianaoliveira.com.br\/blog\/wp-content\/uploads\/2026\/03\/IMG_9945.jpeg?resize=600%2C400\" alt=\"\" width=\"600\" height=\"400\" srcset=\"https:\/\/i0.wp.com\/blogdalucianaoliveira.com.br\/blog\/wp-content\/uploads\/2026\/03\/IMG_9945.jpeg?w=1350 1350w, https:\/\/i0.wp.com\/blogdalucianaoliveira.com.br\/blog\/wp-content\/uploads\/2026\/03\/IMG_9945.jpeg?resize=300%2C200 300w, https:\/\/i0.wp.com\/blogdalucianaoliveira.com.br\/blog\/wp-content\/uploads\/2026\/03\/IMG_9945.jpeg?resize=1024%2C683 1024w, https:\/\/i0.wp.com\/blogdalucianaoliveira.com.br\/blog\/wp-content\/uploads\/2026\/03\/IMG_9945.jpeg?resize=768%2C512 768w, https:\/\/i0.wp.com\/blogdalucianaoliveira.com.br\/blog\/wp-content\/uploads\/2026\/03\/IMG_9945.jpeg?resize=450%2C300 450w, https:\/\/i0.wp.com\/blogdalucianaoliveira.com.br\/blog\/wp-content\/uploads\/2026\/03\/IMG_9945.jpeg?w=1200 1200w\" sizes=\"auto, (max-width: 600px) 100vw, 600px\" \/><\/p>\n<p><strong><i><br \/>\nA\u00e7\u00f5es de orienta\u00e7\u00e3o e mobiliza\u00e7\u00e3o marcam a import\u00e2ncia do 25 de mar\u00e7o.<\/i><\/strong><!--more--><\/p>\n<p>Neste 25 de mar\u00e7o, Rond\u00f4nia lembra o Dia Estadual pelo Fim do Feminic\u00eddio, institu\u00eddo por lei de autoria da deputada estadual Cl\u00e1udia de Jesus (PT). A data foi criada para fortalecer a conscientiza\u00e7\u00e3o da sociedade, ampliar o debate sobre a viol\u00eancia contra as mulheres e incentivar a\u00e7\u00f5es de preven\u00e7\u00e3o e prote\u00e7\u00e3o em todo o estado.<\/p>\n<p>A legisla\u00e7\u00e3o tamb\u00e9m estabelece o girassol como s\u00edmbolo do enfrentamento \u00e0 viol\u00eancia contra as mulheres e ao feminic\u00eddio. Al\u00e9m disso, prev\u00ea que, durante o m\u00eas de mar\u00e7o, especialmente na semana que inclui o dia 25, sejam realizadas campanhas de conscientiza\u00e7\u00e3o, divulga\u00e7\u00e3o de boas pr\u00e1ticas, orienta\u00e7\u00e3o \u00e0s mulheres em situa\u00e7\u00e3o de viol\u00eancia e incentivo \u00e0 formula\u00e7\u00e3o de pol\u00edticas p\u00fablicas.<\/p>\n<p>Autora da proposta, a deputada Cl\u00e1udia de Jesus destacou a import\u00e2ncia de manter o tema em evid\u00eancia. \u201cO 25 de mar\u00e7o \u00e9 uma data de reflex\u00e3o, mobiliza\u00e7\u00e3o e compromisso com a vida das mulheres. Nosso objetivo \u00e9 fortalecer a conscientiza\u00e7\u00e3o, cobrar pol\u00edticas p\u00fablicas e reafirmar que o enfrentamento ao feminic\u00eddio precisa ser permanente em Rond\u00f4nia\u201d, afirmou a parlamentar.<\/p>\n<p>Saiba mais no link abaixo:<\/p>\n<p><a href=\"https:\/\/www.blogger.com\/blog\/post\/edit\/1882552927483874050\/7426197603821137723#\">https:\/\/www.blogger.com\/blog\/post\/edit\/1882552927483874050\/7426197603821137723#<\/a><\/p>\n","protected":false},"excerpt":{"rendered":"<p>A\u00e7\u00f5es de orienta\u00e7\u00e3o e mobiliza\u00e7\u00e3o marcam a import\u00e2ncia do 25 de mar\u00e7o.<\/p>\n","protected":false},"author":1,"featured_media":0,"comment_status":"closed","ping_status":"open","sticky":false,"template":"","format":"standard","meta":{"_exactmetrics_skip_tracking":false,"_exactmetrics_sitenote_active":false,"_exactmetrics_sitenote_note":"","_exactmetrics_sitenote_category":0,"jetpack_post_was_ever_published":false,"_jetpack_newsletter_access":"","_jetpack_dont_email_post_to_subs":false,"_jetpack_newsletter_tier_id":0,"_jetpack_memberships_contains_paywalled_content":false,"_jetpack_memberships_contains_paid_content":false,"footnotes":"","jetpack_publicize_message":"","jetpack_publicize_feature_enabled":true,"jetpack_social_post_already_shared":true,"jetpack_social_options":{"image_generator_settings":{"template":"highway","enabled":false},"version":2}},"categories":[1],"tags":[1429,46],"class_list":["post-38565","post","type-post","status-publish","format-standard","hentry","category-notas","tag-deputada-claudia-de-jesus","tag-mulheres"],"jetpack_publicize_connections":[],"jetpack_sharing_enabled":true,"jetpack_featured_media_url":"","jetpack_shortlink":"https:\/\/wp.me\/p7wKYW-a21","jetpack-related-posts":[],"_links":{"self":[{"href":"http:\/\/blogdalucianaoliveira.com.br\/blog\/wp-json\/wp\/v2\/posts\/38565","targetHints":{"allow":["GET"]}}],"collection":[{"href":"http:\/\/blogdalucianaoliveira.com.br\/blog\/wp-json\/wp\/v2\/posts"}],"about":[{"href":"http:\/\/blogdalucianaoliveira.com.br\/blog\/wp-json\/wp\/v2\/types\/post"}],"author":[{"embeddable":true,"href":"http:\/\/blogdalucianaoliveira.com.br\/blog\/wp-json\/wp\/v2\/users\/1"}],"replies":[{"embeddable":true,"href":"http:\/\/blogdalucianaoliveira.com.br\/blog\/wp-json\/wp\/v2\/comments?post=38565"}],"version-history":[{"count":2,"href":"http:\/\/blogdalucianaoliveira.com.br\/blog\/wp-json\/wp\/v2\/posts\/38565\/revisions"}],"predecessor-version":[{"id":38570,"href":"http:\/\/blogdalucianaoliveira.com.br\/blog\/wp-json\/wp\/v2\/posts\/38565\/revisions\/38570"}],"wp:attachment":[{"href":"http:\/\/blogdalucianaoliveira.com.br\/blog\/wp-json\/wp\/v2\/media?parent=38565"}],"wp:term":[{"taxonomy":"category","embeddable":true,"href":"http:\/\/blogdalucianaoliveira.com.br\/blog\/wp-json\/wp\/v2\/categories?post=38565"},{"taxonomy":"post_tag","embeddable":true,"href":"http:\/\/blogdalucianaoliveira.com.br\/blog\/wp-json\/wp\/v2\/tags?post=38565"}],"curies":[{"name":"wp","href":"https:\/\/api.w.org\/{rel}","templated":true}]}}