{"id":38571,"date":"2026-03-25T15:34:26","date_gmt":"2026-03-25T19:34:26","guid":{"rendered":"https:\/\/blogdalucianaoliveira.com.br\/blog\/?p=38571"},"modified":"2026-03-25T15:34:26","modified_gmt":"2026-03-25T19:34:26","slug":"mpf-obtem-extincao-de-mandado-de-seguranca-que-tentou-blindar-uma-draga-contra-fiscalizacao-no-rio-madeira-ro","status":"publish","type":"post","link":"http:\/\/blogdalucianaoliveira.com.br\/blog\/2026\/03\/25\/mpf-obtem-extincao-de-mandado-de-seguranca-que-tentou-blindar-uma-draga-contra-fiscalizacao-no-rio-madeira-ro\/","title":{"rendered":"MPF obt\u00e9m extin\u00e7\u00e3o de mandado de seguran\u00e7a que tentou blindar uma draga contra fiscaliza\u00e7\u00e3o no Rio Madeira (RO)"},"content":{"rendered":"<p><img data-recalc-dims=\"1\" loading=\"lazy\" decoding=\"async\" data-attachment-id=\"38572\" data-permalink=\"http:\/\/blogdalucianaoliveira.com.br\/blog\/2026\/03\/25\/mpf-obtem-extincao-de-mandado-de-seguranca-que-tentou-blindar-uma-draga-contra-fiscalizacao-no-rio-madeira-ro\/img_9948\/\" data-orig-file=\"https:\/\/i0.wp.com\/blogdalucianaoliveira.com.br\/blog\/wp-content\/uploads\/2026\/03\/IMG_9948.jpeg?fit=783%2C391\" data-orig-size=\"783,391\" data-comments-opened=\"0\" data-image-meta=\"{&quot;aperture&quot;:&quot;0&quot;,&quot;credit&quot;:&quot;&quot;,&quot;camera&quot;:&quot;&quot;,&quot;caption&quot;:&quot;&quot;,&quot;created_timestamp&quot;:&quot;0&quot;,&quot;copyright&quot;:&quot;&quot;,&quot;focal_length&quot;:&quot;0&quot;,&quot;iso&quot;:&quot;0&quot;,&quot;shutter_speed&quot;:&quot;0&quot;,&quot;title&quot;:&quot;&quot;,&quot;orientation&quot;:&quot;0&quot;}\" data-image-title=\"IMG_9948\" data-image-description=\"\" data-image-caption=\"\" data-medium-file=\"https:\/\/i0.wp.com\/blogdalucianaoliveira.com.br\/blog\/wp-content\/uploads\/2026\/03\/IMG_9948.jpeg?fit=300%2C150\" data-large-file=\"https:\/\/i0.wp.com\/blogdalucianaoliveira.com.br\/blog\/wp-content\/uploads\/2026\/03\/IMG_9948.jpeg?fit=600%2C300\" class=\"aligncenter size-full wp-image-38572\" src=\"https:\/\/i0.wp.com\/blogdalucianaoliveira.com.br\/blog\/wp-content\/uploads\/2026\/03\/IMG_9948.jpeg?resize=600%2C300\" alt=\"\" width=\"600\" height=\"300\" srcset=\"https:\/\/i0.wp.com\/blogdalucianaoliveira.com.br\/blog\/wp-content\/uploads\/2026\/03\/IMG_9948.jpeg?w=783 783w, https:\/\/i0.wp.com\/blogdalucianaoliveira.com.br\/blog\/wp-content\/uploads\/2026\/03\/IMG_9948.jpeg?resize=300%2C150 300w, https:\/\/i0.wp.com\/blogdalucianaoliveira.com.br\/blog\/wp-content\/uploads\/2026\/03\/IMG_9948.jpeg?resize=768%2C384 768w, https:\/\/i0.wp.com\/blogdalucianaoliveira.com.br\/blog\/wp-content\/uploads\/2026\/03\/IMG_9948.jpeg?resize=601%2C300 601w\" sizes=\"auto, (max-width: 600px) 100vw, 600px\" \/><\/p>\n<p>Propriet\u00e1ria pedia prote\u00e7\u00e3o judicial para evitar destrui\u00e7\u00e3o do bem durante opera\u00e7\u00f5es de combate ao garimpo ilegal<!--more--><\/p>\n<p>Assessoria MPF &#8211; A Justi\u00e7a Federal acolheu integralmente o parecer do Minist\u00e9rio P\u00fablico Federal (MPF) e extinguiu um mandado de seguran\u00e7a que pretendia obter prote\u00e7\u00e3o pr\u00e9via contra opera\u00e7\u00f5es de fiscaliza\u00e7\u00e3o ambiental no Rio Madeira, em Rond\u00f4nia. A decis\u00e3o afastou a tentativa de impedir, de forma preventiva, a atua\u00e7\u00e3o de \u00f3rg\u00e3os ambientais e de seguran\u00e7a p\u00fablica. O MPF sustentou que n\u00e3o se pode conceder salvo-conduto preventivo contra o exerc\u00edcio leg\u00edtimo do poder de pol\u00edcia.<\/p>\n<p>A propriet\u00e1ria da draga \u2018Dominante\u2019 alegava que o bem estava atracado e inoperante em um porto legalizado de Porto Velho (RO). Ela buscava uma ordem judicial para impedir que a embarca\u00e7\u00e3o fosse destru\u00edda durante a\u00e7\u00f5es do Instituto Brasileiro do Meio Ambiente e dos Recursos Naturais Renov\u00e1veis (Ibama) e da Pol\u00edcia Federal. Segundo a autora, as opera\u00e7\u00f5es contra o garimpo ilegal poderiam atingir seu patrim\u00f4nio de forma iminente e sem flagrante de irregularidade.<\/p>\n<p>Em sua manifesta\u00e7\u00e3o, o procurador da Rep\u00fablica Andr\u00e9 Luiz Porreca Ferreira Cunha defendeu o descabimento da a\u00e7\u00e3o por falta de amea\u00e7a concreta. O parecer destacou que a recomenda\u00e7\u00e3o institucional para repress\u00e3o a crimes ambientais \u00e9 um instrumento de orienta\u00e7\u00e3o e n\u00e3o ato coator. O MPF registrou que tanto o Ibama quanto a Pol\u00edcia Federal confirmaram que n\u00e3o existia medida espec\u00edfica contra aquela draga. Para o procurador, o temor da propriet\u00e1ria era apenas subjetivo e hipot\u00e9tico, baseado em not\u00edcias de fiscaliza\u00e7\u00f5es gerais.<\/p>\n<p><strong>Medida legal<\/strong> \u2013 O Minist\u00e9rio P\u00fablico refor\u00e7ou que a destrui\u00e7\u00e3o de equipamentos \u00e9 uma medida prevista no Decreto n\u00ba 6.514\/2008 para casos excepcionais de minera\u00e7\u00e3o ilegal. Impedir preventivamente tais atos comprometeria a efic\u00e1cia das pol\u00edticas de prote\u00e7\u00e3o da Amaz\u00f4nia e do meio ambiente. A Justi\u00e7a concordou que o mandado de seguran\u00e7a n\u00e3o serve para criar uma \u2018blindagem\u2019 gen\u00e9rica contra a lei.<\/p>\n<p>A senten\u00e7a ressaltou que a atua\u00e7\u00e3o administrativa possui presun\u00e7\u00e3o de legitimidade e s\u00f3 deve ser afastada diante de ilegalidade comprovada. No caso, n\u00e3o houve registro de autua\u00e7\u00e3o ou medida espec\u00edfica direcionada \u00e0 embarca\u00e7\u00e3o at\u00e9 o momento do julgamento. A Justi\u00e7a concluiu que acolher o pedido geraria tratamento desigual em rela\u00e7\u00e3o a outros fiscalizados. Tamb\u00e9m destacou que o Judici\u00e1rio n\u00e3o pode ser utilizado para barrar fiscaliza\u00e7\u00f5es sem a exist\u00eancia de ato concreto.<\/p>\n<p>O processo foi extinto sem resolu\u00e7\u00e3o do m\u00e9rito, conforme previs\u00e3o do C\u00f3digo de Processo Civil.<\/p>\n<p><strong>Mandado de seguran\u00e7a n\u00ba 1003742-24.2018.4.01.3200<\/strong><\/p>\n<p><strong><a href=\"https:\/\/pje1g.trf1.jus.br\/consultapublica\/ConsultaPublica\/listView.seam\">Consulta processual<\/a><\/strong><\/p>\n<p>Assessoria de Comunica\u00e7\u00e3o<br \/>\nMinist\u00e9rio P\u00fablico Federal em Rond\u00f4nia<br \/>\n<a href=\"tel:(69) 98431-9761\">(69) 98431-9761<\/a> \/ <a href=\"tel:3216-0586 \/ 3216-0511\">3216-0586 \/ 3216-0511<\/a><br \/>\nprro-ascom@mpf.mp.br<br \/>\n<a href=\"https:\/\/www.instagram.com\/mpf_ro\/\">@mpf_ro<\/a><\/p>\n","protected":false},"excerpt":{"rendered":"<p>Propriet\u00e1ria pedia prote\u00e7\u00e3o judicial para evitar destrui\u00e7\u00e3o do bem durante opera\u00e7\u00f5es de combate ao garimpo ilegal<\/p>\n","protected":false},"author":1,"featured_media":0,"comment_status":"closed","ping_status":"open","sticky":false,"template":"","format":"standard","meta":{"_exactmetrics_skip_tracking":false,"_exactmetrics_sitenote_active":false,"_exactmetrics_sitenote_note":"","_exactmetrics_sitenote_category":0,"jetpack_post_was_ever_published":false,"_jetpack_newsletter_access":"","_jetpack_dont_email_post_to_subs":false,"_jetpack_newsletter_tier_id":0,"_jetpack_memberships_contains_paywalled_content":false,"_jetpack_memberships_contains_paid_content":false,"footnotes":"","jetpack_publicize_message":"","jetpack_publicize_feature_enabled":true,"jetpack_social_post_already_shared":true,"jetpack_social_options":{"image_generator_settings":{"template":"highway","enabled":false},"version":2}},"categories":[1],"tags":[],"class_list":["post-38571","post","type-post","status-publish","format-standard","hentry","category-notas"],"jetpack_publicize_connections":[],"jetpack_sharing_enabled":true,"jetpack_featured_media_url":"","jetpack_shortlink":"https:\/\/wp.me\/p7wKYW-a27","jetpack-related-posts":[],"_links":{"self":[{"href":"http:\/\/blogdalucianaoliveira.com.br\/blog\/wp-json\/wp\/v2\/posts\/38571","targetHints":{"allow":["GET"]}}],"collection":[{"href":"http:\/\/blogdalucianaoliveira.com.br\/blog\/wp-json\/wp\/v2\/posts"}],"about":[{"href":"http:\/\/blogdalucianaoliveira.com.br\/blog\/wp-json\/wp\/v2\/types\/post"}],"author":[{"embeddable":true,"href":"http:\/\/blogdalucianaoliveira.com.br\/blog\/wp-json\/wp\/v2\/users\/1"}],"replies":[{"embeddable":true,"href":"http:\/\/blogdalucianaoliveira.com.br\/blog\/wp-json\/wp\/v2\/comments?post=38571"}],"version-history":[{"count":1,"href":"http:\/\/blogdalucianaoliveira.com.br\/blog\/wp-json\/wp\/v2\/posts\/38571\/revisions"}],"predecessor-version":[{"id":38573,"href":"http:\/\/blogdalucianaoliveira.com.br\/blog\/wp-json\/wp\/v2\/posts\/38571\/revisions\/38573"}],"wp:attachment":[{"href":"http:\/\/blogdalucianaoliveira.com.br\/blog\/wp-json\/wp\/v2\/media?parent=38571"}],"wp:term":[{"taxonomy":"category","embeddable":true,"href":"http:\/\/blogdalucianaoliveira.com.br\/blog\/wp-json\/wp\/v2\/categories?post=38571"},{"taxonomy":"post_tag","embeddable":true,"href":"http:\/\/blogdalucianaoliveira.com.br\/blog\/wp-json\/wp\/v2\/tags?post=38571"}],"curies":[{"name":"wp","href":"https:\/\/api.w.org\/{rel}","templated":true}]}}