{"id":38595,"date":"2026-03-31T14:15:17","date_gmt":"2026-03-31T18:15:17","guid":{"rendered":"https:\/\/blogdalucianaoliveira.com.br\/blog\/?p=38595"},"modified":"2026-03-31T14:15:17","modified_gmt":"2026-03-31T18:15:17","slug":"lula-sanciona-lei-que-amplia-licenca-paternidade","status":"publish","type":"post","link":"http:\/\/blogdalucianaoliveira.com.br\/blog\/2026\/03\/31\/lula-sanciona-lei-que-amplia-licenca-paternidade\/","title":{"rendered":"Lula sanciona lei que amplia licen\u00e7a-paternidade"},"content":{"rendered":"<p><img data-recalc-dims=\"1\" loading=\"lazy\" decoding=\"async\" data-attachment-id=\"38596\" data-permalink=\"http:\/\/blogdalucianaoliveira.com.br\/blog\/2026\/03\/31\/lula-sanciona-lei-que-amplia-licenca-paternidade\/img_0316\/\" data-orig-file=\"https:\/\/i0.wp.com\/blogdalucianaoliveira.com.br\/blog\/wp-content\/uploads\/2026\/03\/IMG_0316.webp?fit=1170%2C700\" data-orig-size=\"1170,700\" data-comments-opened=\"0\" data-image-meta=\"{&quot;aperture&quot;:&quot;0&quot;,&quot;credit&quot;:&quot;&quot;,&quot;camera&quot;:&quot;&quot;,&quot;caption&quot;:&quot;&quot;,&quot;created_timestamp&quot;:&quot;0&quot;,&quot;copyright&quot;:&quot;&quot;,&quot;focal_length&quot;:&quot;0&quot;,&quot;iso&quot;:&quot;0&quot;,&quot;shutter_speed&quot;:&quot;0&quot;,&quot;title&quot;:&quot;&quot;,&quot;orientation&quot;:&quot;0&quot;}\" data-image-title=\"IMG_0316\" data-image-description=\"\" data-image-caption=\"\" data-medium-file=\"https:\/\/i0.wp.com\/blogdalucianaoliveira.com.br\/blog\/wp-content\/uploads\/2026\/03\/IMG_0316.webp?fit=300%2C179\" data-large-file=\"https:\/\/i0.wp.com\/blogdalucianaoliveira.com.br\/blog\/wp-content\/uploads\/2026\/03\/IMG_0316.webp?fit=600%2C359\" class=\"aligncenter size-full wp-image-38596\" src=\"https:\/\/i0.wp.com\/blogdalucianaoliveira.com.br\/blog\/wp-content\/uploads\/2026\/03\/IMG_0316.webp?resize=600%2C359\" alt=\"\" width=\"600\" height=\"359\" srcset=\"https:\/\/i0.wp.com\/blogdalucianaoliveira.com.br\/blog\/wp-content\/uploads\/2026\/03\/IMG_0316.webp?w=1170 1170w, https:\/\/i0.wp.com\/blogdalucianaoliveira.com.br\/blog\/wp-content\/uploads\/2026\/03\/IMG_0316.webp?resize=300%2C179 300w, https:\/\/i0.wp.com\/blogdalucianaoliveira.com.br\/blog\/wp-content\/uploads\/2026\/03\/IMG_0316.webp?resize=1024%2C613 1024w, https:\/\/i0.wp.com\/blogdalucianaoliveira.com.br\/blog\/wp-content\/uploads\/2026\/03\/IMG_0316.webp?resize=768%2C459 768w, https:\/\/i0.wp.com\/blogdalucianaoliveira.com.br\/blog\/wp-content\/uploads\/2026\/03\/IMG_0316.webp?resize=501%2C300 501w\" sizes=\"auto, (max-width: 600px) 100vw, 600px\" \/><\/p>\n<p>Aumento ser\u00e1 gradual e chegar\u00e1 a 20 dias em 2029<!--more--><\/p>\n<p>Ag\u00eancia Brasil &#8211; O presidente Luiz In\u00e1cio Lula da Silva sancionou nesta ter\u00e7a-feira (31) o <strong>projeto de lei que amplia a licen\u00e7a-paternidade no Brasil<\/strong>. De acordo com o texto, <strong>a extens\u00e3o ocorrer\u00e1 de forma gradual, passando dos atuais cinco dias para 10 dias em 2027; 15 dias em 2028; e 20 dias em 2029<\/strong>.<img data-recalc-dims=\"1\" decoding=\"async\" src=\"https:\/\/i0.wp.com\/agenciabrasil.ebc.com.br\/ebc.png?w=600&#038;ssl=1\" \/><img data-recalc-dims=\"1\" decoding=\"async\" src=\"https:\/\/i0.wp.com\/agenciabrasil.ebc.com.br\/ebc.gif?w=600&#038;ssl=1\" \/><\/p>\n<p>\u201cS\u00e3o 38 anos de espera pra regulamentar a licen\u00e7a-paternidade e ampliar essa licen\u00e7a, que hoje tem cinco dias, depois vai para 10, 15 e 20 dias. Essa foi uma conquista conjunta da sociedade civil com o Parlamento e com a nossa participa\u00e7\u00e3o\u201d, destacou a ministra-chefe da <a href=\"https:\/\/www.gov.br\/sri\/pt-br\" target=\"_blank\" rel=\"noopener\">Secretaria de Rela\u00e7\u00f5es Institucionais<\/a>, Gleisi Hoffmann.<\/p>\n<blockquote><p>\u201cA mulher j\u00e1 conquistou o mercado de trabalho fora, mas o homem ainda n\u00e3o conquistou a cozinha. Essa lei vai ensinar os homens a dar banho em crian\u00e7a, a acordar de noite para cuidar da crian\u00e7a quando chora. Ele vai ter que aprender a trocar fralda\u201d, disse Lula. \u201c\u00c9 uma lei que eu sanciono com muito prazer\u201d, completou.<\/p><\/blockquote>\n<h2>Entenda<\/h2>\n<p><strong>O projeto de lei foi <a href=\"https:\/\/agenciabrasil.ebc.com.br\/politica\/noticia\/2026-03\/licenca-paternidade-de-ate-20-dias-e-aprovada-no-senado\" target=\"_blank\" rel=\"noopener\">aprovado no Senado<\/a> no \u00faltimo dia 4.<\/strong> O tema, entretanto, era debatido no Congresso Nacional h\u00e1 19 anos, depois de ser apresentado pela ex-senadora Patr\u00edcia Saboya, em 2007, e relatado pela senadora Ana Paula Lobato (PDT-MA).<\/p>\n<p>Entre os argumentos para aprova\u00e7\u00e3o do texto est\u00e1 a possibilidade de maior participa\u00e7\u00e3o dos pais nos cuidados com os filhos rec\u00e9m-nascidos ou adotados.<\/p>\n<p>Quando <a href=\"https:\/\/agenciabrasil.ebc.com.br\/politica\/noticia\/2025-11\/camara-aprova-ampliacao-gradual-da-licenca-paternidade\" target=\"_blank\" rel=\"noopener\">foi aprovado na C\u00e2mara dos Deputados<\/a>, em novembro do ano passado, o relator Pedro Campos (PSB-PE) afirmou que nenhum direito \u00e9 mais fundamental do que o de nascer cercado de cuidado. O deputado lembrou que <strong>o tema era alvo de debates desde a Assembleia Nacional Constituinte, que elaborou a Constitui\u00e7\u00e3o de 1988<\/strong>.<\/p>\n","protected":false},"excerpt":{"rendered":"<p>Aumento ser\u00e1 gradual e chegar\u00e1 a 20 dias em 2029<\/p>\n","protected":false},"author":1,"featured_media":0,"comment_status":"closed","ping_status":"open","sticky":false,"template":"","format":"standard","meta":{"_exactmetrics_skip_tracking":false,"_exactmetrics_sitenote_active":false,"_exactmetrics_sitenote_note":"","_exactmetrics_sitenote_category":0,"jetpack_post_was_ever_published":false,"_jetpack_newsletter_access":"","_jetpack_dont_email_post_to_subs":false,"_jetpack_newsletter_tier_id":0,"_jetpack_memberships_contains_paywalled_content":false,"_jetpack_memberships_contains_paid_content":false,"footnotes":"","jetpack_publicize_message":"","jetpack_publicize_feature_enabled":true,"jetpack_social_post_already_shared":true,"jetpack_social_options":{"image_generator_settings":{"template":"highway","enabled":false},"version":2}},"categories":[1],"tags":[],"class_list":["post-38595","post","type-post","status-publish","format-standard","hentry","category-notas"],"jetpack_publicize_connections":[],"jetpack_sharing_enabled":true,"jetpack_featured_media_url":"","jetpack_shortlink":"https:\/\/wp.me\/p7wKYW-a2v","jetpack-related-posts":[],"_links":{"self":[{"href":"http:\/\/blogdalucianaoliveira.com.br\/blog\/wp-json\/wp\/v2\/posts\/38595","targetHints":{"allow":["GET"]}}],"collection":[{"href":"http:\/\/blogdalucianaoliveira.com.br\/blog\/wp-json\/wp\/v2\/posts"}],"about":[{"href":"http:\/\/blogdalucianaoliveira.com.br\/blog\/wp-json\/wp\/v2\/types\/post"}],"author":[{"embeddable":true,"href":"http:\/\/blogdalucianaoliveira.com.br\/blog\/wp-json\/wp\/v2\/users\/1"}],"replies":[{"embeddable":true,"href":"http:\/\/blogdalucianaoliveira.com.br\/blog\/wp-json\/wp\/v2\/comments?post=38595"}],"version-history":[{"count":1,"href":"http:\/\/blogdalucianaoliveira.com.br\/blog\/wp-json\/wp\/v2\/posts\/38595\/revisions"}],"predecessor-version":[{"id":38597,"href":"http:\/\/blogdalucianaoliveira.com.br\/blog\/wp-json\/wp\/v2\/posts\/38595\/revisions\/38597"}],"wp:attachment":[{"href":"http:\/\/blogdalucianaoliveira.com.br\/blog\/wp-json\/wp\/v2\/media?parent=38595"}],"wp:term":[{"taxonomy":"category","embeddable":true,"href":"http:\/\/blogdalucianaoliveira.com.br\/blog\/wp-json\/wp\/v2\/categories?post=38595"},{"taxonomy":"post_tag","embeddable":true,"href":"http:\/\/blogdalucianaoliveira.com.br\/blog\/wp-json\/wp\/v2\/tags?post=38595"}],"curies":[{"name":"wp","href":"https:\/\/api.w.org\/{rel}","templated":true}]}}