{"id":38602,"date":"2026-04-01T09:14:33","date_gmt":"2026-04-01T13:14:33","guid":{"rendered":"https:\/\/blogdalucianaoliveira.com.br\/blog\/?p=38602"},"modified":"2026-04-01T09:14:33","modified_gmt":"2026-04-01T13:14:33","slug":"com-guerra-no-ira-refinarias-privatizadas-por-bolsonaro-vendem-diesel-ate-76-mais-caro-que-a-petrobras","status":"publish","type":"post","link":"http:\/\/blogdalucianaoliveira.com.br\/blog\/2026\/04\/01\/com-guerra-no-ira-refinarias-privatizadas-por-bolsonaro-vendem-diesel-ate-76-mais-caro-que-a-petrobras\/","title":{"rendered":"Com guerra no Ir\u00e3, refinarias privatizadas por Bolsonaro vendem diesel at\u00e9 76% mais caro que a Petrobras"},"content":{"rendered":"<p><img data-recalc-dims=\"1\" loading=\"lazy\" decoding=\"async\" data-attachment-id=\"38603\" data-permalink=\"http:\/\/blogdalucianaoliveira.com.br\/blog\/2026\/04\/01\/com-guerra-no-ira-refinarias-privatizadas-por-bolsonaro-vendem-diesel-ate-76-mais-caro-que-a-petrobras\/img_0383\/\" data-orig-file=\"https:\/\/i0.wp.com\/blogdalucianaoliveira.com.br\/blog\/wp-content\/uploads\/2026\/04\/IMG_0383.webp?fit=1424%2C852\" data-orig-size=\"1424,852\" data-comments-opened=\"0\" data-image-meta=\"{&quot;aperture&quot;:&quot;0&quot;,&quot;credit&quot;:&quot;&quot;,&quot;camera&quot;:&quot;&quot;,&quot;caption&quot;:&quot;&quot;,&quot;created_timestamp&quot;:&quot;0&quot;,&quot;copyright&quot;:&quot;&quot;,&quot;focal_length&quot;:&quot;0&quot;,&quot;iso&quot;:&quot;0&quot;,&quot;shutter_speed&quot;:&quot;0&quot;,&quot;title&quot;:&quot;&quot;,&quot;orientation&quot;:&quot;0&quot;}\" data-image-title=\"IMG_0383\" data-image-description=\"\" data-image-caption=\"\" data-medium-file=\"https:\/\/i0.wp.com\/blogdalucianaoliveira.com.br\/blog\/wp-content\/uploads\/2026\/04\/IMG_0383.webp?fit=300%2C179\" data-large-file=\"https:\/\/i0.wp.com\/blogdalucianaoliveira.com.br\/blog\/wp-content\/uploads\/2026\/04\/IMG_0383.webp?fit=600%2C359\" class=\"aligncenter size-full wp-image-38603\" src=\"https:\/\/i0.wp.com\/blogdalucianaoliveira.com.br\/blog\/wp-content\/uploads\/2026\/04\/IMG_0383.webp?resize=600%2C359\" alt=\"\" width=\"600\" height=\"359\" srcset=\"https:\/\/i0.wp.com\/blogdalucianaoliveira.com.br\/blog\/wp-content\/uploads\/2026\/04\/IMG_0383.webp?w=1424 1424w, https:\/\/i0.wp.com\/blogdalucianaoliveira.com.br\/blog\/wp-content\/uploads\/2026\/04\/IMG_0383.webp?resize=300%2C179 300w, https:\/\/i0.wp.com\/blogdalucianaoliveira.com.br\/blog\/wp-content\/uploads\/2026\/04\/IMG_0383.webp?resize=1024%2C613 1024w, https:\/\/i0.wp.com\/blogdalucianaoliveira.com.br\/blog\/wp-content\/uploads\/2026\/04\/IMG_0383.webp?resize=768%2C460 768w, https:\/\/i0.wp.com\/blogdalucianaoliveira.com.br\/blog\/wp-content\/uploads\/2026\/04\/IMG_0383.webp?resize=501%2C300 501w, https:\/\/i0.wp.com\/blogdalucianaoliveira.com.br\/blog\/wp-content\/uploads\/2026\/04\/IMG_0383.webp?w=1200 1200w\" sizes=\"auto, (max-width: 600px) 100vw, 600px\" \/><br \/>\nNo Amazonas, pre\u00e7o praticado \u00e9 de R$ 6,45; na Bahia, R$ 6,00; Petrobras cobra R$ 3,65 pelo diesel<\/p>\n<p><!--more-->Brasil de Fato &#8211; \u00a0 Entre 27 de fevereiro e 31 de mar\u00e7o, per\u00edodo marcado pela <a href=\"https:\/\/www.brasildefato.com.br\/2026\/03\/28\/guerra-no-ira-completa-30-dias-com-destruicao-civil-e-isolamento-do-governo-trump\/\">escalada da guerra no Ir\u00e3<\/a> e pela <a href=\"https:\/\/www.brasildefato.com.br\/2026\/03\/19\/guerra-do-ira-escala-com-ataques-a-producao-energetica-do-oriente-medio-e-pode-envolver-mais-paises-petroleo-dispara\/\">disparada do petr\u00f3leo<\/a> no mercado internacional, <a href=\"https:\/\/www.brasildefato.com.br\/2024\/07\/18\/petrobras-encaminha-recompra-de-refinaria-na-bahia-privatizada-por-bolsonaro\/\">refinarias privatizadas<\/a> no governo Jair Bolsonaro (PL) elevaram o pre\u00e7o do diesel muito acima da Petrobras.<\/p>\n<p>A <a href=\"https:\/\/www.brasildefato.com.br\/2025\/09\/16\/refinaria-que-nao-refina-petroleiros-pedem-a-lula-que-reverta-privatizacao-de-bolsonaro-no-amazonas\/\">Refinaria da Amaz\u00f4nia (Ream)<\/a>, no Amazonas, elevou o pre\u00e7o do diesel para R$ 6,45, um aumento de 71% em rela\u00e7\u00e3o ao pre\u00e7o praticado anteriormente, chegando a um valor 76% superior ao ofertado pela Petrobras atualmente. No mesmo intervalo, a estatal passou a vender o diesel por R$ 3,65, um reajuste de 12% em rela\u00e7\u00e3o a fevereiro.<\/p>\n<p>J\u00e1 a Refinaria de Mataripe, Landulpho Alves (RLAM), na Bahia, passou a cobrar R$ 6,00, equivalente a um reajuste de 83% em rela\u00e7\u00e3o ao pre\u00e7o de fevereiro e 64% acima do praticado pela estatal. Os dados foram levantados pelo Instituto Brasileiro de Estudos Pol\u00edticos e Sociais (Ibeps), com base em informa\u00e7\u00f5es das pr\u00f3prias empresas.<\/p>\n<p>A guerra come\u00e7ou em 28 de fevereiro, com os ataques dos Estados Unidos e Israel ao pa\u00eds persa, e impactou o mercado global de energia. Ao longo de mar\u00e7o, o barril de petr\u00f3leo saiu da faixa dos US$ 70 para mais de US$ 100, com picos pr\u00f3ximos de US$ 120, em meio ao <a href=\"https:\/\/www.brasildefato.com.br\/colunista\/observatorio-de-politica-externa\/2026\/03\/25\/como-o-fechamento-do-estreito-de-ormuz-abala-a-seguranca-energetica-da-europa-e-asia-e-as-eleicoes-nos-eua\/\">fechamento do Estreito de Ormuz<\/a> e a ataques a instala\u00e7\u00f5es energ\u00e9ticas no Oriente M\u00e9dio.<br \/>\nDiante da disparada do diesel no mercado internacional, o governo federal prop\u00f4s um subs\u00eddio de R$ 1,20 por litro para o combust\u00edvel importado at\u00e9 o fim de maio, com custo dividido entre Uni\u00e3o e estados. A medida, que deve ser formalizada por medida provis\u00f3ria, j\u00e1 teve ades\u00e3o sinalizada por ao menos 20 estados, entre eles Bahia, Amazonas, Acre, Rio Grande do Norte e Tocantins.<\/p>\n<p>Para o economista Eric Gil Dantas, pesquisador do Ibeps, a alta dos pre\u00e7os nas refinarias privatizadas n\u00e3o \u00e9 um efeito isolado da guerra, mas o resultado de uma escolha de pol\u00edtica econ\u00f4mica feita nos \u00faltimos anos. Segundo ele, a venda de ativos da Petrobras foi sustentada pelo argumento de que a entrada de novos agentes aumentaria a concorr\u00eancia e ajudaria a reduzir os pre\u00e7os dos combust\u00edveis. Na pr\u00e1tica, por\u00e9m, isso n\u00e3o aconteceu.<\/p>\n<p>O economista avalia que, como o refino no Brasil foi estruturado historicamente para abastecer mercados regionais, a privatiza\u00e7\u00e3o criou monop\u00f3lios privados em vez de concorr\u00eancia. Nesse cen\u00e1rio, empresas como Mataripe e Ream passaram a seguir o pre\u00e7o de paridade de importa\u00e7\u00e3o (PPI), que vincula os combust\u00edveis vendidos no pa\u00eds diretamente \u00e0s cota\u00e7\u00f5es internacionais do petr\u00f3leo, ao d\u00f3lar e aos custos de importa\u00e7\u00e3o, como transporte e seguro.<\/p>\n<p>\u201cO que est\u00e1 acontecendo agora \u00e9 simplesmente a consequ\u00eancia \u00f3bvia da implementa\u00e7\u00e3o desse pensamento liberal. O mercado de combust\u00edveis \u00e9 muito mais complexo do que esse bl\u00e1 bl\u00e1 bl\u00e1 liberal de que, com mais agentes, os pre\u00e7os cairiam\u201d, afirma em entrevista ao <strong>Brasil de Fato<\/strong>.<\/p>\n<p>No caso da Petrobras, mesmo <a href=\"https:\/\/www.brasildefato.com.br\/2024\/05\/28\/um-ano-sem-ppi-petrobras-reduz-valor-da-gasolina-mas-nao-o-desvincula-do-exterior\/\">sem um rompimento completo com a refer\u00eancia internacional<\/a>, a estatal tem conseguido amortecer parte da volatilidade.<\/p>\n<p>As varia\u00e7\u00f5es do diesel S-10 entre 27 de fevereiro e 31 de mar\u00e7o foram as seguintes:<\/p>\n<ul class=\"wp-block-list\">\n<li><strong>Mataripe:<\/strong> de R$ 3,28 para R$ 6,00, alta de 83% (<strong>64% mais caro que a Petrobras<\/strong>)<\/li>\n<li><strong>Ream:<\/strong> de R$ 3,78 para R$ 6,45, alta de 71% (<strong>76% mais caro que a Petrobras<\/strong>)<\/li>\n<li><strong>Clara Camar\u00e3o (S-500):<\/strong> de R$ 3,33 para R$ 5,63, alta de 69% (<strong>54% mais caro que a Petrobras<\/strong>)<\/li>\n<li><strong>Petrobras:<\/strong> de R$ 3,27 para R$ 3,65, alta de 12%<\/li>\n<\/ul>\n<p>Na gasolina, o contraste tamb\u00e9m apareceu. Enquanto a Petrobras manteve o pre\u00e7o est\u00e1vel no per\u00edodo, refinarias privatizadas reajustaram o combust\u00edvel em patamares elevados, segundo o mesmo levantamento.<\/p>\n<ul class=\"wp-block-list\">\n<li><strong>Mataripe:<\/strong> de R$ 2,54 para R$ 3,97, alta de 56% (<strong>55% mais caro que a Petrobras<\/strong>)<\/li>\n<li><strong>Ream:<\/strong> de R$ 2,90 para R$ 3,97, alta de 37% (<strong>55% mais caro que a Petrobras<\/strong>)<\/li>\n<li><strong>Clara Camar\u00e3o:<\/strong> de R$ 2,59 para R$ 3,83, alta de 48% (<strong>49% mais caro que a Petrobras<\/strong>)<\/li>\n<li><strong>Petrobras:<\/strong> manteve o pre\u00e7o em R$ 2,57<\/li>\n<\/ul>\n<p>Os efeitos aparecem tamb\u00e9m no pre\u00e7o final pago pelo consumidor. Os cinco estados com a gasolina mais cara, de acordo com a base reunida para a reportagem, s\u00e3o:<\/p>\n<ul class=\"wp-block-list\">\n<li><strong>Bahia:<\/strong> R$ 8,18<\/li>\n<li><strong>Acre:<\/strong> R$ 8,18<\/li>\n<li><strong>Tocantins:<\/strong> R$ 7,82<\/li>\n<li><strong>Roraima:<\/strong> R$ 7,81<\/li>\n<li><strong>Paran\u00e1:<\/strong> R$ 7,69<\/li>\n<\/ul>\n<h4 class=\"wp-block-heading\">Privatiza\u00e7\u00f5es e monop\u00f3lios regionais<\/h4>\n<p>A antiga <a href=\"https:\/\/www.brasildefato.com.br\/2024\/04\/23\/problema-em-refinaria-privatizada-da-bahia-afeta-abastecimento-de-combustivel\/\">Refinaria Landulpho Alves (RLAM)<\/a>, hoje Mataripe, foi vendida em 2021 \u00e0 Acelen, controlada pelo fundo Mubadala, dos Emirados \u00c1rabes Unidos. Desde ent\u00e3o, a unidade passou a ser criticada pelos pre\u00e7os mais altos praticados no estado. A refinaria \u00e9 apontada como monopolista regional, sobretudo no diesel. \u201cNo caso de Mataripe, ela \u00e9 hoje um monop\u00f3lio no diesel. \u00c9 o \u00fanico ofertante de diesel da Bahia. Ent\u00e3o os baianos n\u00e3o t\u00eam alternativa a ela\u201d, explica Dantas.<\/p>\n<p>No Amazonas, a Ream tamb\u00e9m j\u00e1 vinha sendo alvo de cr\u00edticas por pre\u00e7os elevados. Como mostrou o <strong>Brasil de Fato<\/strong>, a refinaria privatizada <a href=\"https:\/\/www.brasildefato.com.br\/2025\/09\/16\/refinaria-que-nao-refina-petroleiros-pedem-a-lula-que-reverta-privatizacao-de-bolsonaro-no-amazonas\/\">passou a operar com forte depend\u00eancia de importa\u00e7\u00f5es<\/a> e \u00e9 questionada por ter reduzido sua atividade de refino, o que agravou a vulnerabilidade regional diante de choques externos. \u201cEla parou inclusive de refinar. Era mais lucrativo transformar a refinaria em uma base de importa\u00e7\u00e3o\u201d, afirma o economista.<\/p>\n<p>Para Dantas, a atual crise internacional apenas tornou mais vis\u00edvel uma distor\u00e7\u00e3o antiga. Em vez de ampliar a concorr\u00eancia, a venda de refinarias criou mercados regionais concentrados, em que empresas privadas conseguem repassar ao consumidor, com mais intensidade, a alta do petr\u00f3leo no exterior.<\/p>\n<p>\u201cA \u00fanica concorr\u00eancia poss\u00edvel seria a importa\u00e7\u00e3o, mas essas empresas j\u00e1 operam com essa l\u00f3gica. Ent\u00e3o, quando o pre\u00e7o internacional sobe, elas repassam, porque n\u00e3o t\u00eam disputa real nesses mercados\u201d, assinala.<\/p>\n","protected":false},"excerpt":{"rendered":"<p>No Amazonas, pre\u00e7o praticado \u00e9 de R$ 6,45; na Bahia, R$ 6,00; Petrobras cobra R$ 3,65 pelo diesel<\/p>\n","protected":false},"author":1,"featured_media":0,"comment_status":"closed","ping_status":"open","sticky":false,"template":"","format":"standard","meta":{"_exactmetrics_skip_tracking":false,"_exactmetrics_sitenote_active":false,"_exactmetrics_sitenote_note":"","_exactmetrics_sitenote_category":0,"jetpack_post_was_ever_published":false,"_jetpack_newsletter_access":"","_jetpack_dont_email_post_to_subs":false,"_jetpack_newsletter_tier_id":0,"_jetpack_memberships_contains_paywalled_content":false,"_jetpack_memberships_contains_paid_content":false,"footnotes":"","jetpack_publicize_message":"","jetpack_publicize_feature_enabled":true,"jetpack_social_post_already_shared":true,"jetpack_social_options":{"image_generator_settings":{"template":"highway","enabled":false},"version":2}},"categories":[1],"tags":[],"class_list":["post-38602","post","type-post","status-publish","format-standard","hentry","category-notas"],"jetpack_publicize_connections":[],"jetpack_sharing_enabled":true,"jetpack_featured_media_url":"","jetpack_shortlink":"https:\/\/wp.me\/p7wKYW-a2C","jetpack-related-posts":[],"_links":{"self":[{"href":"http:\/\/blogdalucianaoliveira.com.br\/blog\/wp-json\/wp\/v2\/posts\/38602","targetHints":{"allow":["GET"]}}],"collection":[{"href":"http:\/\/blogdalucianaoliveira.com.br\/blog\/wp-json\/wp\/v2\/posts"}],"about":[{"href":"http:\/\/blogdalucianaoliveira.com.br\/blog\/wp-json\/wp\/v2\/types\/post"}],"author":[{"embeddable":true,"href":"http:\/\/blogdalucianaoliveira.com.br\/blog\/wp-json\/wp\/v2\/users\/1"}],"replies":[{"embeddable":true,"href":"http:\/\/blogdalucianaoliveira.com.br\/blog\/wp-json\/wp\/v2\/comments?post=38602"}],"version-history":[{"count":1,"href":"http:\/\/blogdalucianaoliveira.com.br\/blog\/wp-json\/wp\/v2\/posts\/38602\/revisions"}],"predecessor-version":[{"id":38604,"href":"http:\/\/blogdalucianaoliveira.com.br\/blog\/wp-json\/wp\/v2\/posts\/38602\/revisions\/38604"}],"wp:attachment":[{"href":"http:\/\/blogdalucianaoliveira.com.br\/blog\/wp-json\/wp\/v2\/media?parent=38602"}],"wp:term":[{"taxonomy":"category","embeddable":true,"href":"http:\/\/blogdalucianaoliveira.com.br\/blog\/wp-json\/wp\/v2\/categories?post=38602"},{"taxonomy":"post_tag","embeddable":true,"href":"http:\/\/blogdalucianaoliveira.com.br\/blog\/wp-json\/wp\/v2\/tags?post=38602"}],"curies":[{"name":"wp","href":"https:\/\/api.w.org\/{rel}","templated":true}]}}