{"id":38613,"date":"2026-04-02T10:01:45","date_gmt":"2026-04-02T14:01:45","guid":{"rendered":"https:\/\/blogdalucianaoliveira.com.br\/blog\/?p=38613"},"modified":"2026-04-02T10:07:14","modified_gmt":"2026-04-02T14:07:14","slug":"teaser-de-maior-que-a-casa-toda-ultrapassa-30-mil-visualizacoes-em-menos-de-dois-dias-e-amplia-alcance-nacional-e-internacional","status":"publish","type":"post","link":"http:\/\/blogdalucianaoliveira.com.br\/blog\/2026\/04\/02\/teaser-de-maior-que-a-casa-toda-ultrapassa-30-mil-visualizacoes-em-menos-de-dois-dias-e-amplia-alcance-nacional-e-internacional\/","title":{"rendered":"Teaser de \u201cMaior Que a Casa Toda\u201d ultrapassa 30 mil visualiza\u00e7\u00f5es em menos de dois dias e amplia alcance nacional e internacional."},"content":{"rendered":"<p><img data-recalc-dims=\"1\" loading=\"lazy\" decoding=\"async\" data-attachment-id=\"38614\" data-permalink=\"http:\/\/blogdalucianaoliveira.com.br\/blog\/2026\/04\/02\/teaser-de-maior-que-a-casa-toda-ultrapassa-30-mil-visualizacoes-em-menos-de-dois-dias-e-amplia-alcance-nacional-e-internacional\/9b9ce0a1-7ce1-4c9d-ad29-45186c2df53c\/\" data-orig-file=\"https:\/\/i0.wp.com\/blogdalucianaoliveira.com.br\/blog\/wp-content\/uploads\/2026\/04\/9b9ce0a1-7ce1-4c9d-ad29-45186c2df53c.jpeg?fit=1579%2C854\" data-orig-size=\"1579,854\" data-comments-opened=\"0\" data-image-meta=\"{&quot;aperture&quot;:&quot;0&quot;,&quot;credit&quot;:&quot;&quot;,&quot;camera&quot;:&quot;&quot;,&quot;caption&quot;:&quot;&quot;,&quot;created_timestamp&quot;:&quot;1775135852&quot;,&quot;copyright&quot;:&quot;&quot;,&quot;focal_length&quot;:&quot;0&quot;,&quot;iso&quot;:&quot;0&quot;,&quot;shutter_speed&quot;:&quot;0&quot;,&quot;title&quot;:&quot;&quot;,&quot;orientation&quot;:&quot;1&quot;}\" data-image-title=\"9b9ce0a1-7ce1-4c9d-ad29-45186c2df53c\" data-image-description=\"\" data-image-caption=\"\" data-medium-file=\"https:\/\/i0.wp.com\/blogdalucianaoliveira.com.br\/blog\/wp-content\/uploads\/2026\/04\/9b9ce0a1-7ce1-4c9d-ad29-45186c2df53c.jpeg?fit=300%2C162\" data-large-file=\"https:\/\/i0.wp.com\/blogdalucianaoliveira.com.br\/blog\/wp-content\/uploads\/2026\/04\/9b9ce0a1-7ce1-4c9d-ad29-45186c2df53c.jpeg?fit=600%2C325\" class=\"aligncenter size-full wp-image-38614\" src=\"https:\/\/i0.wp.com\/blogdalucianaoliveira.com.br\/blog\/wp-content\/uploads\/2026\/04\/9b9ce0a1-7ce1-4c9d-ad29-45186c2df53c.jpeg?resize=600%2C325\" alt=\"\" width=\"600\" height=\"325\" srcset=\"https:\/\/i0.wp.com\/blogdalucianaoliveira.com.br\/blog\/wp-content\/uploads\/2026\/04\/9b9ce0a1-7ce1-4c9d-ad29-45186c2df53c.jpeg?w=1579 1579w, https:\/\/i0.wp.com\/blogdalucianaoliveira.com.br\/blog\/wp-content\/uploads\/2026\/04\/9b9ce0a1-7ce1-4c9d-ad29-45186c2df53c.jpeg?resize=300%2C162 300w, https:\/\/i0.wp.com\/blogdalucianaoliveira.com.br\/blog\/wp-content\/uploads\/2026\/04\/9b9ce0a1-7ce1-4c9d-ad29-45186c2df53c.jpeg?resize=1024%2C554 1024w, https:\/\/i0.wp.com\/blogdalucianaoliveira.com.br\/blog\/wp-content\/uploads\/2026\/04\/9b9ce0a1-7ce1-4c9d-ad29-45186c2df53c.jpeg?resize=768%2C415 768w, https:\/\/i0.wp.com\/blogdalucianaoliveira.com.br\/blog\/wp-content\/uploads\/2026\/04\/9b9ce0a1-7ce1-4c9d-ad29-45186c2df53c.jpeg?resize=1536%2C831 1536w, https:\/\/i0.wp.com\/blogdalucianaoliveira.com.br\/blog\/wp-content\/uploads\/2026\/04\/9b9ce0a1-7ce1-4c9d-ad29-45186c2df53c.jpeg?resize=555%2C300 555w, https:\/\/i0.wp.com\/blogdalucianaoliveira.com.br\/blog\/wp-content\/uploads\/2026\/04\/9b9ce0a1-7ce1-4c9d-ad29-45186c2df53c.jpeg?w=1200 1200w\" sizes=\"auto, (max-width: 600px) 100vw, 600px\" \/><\/p>\n<p class=\"s5\">\n<p class=\"s4\"><span class=\"s5\"><span class=\"bumpedFont15\">O teaser do filme \u201cMaior Que a Casa Toda\u201d j\u00e1 demonstra a for\u00e7a de sua chegada ao p\u00fablico. Em menos de dois dias, a pr\u00e9via ultrapassou a marca de mais de 30 mil visualiza\u00e7\u00f5es, indicando um interesse crescente e consistente.<\/span><\/span><!--more--><\/p>\n<p class=\"s4\"><span class=\"s5\"><span class=\"bumpedFont15\">Dirigido pelos cineastas premiados Fabiano Barros e Neto Cavalcanti, o filme se insere no movimento do cinema rondoniense, que vem conquistando novos espa\u00e7os e ampliando sua visibilidade dentro e fora do Brasil.<\/span><\/span><\/p>\n<p class=\"s4\"><span class=\"s5\"><span class=\"bumpedFont15\">A repercuss\u00e3o do teaser n\u00e3o se limita ao p\u00fablico nacional. O alcance nas plataformas digitais aponta para um interesse que tamb\u00e9m se estende ao cen\u00e1rio internacional, refor\u00e7ando o potencial da obra em dialogar com diferentes p\u00fablicos e contextos culturais.<\/span><\/span><\/p>\n<p class=\"s4\"><span class=\"s5\"><span class=\"bumpedFont15\">Com uma proposta sens\u00edvel e um olhar atento \u00e0s rela\u00e7\u00f5es humanas e aos territ\u00f3rios retratados, o teaser apresenta a atmosfera do filme de forma \u00edntima, valorizando detalhes e emo\u00e7\u00f5es que atravessam fronteiras.<\/span><\/span><\/p>\n<p class=\"s6\"><span class=\"s5\"><span class=\"bumpedFont15\">No elenco, o filme re\u00fane Regina Coely, no papel de D\u00e1lia, e Agrael de Jesus, que interpreta Nan\u00e3. A hist\u00f3ria tamb\u00e9m acompanha os irm\u00e3os Dudu, vivido por Yan Sembarski, e Luquinha, interpretado por Kel do Vale, construindo um universo afetivo marcado por v\u00ednculos familiares e pelas rela\u00e7\u00f5es que atravessam a narrativa.<\/span><\/span><\/p>\n<p class=\"s4\"><span class=\"s5\"><span class=\"bumpedFont15\">O resultado \u00e9 um crescimento org\u00e2nico que evidencia a for\u00e7a das narrativas regionais quando conectadas a temas universais. \u201cMaior Que a Casa Toda\u201d surge, assim, como mais um passo importante na consolida\u00e7\u00e3o do cinema produzido em Rond\u00f4nia, ampliando seu alcance e fortalecendo sua presen\u00e7a no mapa audiovisual contempor\u00e2neo.<\/span><\/span><\/p>\n<p class=\"s4\"><span class=\"s5\"><span class=\"bumpedFont15\">Com o teaser j\u00e1 em circula\u00e7\u00e3o e ganhando destaque, a expectativa agora se volta para os pr\u00f3ximos passos do filme, que deve seguir ampliando seu di\u00e1logo com o p\u00fablico em n\u00edvel nacional e internacional.<\/span><\/span><\/p>\n<p class=\"s4\">\n<p class=\"s8\"><span class=\"s7\"><span class=\"bumpedFont15\">Sinopse:<\/span><\/span><\/p>\n<p class=\"s4\">\n<p class=\"s4\"><span class=\"s5\"><span class=\"bumpedFont15\">Em Maior que a Casa Toda, acompanhamos Dudu e seu irm\u00e3o Lukinha em uma rotina cotidiana marcada por afeto e desafios em uma comunidade de Rond\u00f4nia. Ap\u00f3s quebrar uma sand\u00e1lia presente de suas av\u00f3s, Dudu foge com medo das consequ\u00eancias, desencadeando uma busca angustiante. Entre conflitos, descobertas e reconcilia\u00e7\u00f5es, os irm\u00e3os aprendem que o amor e o cuidado que os cercam s\u00e3o maiores do que qualquer erro e maiores que a pr\u00f3pria casa onde vivem.<\/span><\/span><\/p>\n<p class=\"s4\">\n<p class=\"s4\"><span class=\"s5\"><span class=\"bumpedFont15\">Confira o teaser no link: <\/span><\/span><a href=\"https:\/\/acesse.one\/dgxcztj\"><span class=\"s9\"><span class=\"bumpedFont15\">https:\/\/acesse.one\/dgxcztj<\/span><\/span><\/a><\/p>\n<p class=\"s4\"><span class=\"s5\"><span class=\"bumpedFont15\"><br \/>\n<\/span><\/span><span class=\"s5\"><span class=\"bumpedFont15\">Texto: Fabiano Barros<\/span><\/span><span class=\"s5\"><span class=\"bumpedFont15\"><br \/>\n<\/span><\/span><span class=\"s5\"><span class=\"bumpedFont15\">Imagens: Neto Cavalcanti<\/span><\/span><\/p>\n","protected":false},"excerpt":{"rendered":"<p>O teaser do filme \u201cMaior Que a Casa Toda\u201d j\u00e1 demonstra a for\u00e7a de sua chegada ao p\u00fablico. Em menos de dois dias, a pr\u00e9via ultrapassou a marca de mais de 30 mil visualiza\u00e7\u00f5es, indicando um interesse crescente e consistente.<\/p>\n","protected":false},"author":1,"featured_media":0,"comment_status":"closed","ping_status":"open","sticky":false,"template":"","format":"standard","meta":{"_exactmetrics_skip_tracking":false,"_exactmetrics_sitenote_active":false,"_exactmetrics_sitenote_note":"","_exactmetrics_sitenote_category":0,"jetpack_post_was_ever_published":false,"_jetpack_newsletter_access":"","_jetpack_dont_email_post_to_subs":false,"_jetpack_newsletter_tier_id":0,"_jetpack_memberships_contains_paywalled_content":false,"_jetpack_memberships_contains_paid_content":false,"footnotes":"","jetpack_publicize_message":"","jetpack_publicize_feature_enabled":true,"jetpack_social_post_already_shared":true,"jetpack_social_options":{"image_generator_settings":{"template":"highway","enabled":false},"version":2}},"categories":[1],"tags":[],"class_list":["post-38613","post","type-post","status-publish","format-standard","hentry","category-notas"],"jetpack_publicize_connections":[],"jetpack_sharing_enabled":true,"jetpack_featured_media_url":"","jetpack_shortlink":"https:\/\/wp.me\/p7wKYW-a2N","jetpack-related-posts":[],"_links":{"self":[{"href":"http:\/\/blogdalucianaoliveira.com.br\/blog\/wp-json\/wp\/v2\/posts\/38613","targetHints":{"allow":["GET"]}}],"collection":[{"href":"http:\/\/blogdalucianaoliveira.com.br\/blog\/wp-json\/wp\/v2\/posts"}],"about":[{"href":"http:\/\/blogdalucianaoliveira.com.br\/blog\/wp-json\/wp\/v2\/types\/post"}],"author":[{"embeddable":true,"href":"http:\/\/blogdalucianaoliveira.com.br\/blog\/wp-json\/wp\/v2\/users\/1"}],"replies":[{"embeddable":true,"href":"http:\/\/blogdalucianaoliveira.com.br\/blog\/wp-json\/wp\/v2\/comments?post=38613"}],"version-history":[{"count":2,"href":"http:\/\/blogdalucianaoliveira.com.br\/blog\/wp-json\/wp\/v2\/posts\/38613\/revisions"}],"predecessor-version":[{"id":38616,"href":"http:\/\/blogdalucianaoliveira.com.br\/blog\/wp-json\/wp\/v2\/posts\/38613\/revisions\/38616"}],"wp:attachment":[{"href":"http:\/\/blogdalucianaoliveira.com.br\/blog\/wp-json\/wp\/v2\/media?parent=38613"}],"wp:term":[{"taxonomy":"category","embeddable":true,"href":"http:\/\/blogdalucianaoliveira.com.br\/blog\/wp-json\/wp\/v2\/categories?post=38613"},{"taxonomy":"post_tag","embeddable":true,"href":"http:\/\/blogdalucianaoliveira.com.br\/blog\/wp-json\/wp\/v2\/tags?post=38613"}],"curies":[{"name":"wp","href":"https:\/\/api.w.org\/{rel}","templated":true}]}}