{"id":38629,"date":"2026-04-05T21:10:42","date_gmt":"2026-04-06T01:10:42","guid":{"rendered":"https:\/\/blogdalucianaoliveira.com.br\/blog\/?p=38629"},"modified":"2026-04-05T21:10:42","modified_gmt":"2026-04-06T01:10:42","slug":"onze-governadores-renunciam-para-disputar-eleicoes-de-outubro","status":"publish","type":"post","link":"http:\/\/blogdalucianaoliveira.com.br\/blog\/2026\/04\/05\/onze-governadores-renunciam-para-disputar-eleicoes-de-outubro\/","title":{"rendered":"Onze governadores renunciam para disputar elei\u00e7\u00f5es de outubro"},"content":{"rendered":"<p><img data-recalc-dims=\"1\" loading=\"lazy\" decoding=\"async\" data-attachment-id=\"38630\" data-permalink=\"http:\/\/blogdalucianaoliveira.com.br\/blog\/2026\/04\/05\/onze-governadores-renunciam-para-disputar-eleicoes-de-outubro\/img_0635-2\/\" data-orig-file=\"https:\/\/i0.wp.com\/blogdalucianaoliveira.com.br\/blog\/wp-content\/uploads\/2026\/04\/IMG_0635.webp?fit=1170%2C700\" data-orig-size=\"1170,700\" data-comments-opened=\"0\" data-image-meta=\"{&quot;aperture&quot;:&quot;0&quot;,&quot;credit&quot;:&quot;&quot;,&quot;camera&quot;:&quot;&quot;,&quot;caption&quot;:&quot;&quot;,&quot;created_timestamp&quot;:&quot;0&quot;,&quot;copyright&quot;:&quot;&quot;,&quot;focal_length&quot;:&quot;0&quot;,&quot;iso&quot;:&quot;0&quot;,&quot;shutter_speed&quot;:&quot;0&quot;,&quot;title&quot;:&quot;&quot;,&quot;orientation&quot;:&quot;0&quot;}\" data-image-title=\"IMG_0635\" data-image-description=\"\" data-image-caption=\"\" data-medium-file=\"https:\/\/i0.wp.com\/blogdalucianaoliveira.com.br\/blog\/wp-content\/uploads\/2026\/04\/IMG_0635.webp?fit=300%2C179\" data-large-file=\"https:\/\/i0.wp.com\/blogdalucianaoliveira.com.br\/blog\/wp-content\/uploads\/2026\/04\/IMG_0635.webp?fit=600%2C359\" class=\"aligncenter size-full wp-image-38630\" src=\"https:\/\/i0.wp.com\/blogdalucianaoliveira.com.br\/blog\/wp-content\/uploads\/2026\/04\/IMG_0635.webp?resize=600%2C359\" alt=\"\" width=\"600\" height=\"359\" srcset=\"https:\/\/i0.wp.com\/blogdalucianaoliveira.com.br\/blog\/wp-content\/uploads\/2026\/04\/IMG_0635.webp?w=1170 1170w, https:\/\/i0.wp.com\/blogdalucianaoliveira.com.br\/blog\/wp-content\/uploads\/2026\/04\/IMG_0635.webp?resize=300%2C179 300w, https:\/\/i0.wp.com\/blogdalucianaoliveira.com.br\/blog\/wp-content\/uploads\/2026\/04\/IMG_0635.webp?resize=1024%2C613 1024w, https:\/\/i0.wp.com\/blogdalucianaoliveira.com.br\/blog\/wp-content\/uploads\/2026\/04\/IMG_0635.webp?resize=768%2C459 768w, https:\/\/i0.wp.com\/blogdalucianaoliveira.com.br\/blog\/wp-content\/uploads\/2026\/04\/IMG_0635.webp?resize=501%2C300 501w\" sizes=\"auto, (max-width: 600px) 100vw, 600px\" \/><\/p>\n<p>Primeiro turno das elei\u00e7\u00f5es ser\u00e1 em\u00a04 de outubro<!--more-->Ag\u00eancia Brasil &#8211; O prazo para agentes p\u00fablicos que v\u00e3o participar das elei\u00e7\u00f5es deixarem seus cargos terminou neste s\u00e1bado (4). A regra \u00e9 chamada de desincompatibiliza\u00e7\u00e3o e vale para governadores, prefeitos e ministros de Estado que pretendem se candidatar no pleito de outubro.<br \/>\n<strong>Com o fim do prazo, 11 governadores deixaram suas fun\u00e7\u00f5es para disputar outros cargos.<\/strong><img data-recalc-dims=\"1\" decoding=\"async\" src=\"https:\/\/i0.wp.com\/agenciabrasil.ebc.com.br\/ebc.png?w=600&#038;ssl=1\" \/><img data-recalc-dims=\"1\" decoding=\"async\" src=\"https:\/\/i0.wp.com\/agenciabrasil.ebc.com.br\/ebc.gif?w=600&#038;ssl=1\" \/><\/p>\n<p><strong>Ronaldo Caiado (PSD-GO) anunciou, na semana passada, que \u00e9 pr\u00e9-candidato \u00e0 Presid\u00eancia da Rep\u00fablica. Romeu Zema (Novo-MG) tamb\u00e9m deixou o cargo ap\u00f3s dois mandatos consecutivos e sinalizou que\u00a0deve ser candidato \u00e0 Presid\u00eancia, mas ainda n\u00e3o formalizou sua pr\u00e9-candidatura.<\/strong><\/p>\n<p><strong>Nove governadores sa\u00edram o cargo e pretendem disputar uma vaga no Senado.<\/strong> S\u00e3o eles: Gladson Cameli (PP-AC); Wilson Lima (Uni\u00e3o-AM), Ibaneis Rocha (MDB-DF), Renato Casagrande (PSB-ES); Mauro Mendes (Uni\u00e3o-MT); Helder Barbalho (MDB-PA), Jo\u00e3o Azev\u00eado (PSB-PB) e Antonio Denarium (PP-RR).\u00a0O ex-governador do Rio de Janeiro Cl\u00e1udio Castro (PL) tamb\u00e9m renunciou ao mandato para disputar uma cadeira no Senado. No entanto, Castro<a href=\"https:\/\/agenciabrasil.ebc.com.br\/justica\/noticia\/2026-03\/tse-condena-claudio-castro-inelegibilidade-ate-2030\" target=\"_blank\" rel=\"noopener\"> foi condenado<\/a>, no m\u00eas passado, \u00e0 inelegibilidade at\u00e9 2030 pelo Tribunal Superior Eleitoral (TSE). Dessa forma, ele dever\u00e1 disputar o cargo <em>sub judice<\/em>.<\/p>\n<h2>Reelei\u00e7\u00e3o<\/h2>\n<p><strong>Nove governadores v\u00e3o disputar a reelei\u00e7\u00e3o e podem continuar nos cargos<\/strong>:\u00a0Cl\u00e9cio Lu\u00eds (Uni\u00e3o-AP); Jer\u00f4nimo Rodrigues (PT-BA); Elmano de Freitas (PT-CE); Eduardo Riedel (PP-MS); Raquel Lyra (PSD-PE); Rafael Fonteles (PT-PI); Jorginho Mello (PL-SC); Tarc\u00edsio de Freitas (Republicanos-SP) e F\u00e1bio Mitidieri (PSD-SE).<\/p>\n<p>De acordo com a legisla\u00e7\u00e3o eleitoral, <strong>pol\u00edticos n\u00e3o precisam deixar os cargos no Poder Executivo se pretendem disputar o segundo mandato.<\/strong><\/p>\n<h2>Ficam no governo<\/h2>\n<p><strong>Sete govenadores decidiram completar o mandato e n\u00e3o renunciaram para disputar algum cargo nas elei\u00e7\u00f5es. <\/strong>Eles j\u00e1 cumpriram dois mandatos consecutivos. S\u00e3o eles:\u00a0Paulo Dantas (MDB-AL); Carlos Brand\u00e3o (Sem partido-MA); Ratinho Junior (PSD-PR); F\u00e1tima Bezerra (PT-RN); Eduardo Leite (PSD-RS), Marcos Rocha (PSD-RO) e\u00a0Wanderlei Barbosa (Republicanos-TO).<\/p>\n<h2>Elei\u00e7\u00f5es<\/h2>\n<p><strong>O primeiro turno das elei\u00e7\u00f5es ser\u00e1 em\u00a04 de outubro, quando 155 milh\u00f5es de eleitores estar\u00e3o aptos a elegerem o presidente da Rep\u00fablica, o vice-presidente, governadores e deputados estaduais, federais e distritais.<\/strong><\/p>\n<p><strong>O segundo turno poder\u00e1 realizado, no dia 25 de outubro<\/strong>, para os cargos de presidente e govenador se nenhum dos candidatos obtiver mais da metade dos votos v\u00e1lidos, que excluem os brancos e nulos, no primeiro turno.<\/p>\n","protected":false},"excerpt":{"rendered":"<p>Primeiro turno das elei\u00e7\u00f5es ser\u00e1 em\u00a04 de outubro<\/p>\n","protected":false},"author":1,"featured_media":0,"comment_status":"closed","ping_status":"open","sticky":false,"template":"","format":"standard","meta":{"_exactmetrics_skip_tracking":false,"_exactmetrics_sitenote_active":false,"_exactmetrics_sitenote_note":"","_exactmetrics_sitenote_category":0,"jetpack_post_was_ever_published":false,"_jetpack_newsletter_access":"","_jetpack_dont_email_post_to_subs":false,"_jetpack_newsletter_tier_id":0,"_jetpack_memberships_contains_paywalled_content":false,"_jetpack_memberships_contains_paid_content":false,"footnotes":"","jetpack_publicize_message":"","jetpack_publicize_feature_enabled":true,"jetpack_social_post_already_shared":true,"jetpack_social_options":{"image_generator_settings":{"template":"highway","enabled":false},"version":2}},"categories":[1],"tags":[],"class_list":["post-38629","post","type-post","status-publish","format-standard","hentry","category-notas"],"jetpack_publicize_connections":[],"jetpack_sharing_enabled":true,"jetpack_featured_media_url":"","jetpack_shortlink":"https:\/\/wp.me\/p7wKYW-a33","jetpack-related-posts":[],"_links":{"self":[{"href":"http:\/\/blogdalucianaoliveira.com.br\/blog\/wp-json\/wp\/v2\/posts\/38629","targetHints":{"allow":["GET"]}}],"collection":[{"href":"http:\/\/blogdalucianaoliveira.com.br\/blog\/wp-json\/wp\/v2\/posts"}],"about":[{"href":"http:\/\/blogdalucianaoliveira.com.br\/blog\/wp-json\/wp\/v2\/types\/post"}],"author":[{"embeddable":true,"href":"http:\/\/blogdalucianaoliveira.com.br\/blog\/wp-json\/wp\/v2\/users\/1"}],"replies":[{"embeddable":true,"href":"http:\/\/blogdalucianaoliveira.com.br\/blog\/wp-json\/wp\/v2\/comments?post=38629"}],"version-history":[{"count":1,"href":"http:\/\/blogdalucianaoliveira.com.br\/blog\/wp-json\/wp\/v2\/posts\/38629\/revisions"}],"predecessor-version":[{"id":38631,"href":"http:\/\/blogdalucianaoliveira.com.br\/blog\/wp-json\/wp\/v2\/posts\/38629\/revisions\/38631"}],"wp:attachment":[{"href":"http:\/\/blogdalucianaoliveira.com.br\/blog\/wp-json\/wp\/v2\/media?parent=38629"}],"wp:term":[{"taxonomy":"category","embeddable":true,"href":"http:\/\/blogdalucianaoliveira.com.br\/blog\/wp-json\/wp\/v2\/categories?post=38629"},{"taxonomy":"post_tag","embeddable":true,"href":"http:\/\/blogdalucianaoliveira.com.br\/blog\/wp-json\/wp\/v2\/tags?post=38629"}],"curies":[{"name":"wp","href":"https:\/\/api.w.org\/{rel}","templated":true}]}}